{"id":99555,"date":"2025-05-14T14:28:11","date_gmt":"2025-05-14T14:28:11","guid":{"rendered":"https:\/\/www.europesays.com\/fr\/99555\/"},"modified":"2025-05-14T14:28:11","modified_gmt":"2025-05-14T14:28:11","slug":"avant-premiere-plus-belle-la-vie-encore-plus-belle-du-vendredi-16-mai-2025-episode-334-tf1","status":"publish","type":"post","link":"https:\/\/www.europesays.com\/fr\/99555\/","title":{"rendered":"Avant-premi\u00e8re &#8211; Plus belle la vie, encore plus belle du vendredi 16 mai 2025 &#8211; Episode 334 &#8211; TF1+"},"content":{"rendered":"<ol>\n<li><a href=\"https:\/\/news.google.com\/rss\/articles\/CBMi4gFBVV95cUxNWnA2U29pRktsY3lEMklRR1N2NnhMWTY3aVg5YXdLODFnMVlmOFBTbEtHSzZ5dC1DMjFOQndJdEdxeGJ2cWdRWHE2Y3NhVDVMQVF0UV9mLU1Sd3g0dXB6T1JRNFlGVXBYRnE1YzFYbU9ieEdUMmY1ZlpVQ1lWbUM4Rnl3OU5WUEFrcGh2ZzBjX0VPSUlLbEtxV0JxcUFfR0N4NEVzNVhRejZHUS1pbGpEaTRWMGVMbmI4aXEzWG9hVWx2MFlFSS1yNGw3Ym9EbkxUM3J0MTN0Y3dROHo1Q3ZZMnd3?oc=5\" target=\"_blank\" rel=\"noopener\">Avant-premi\u00e8re &#8211; Plus belle la vie, encore plus belle du vendredi 16 mai 2025 &#8211; Episode 334<\/a>&nbsp;&nbsp;TF1+<\/li>\n<li><a href=\"https:\/\/news.google.com\/rss\/articles\/CBMizAJBVV95cUxObjhKUkpURkVFTWpVN2R1aXZXY3M2b1liM1J6YnZFbEtzak9ZTHVOZGR0MkpXc21OZy1JNDR6WFdKdGxxOWlmX01oZUZsU2Z5MGI2VDZSUEY2RDAzZUdxVXRQTTRrUDBlbFl6YUtTWC1qUnY5Yzk2ak1ucms4c3BtMnFHN3Zra1UxWnFua3ZkZ3ZDdGNXY0hVSHVCMXhVWHRKa1NZM3o3ZmowcVBHY1lpSERJbm9oRl9DZW1nTDl1TW1XejdLZlE3cGlsNjhzTnZqcGJFdWNUZWZkRmNOaXJiWHRDal9tMFVOOEJGMDhkVGk2Q3FGd3l3TzBFandRcmtkbndCNG16VGFSbU5jN0V2bGRHWmlYdGEwd3FkOVJKMlc0T0pMbTI5aXB3bUhIQUlycEhBQl9lbWlBZnJ1R1pOcmNQM2JEazlCbHJBSA?oc=5\" target=\"_blank\" rel=\"noopener\">Plus belle la vie en avance : S\u00e9bastien fait chanter Steve pour obtenir son rein, Ariane est mise \u00e0 mal par le nouveau procureur&#8230; Le r\u00e9sum\u00e9 de l&rsquo;\u00e9pisode 332 du mercredi 14 mai 2025<\/a>&nbsp;&nbsp;programme-tv.net<\/li>\n<li><a href=\"https:\/\/news.google.com\/rss\/articles\/CBMiggJBVV95cUxOd09URjh5YTdvdFFEeV9KVkRGeVVQSVFZVWtSY1JoTzJ6SFZBV1JTUkh6NExMc1BoZWxRVEZsN3dsbFY1eG0wbzdFcnNDY1R1SGppMldid0lrTWUzOUVna0p6SXBWaE9MSnhOSkdRcll4b0JuNHBnR0FtdFI2S3U1NzBya0dLZTIxS0RhaWZyNjBtWkhXc3Jia3JmOXRfWTh6ZkdWNENnQ20xS2p5S2FuQW1ya0dGb3BCdWxiZndsMVdkUzV6d1hIYS1ZX3YydGdqTGVfRjZoaHc5Tzc3b0VPcHpMbXh4MW5xODNVNXBfUmw4NmFDR2l4M1NrX29MTmJvbVE?oc=5\" target=\"_blank\" rel=\"noopener\">Plus Belle La Vie, Encore Plus Belle : \u00ab\u00a0Son pronostic vital est engag\u00e9\u2026\u00a0\u00bb Le r\u00e9sum\u00e9 du 15 mai (SPOILERS)<\/a>&nbsp;&nbsp;T\u00e9l\u00e9 7 Jours<\/li>\n<li><a href=\"https:\/\/news.google.com\/rss\/articles\/CBMi-AFBVV95cUxQX2tPb3NPQmN5U2I2WTRqSkQ3Wl9IVWF3U214STUwc0JPNU90Q3c0d0NSUlFhOUc1d2QxU3FuaWpzdU9QRnN6bmRzUHZYcG42V05PdF81cTF1ekF3TzJSMllsUElYMzBJam85WFdwUzRhanRpNEV3Z0hDQXdoWm9USUJhQlBrTVljY0JDREd3dXN2dHRlVWNtMWpQMlVvUmtzN2d4N0J0WTRMTWlnOW5tZTJqcHlqN1pWTjdvazBnaVRKTnZHbUtfZmtoRllEcFJ0UFh5Y0JDWG1Ea1prUElFLWFqZjlsTHU1QXJsN25jbmxsc2hsdFVhSg?oc=5\" target=\"_blank\" rel=\"noopener\">Steve entre la vie et la mort : son op\u00e9ration tourne au drame &#8211; Plus belle la vie 15 mai 2025 (\u00e9pisode 333 &#8211; r\u00e9sum\u00e9 complet PBLV)<\/a>&nbsp;&nbsp;Nouveaut\u00e9s-T\u00e9l\u00e9.com<\/li>\n<li><a href=\"https:\/\/news.google.com\/rss\/articles\/CBMifkFVX3lxTE9rSTVuS0F5QTNpZkI5RUw4NTRSQk96RjN4QV96X0VpOHhKR29PQlBsek1Hd1pkM25Ed2FDandFWHRwRW1VdUpHaE1SblhZV252bGNvQ292TDRid3ZZd0YyN1RobW95bWhXMEFBclVaUndacTREV29LeHNMZVRUUQ?oc=5\" target=\"_blank\" rel=\"noopener\">Plus belle la vie : apr\u00e8s avoir d\u00e9couvert la v\u00e9rit\u00e9 sur sa demi-s\u0153ur, Steve va-t-il enfin croire ses proches ?<\/a>&nbsp;&nbsp;AlloCin\u00e9<\/li>\n<\/ol>\n","protected":false},"excerpt":{"rendered":"Avant-premi\u00e8re &#8211; Plus belle la vie, encore plus belle du vendredi 16 mai 2025 &#8211; Episode 334&nbsp;&nbsp;TF1+ Plus&hellip;\n","protected":false},"author":2,"featured_media":99556,"comment_status":"","ping_status":"","sticky":false,"template":"","format":"standard","meta":{"footnotes":""},"categories":[1356],"tags":[58,1367,1369,59,1365,1366,1011,27,1368,1371,252,1364,1372,1370],"class_list":{"0":"post-99555","1":"post","2":"type-post","3":"status-publish","4":"format-standard","5":"has-post-thumbnail","7":"category-television","8":"tag-divertissement","9":"tag-encore-plus-belle","10":"tag-encore-plus-belle-episode","11":"tag-entertainment","12":"tag-episode","13":"tag-episode-plus-belle-la-vie","14":"tag-fr","15":"tag-france","16":"tag-plus-belle-la-vie","17":"tag-streaming-plus-belle-la-vie","18":"tag-television","19":"tag-tv","20":"tag-video-en-streaming-plus-belle-la-vie","21":"tag-video-plus-belle-la-vie"},"share_on_mastodon":{"url":"https:\/\/pubeurope.com\/@fr\/114506662230042799","error":""},"_links":{"self":[{"href":"https:\/\/www.europesays.com\/fr\/wp-json\/wp\/v2\/posts\/99555","targetHints":{"allow":["GET"]}}],"collection":[{"href":"https:\/\/www.europesays.com\/fr\/wp-json\/wp\/v2\/posts"}],"about":[{"href":"https:\/\/www.europesays.com\/fr\/wp-json\/wp\/v2\/types\/post"}],"author":[{"embeddable":true,"href":"https:\/\/www.europesays.com\/fr\/wp-json\/wp\/v2\/users\/2"}],"replies":[{"embeddable":true,"href":"https:\/\/www.europesays.com\/fr\/wp-json\/wp\/v2\/comments?post=99555"}],"version-history":[{"count":0,"href":"https:\/\/www.europesays.com\/fr\/wp-json\/wp\/v2\/posts\/99555\/revisions"}],"wp:featuredmedia":[{"embeddable":true,"href":"https:\/\/www.europesays.com\/fr\/wp-json\/wp\/v2\/media\/99556"}],"wp:attachment":[{"href":"https:\/\/www.europesays.com\/fr\/wp-json\/wp\/v2\/media?parent=99555"}],"wp:term":[{"taxonomy":"category","embeddable":true,"href":"https:\/\/www.europesays.com\/fr\/wp-json\/wp\/v2\/categories?post=99555"},{"taxonomy":"post_tag","embeddable":true,"href":"https:\/\/www.europesays.com\/fr\/wp-json\/wp\/v2\/tags?post=99555"}],"curies":[{"name":"wp","href":"https:\/\/api.w.org\/{rel}","templated":true}]}}