{"id":99560,"date":"2025-05-14T14:31:07","date_gmt":"2025-05-14T14:31:07","guid":{"rendered":"https:\/\/www.europesays.com\/fr\/99560\/"},"modified":"2025-05-14T14:31:07","modified_gmt":"2025-05-14T14:31:07","slug":"chikungunya-35-deces-en-cours-dinvestigation-et-1-556-nouveaux-cas","status":"publish","type":"post","link":"https:\/\/www.europesays.com\/fr\/99560\/","title":{"rendered":"Chikungunya\u00a0: 35 d\u00e9c\u00e8s en cours d\u2019investigation et 1 556 nouveaux cas"},"content":{"rendered":"<p>Depuis le d\u00e9but de l\u2019ann\u00e9e 2025, ce sont plus de 49 400 cas confirm\u00e9s de chikungunya autochtones qui ont \u00e9t\u00e9 signal\u00e9s \u00e0 la R\u00e9union.<\/p>\n<p>Depuis le d\u00e9but de l\u2019ann\u00e9e, 12 d\u00e9c\u00e8s survenus entre les semaines 11 et 17 ont \u00e9t\u00e9 class\u00e9s comme li\u00e9s au chikungunya (10 directement et 2 indirectement li\u00e9s) par le comit\u00e9 en charge de l\u2019\u00e9valuation de l\u2019imputabilit\u00e9. Ces d\u00e9c\u00e8s sont survenus chez des personnes de plus 70 ans (min-max\u00a0: 71-95 ans) porteuses de comorbidit\u00e9s (pathologies chroniques essentiellement).<\/p>\n<p>Trente-cinq autres d\u00e9c\u00e8s sont actuellement en cours d\u2019investigation (principalement des sujets \u00e2g\u00e9s et comorbides) quant \u00e0 l\u2019imputabilit\u00e9 du chikungunya dont un d\u00e9c\u00e8s n\u00e9onatal. Ces d\u00e9c\u00e8s sont susceptibles de ne pas appara\u00eetre dans le bilan final, si l\u2019investigation conclut \u00e0 une absence de lien avec le chikungunya et d\u2019autres pourront \u00eatre d\u00e9clar\u00e9s ult\u00e9rieurement.<\/p>\n<p>En semaine 18, 1 556 nouveaux cas confirm\u00e9s signal\u00e9s contre 3 338 en S17.<\/p>\n<p>Depuis la S17, une baisse des indicateurs de surveillance en m\u00e9decine de ville comme dans les diff\u00e9rents services d\u2019urgences est objectiv\u00e9e. Cependant l\u2019activit\u00e9 en m\u00e9decine de ville \u00e9tait estim\u00e9e \u00e0 10% et la part du chikungunya dans l\u2019activit\u00e9 globale des urgences se situait encore pr\u00e8s des 5%.<\/p>\n<p>La diminution des cas confirm\u00e9s biologiquement se poursuit depuis la S13. Cependant, pr\u00e8s de 1 600 survenus en S18 ont \u00e9t\u00e9 confirm\u00e9s, dans un contexte o\u00f9 les cas ne sont plus syst\u00e9matiquement confirm\u00e9s biologiquement.<\/p>\n","protected":false},"excerpt":{"rendered":"Depuis le d\u00e9but de l\u2019ann\u00e9e 2025, ce sont plus de 49 400 cas confirm\u00e9s de chikungunya autochtones qui&hellip;\n","protected":false},"author":2,"featured_media":99561,"comment_status":"","ping_status":"","sticky":false,"template":"","format":"standard","meta":{"footnotes":""},"categories":[10],"tags":[47,6443,1011,27,72,6335,1922,6336,7224,71,104],"class_list":{"0":"post-99560","1":"post","2":"type-post","3":"status-publish","4":"format-standard","5":"has-post-thumbnail","7":"category-sante","8":"tag-actualite","9":"tag-chikungunya","10":"tag-fr","11":"tag-france","12":"tag-health","13":"tag-home-page","14":"tag-info","15":"tag-la-reunion","16":"tag-newsletter-soir","17":"tag-sante","18":"tag-societe"},"share_on_mastodon":{"url":"https:\/\/pubeurope.com\/@fr\/114506674008253094","error":""},"_links":{"self":[{"href":"https:\/\/www.europesays.com\/fr\/wp-json\/wp\/v2\/posts\/99560","targetHints":{"allow":["GET"]}}],"collection":[{"href":"https:\/\/www.europesays.com\/fr\/wp-json\/wp\/v2\/posts"}],"about":[{"href":"https:\/\/www.europesays.com\/fr\/wp-json\/wp\/v2\/types\/post"}],"author":[{"embeddable":true,"href":"https:\/\/www.europesays.com\/fr\/wp-json\/wp\/v2\/users\/2"}],"replies":[{"embeddable":true,"href":"https:\/\/www.europesays.com\/fr\/wp-json\/wp\/v2\/comments?post=99560"}],"version-history":[{"count":0,"href":"https:\/\/www.europesays.com\/fr\/wp-json\/wp\/v2\/posts\/99560\/revisions"}],"wp:featuredmedia":[{"embeddable":true,"href":"https:\/\/www.europesays.com\/fr\/wp-json\/wp\/v2\/media\/99561"}],"wp:attachment":[{"href":"https:\/\/www.europesays.com\/fr\/wp-json\/wp\/v2\/media?parent=99560"}],"wp:term":[{"taxonomy":"category","embeddable":true,"href":"https:\/\/www.europesays.com\/fr\/wp-json\/wp\/v2\/categories?post=99560"},{"taxonomy":"post_tag","embeddable":true,"href":"https:\/\/www.europesays.com\/fr\/wp-json\/wp\/v2\/tags?post=99560"}],"curies":[{"name":"wp","href":"https:\/\/api.w.org\/{rel}","templated":true}]}}