{"id":995649,"date":"2026-06-12T16:44:16","date_gmt":"2026-06-12T16:44:16","guid":{"rendered":"https:\/\/www.europesays.com\/fr\/995649\/"},"modified":"2026-06-12T16:44:16","modified_gmt":"2026-06-12T16:44:16","slug":"starmer-voit-sa-position-politique-minee-par-le-depart-de-son-ministre-de-la-defense","status":"publish","type":"post","link":"https:\/\/www.europesays.com\/fr\/995649\/","title":{"rendered":"Starmer voit sa position politique min\u00e9e par le d\u00e9part de son ministre de la D\u00e9fense"},"content":{"rendered":"<p>Le premier ministre britannique, Keir Starmer, a promis vendredi de se battre pour rester au pouvoir apr\u00e8s la d\u00e9mission soudaine du secr\u00e9taire d\u2019\u00c9tat \u00e0 la D\u00e9fense, qui avait toute sa confiance, affaiblissant son leadership d\u00e9j\u00e0 fragile.<\/p>\n<p>Tandis que les \u00e9lus du Parti travailliste se r\u00e9voltent et que ses rivaux complotent, M.\u00a0Starmer a vu partir plusieurs ministres dans les derni\u00e8res semaines, d\u00e9l\u00e9gu\u00e9s et de haut rang, tous d\u00e9sempar\u00e9s par l\u2019impopularit\u00e9 persistante du gouvernement. <\/p>\n<p>Mais le d\u00e9part soudain du secr\u00e9taire \u00e0 la D\u00e9fense, John Healey, est un coup dur pout le premier ministre. M.\u00a0Healey a d\u00e9missionn\u00e9 jeudi, en pr\u00e9venant que le gouvernement n\u2019accordait pas suffisamment de moyens \u00e0 l\u2019arm\u00e9e pour assurer la s\u00e9curit\u00e9 de la Grande-Bretagne \u00aben cette p\u00e9riode de menaces croissantes\u00bb.<\/p>\n<p>Son d\u00e9part blesse M.\u00a0Starmer l\u00e0 o\u00f9 le premier ministre a toujours \u00e9t\u00e9 le moins vuln\u00e9rable: sur la sc\u00e8ne internationale. <\/p>\n<p>Depuis son \u00e9crasante victoire en juillet\u00a02024, M.\u00a0Starmer a renforc\u00e9 l\u2019appui \u00e0 l\u2019Ukraine, collaborant avec le pr\u00e9sident fran\u00e7ais, Emmanuel Macron, sur une \u00abcoalition des volontaires\u00bb multinationale, visant \u00e0 garantir la s\u00e9curit\u00e9 de l\u2019Ukraine advenant un cessez-le-feu. <\/p>\n<p>La France et le Royaume-Uni ont \u00e9galement mis sur pied une force de s\u00e9curit\u00e9 maritime qui contribuerait \u00e0 maintenir le d\u00e9troit d\u2019Ormuz ouvert \u00e0 la navigation si la guerre avec l\u2019Iran prend fin.<\/p>\n<p>M.\u00a0Starmer a fermement fait valoir que les nations europ\u00e9ennes doivent faire davantage pour financer leur propre d\u00e9fense, en r\u00e9ponse aux critiques du pr\u00e9sident Donald Trump \u00e0 l\u2019\u00e9gard des alli\u00e9s des \u00c9tats-Unis au sein de l\u2019OTAN.<\/p>\n<p>\u00abM.\u00a0Starmer s\u2019est toujours montr\u00e9 consistant pour avertir des risques de s\u00e9curit\u00e9 que repr\u00e9sente la Russie\u00bb, a dit Olivia O\u2019Sullivan, directrice du programme \u00abUK in the World\u00a0\u00bb au sein du groupe de r\u00e9flexion Chatham House. \u00abIl a \u00e9t\u00e9 salu\u00e9 par l\u2019opinion publique pour avoir su g\u00e9rer Trump avec sang-froid et s\u00e9r\u00e9nit\u00e9. Et, dans la lign\u00e9e des gouvernements britanniques pr\u00e9c\u00e9dents, il a \u00e9t\u00e9 un alli\u00e9 proche et constant de l\u2019Ukraine.\u00bb<\/p>\n<p>Le Plan d\u2019investissement dans la d\u00e9fense, une feuille de route du gouvernement tr\u00e8s attendue, indiquant comment le Royaume-Uni va porter ses d\u00e9penses militaires \u00e0 3,5\u00a0% du PIB d\u2019ici 2035, est mis en cause. L\u2019arm\u00e9e britannique cherche \u00e9galement \u00e0 inverser des ann\u00e9es de d\u00e9clin face \u00e0 une Russie de plus en plus affirm\u00e9e, qui a envahi son voisin, l\u2019Ukraine, en 2022, et teste de plus en plus les d\u00e9fenses des nations europ\u00e9ennes par des activit\u00e9s affich\u00e9es et secr\u00e8tes.<\/p>\n<p>M.\u00a0Healey estime que les d\u00e9penses de d\u00e9fense doivent atteindre 3\u00a0% du PIB d\u2019ici 2030. Il a d\u00e9missionn\u00e9, frustr\u00e9, apr\u00e8s que la ministre des Finances, Rachel Reeves, a refus\u00e9 de c\u00e9der sur un plan qui ne r\u00e9pond pas \u00e0 cet objectif.<\/p>\n<p>Il a cit\u00e9 une \u00e9valuation des services de renseignement britanniques selon laquelle la Russie pourrait attaquer un pays membre de l\u2019OTAN d\u00e8s 2030 et a d\u00e9clar\u00e9 qu\u2019un plan de d\u00e9penses inf\u00e9rieur aux besoins \u00abpourrait rendre le pays moins s\u00fbr\u00bb.<\/p>\n<p>Les contestataires font valoir que les d\u00e9penses militaires peuvent \u00eatre un gouffre sans fond et soulignent que les projets d\u2019acquisition d\u00e9passent r\u00e9guli\u00e8rement les d\u00e9lais et les budgets pr\u00e9vus.<\/p>\n<p>Le sous-secr\u00e9taire d\u2019\u00c9tat aux Forces arm\u00e9es, Al Carns, a d\u00e9missionn\u00e9 quelques heures apr\u00e8s M.\u00a0Healey, a dit qu\u2019il ne s\u2019agissait pas seulement de d\u00e9penser plus d\u2019argent, mais de le d\u00e9penser \u00e0 bon escient. Il a estim\u00e9 que le plan d\u2019investissement n\u2019\u00e9tait pas \u00absuffisamment transformateur\u00bb.<\/p>\n<p>\u00ab\u00a0Je veux voir un pourcentage plus \u00e9lev\u00e9 consacr\u00e9 aux syst\u00e8mes sans \u00e9quipage, \u00e0 l\u2019IA, aux donn\u00e9es \u2014 les donn\u00e9es sont la nouvelle poudre \u00e0 canon \u2014 et nous devons aller de l\u2019avant sur ce point si nous voulons gagner la prochaine guerre\u00a0\u00bb, a-t-il d\u00e9clar\u00e9 \u00e0 la BBC.<\/p>\n<p>Ces d\u00e9missions pourraient pr\u00e9cipiter la d\u00e9mission de Starmer. <\/p>\n<p>M.\u00a0Healey est loin d\u2019\u00eatre le premier \u00e0 quitter le navire. M.\u00a0Starmer a perdu plusieurs ministres, puis le secr\u00e9taire d\u2019\u00c9tat \u00e0 la Sant\u00e9, Wes Streeting, qui a d\u00e9missionn\u00e9 afin de pouvoir se pr\u00e9senter \u00e0 la direction du parti si une \u00e9lection \u00e9tait d\u00e9clench\u00e9e.<\/p>\n<p>Le maire du Grand Manchester, Andy Burnham, devrait lui aussi d\u00e9fier M.\u00a0Starmer pour la direction du parti s\u2019il est \u00e9lu au Parlement lors d\u2019une \u00e9lection extraordinaire jeudi. <\/p>\n<p>Mais le d\u00e9part de M.\u00a0Healey, longtemps consid\u00e9r\u00e9 comme un ministre loyal et sans ambitions personnelles de leadership, \u00absugg\u00e8re que la cr\u00e9dibilit\u00e9 de M.\u00a0Starmer, m\u00eame aupr\u00e8s de sa garde rapproch\u00e9e, est peut-\u00eatre en train de s\u2019effriter\u00bb, a d\u00e9clar\u00e9 Mme\u00a0O\u2019Sullivan.<\/p>\n<p>M.\u00a0Starmer a insist\u00e9 vendredi sur le fait qu\u2019il reste en poste, ajoutant que son travail consiste \u00e0 prendre des \u00abd\u00e9cisions difficiles\u00bb.<\/p>\n<p>Il a d\u00e9clar\u00e9 \u00e0 la BBC que la d\u00e9fense \u00e9tait sa \u00abpriorit\u00e9 num\u00e9ro un. Et j\u2019ai pris les d\u00e9cisions difficiles pour garantir la s\u00e9curit\u00e9 de notre pays\u00bb.<\/p>\n<p>\u00abJe ne vais pas partir. Je ne pense pas que nous devrions plonger le pays dans le chaos d\u2019une \u00e9lection \u00e0 la direction du parti\u00bb, a-t-il d\u00e9clar\u00e9. \u00abJe ne pense pas que cela devrait arriver, mais si c\u2019est le cas, alors je me battrai.\u00bb<\/p>\n<p>Danica Kirka, journaliste \u00e0 l\u2019Associated Press, a contribu\u00e9 \u00e0 cet article.<\/p>\n","protected":false},"excerpt":{"rendered":"Le premier ministre britannique, Keir Starmer, a promis vendredi de se battre pour rester au pouvoir apr\u00e8s la&hellip;\n","protected":false},"author":2,"featured_media":972678,"comment_status":"","ping_status":"","sticky":false,"template":"","format":"standard","meta":{"footnotes":"","_share_on_mastodon":"0"},"categories":[1588],"tags":[11,1777,674,11621,1854,4576,12,473,1853,1851,1850,1852],"class_list":["post-995649","post","type-post","status-publish","format-standard","has-post-thumbnail","category-royaume-uni","tag-actualites","tag-eu","tag-europe","tag-https-lactualite-com-sujet-defense","tag-https-lactualite-com-sujet-international","tag-https-lactualite-com-sujet-politique","tag-news","tag-royaume-uni","tag-royaume-uni-de-grande-bretagne-et-dirlande-du-nord","tag-uk","tag-united-kingdom","tag-united-kingdom-of-great-britain-and-northern-ireland"],"share_on_mastodon":{"url":"https:\/\/pubeurope.com\/@fr\/116738147514796316","error":""},"_links":{"self":[{"href":"https:\/\/www.europesays.com\/fr\/wp-json\/wp\/v2\/posts\/995649","targetHints":{"allow":["GET"]}}],"collection":[{"href":"https:\/\/www.europesays.com\/fr\/wp-json\/wp\/v2\/posts"}],"about":[{"href":"https:\/\/www.europesays.com\/fr\/wp-json\/wp\/v2\/types\/post"}],"author":[{"embeddable":true,"href":"https:\/\/www.europesays.com\/fr\/wp-json\/wp\/v2\/users\/2"}],"replies":[{"embeddable":true,"href":"https:\/\/www.europesays.com\/fr\/wp-json\/wp\/v2\/comments?post=995649"}],"version-history":[{"count":0,"href":"https:\/\/www.europesays.com\/fr\/wp-json\/wp\/v2\/posts\/995649\/revisions"}],"wp:featuredmedia":[{"embeddable":true,"href":"https:\/\/www.europesays.com\/fr\/wp-json\/wp\/v2\/media\/972678"}],"wp:attachment":[{"href":"https:\/\/www.europesays.com\/fr\/wp-json\/wp\/v2\/media?parent=995649"}],"wp:term":[{"taxonomy":"category","embeddable":true,"href":"https:\/\/www.europesays.com\/fr\/wp-json\/wp\/v2\/categories?post=995649"},{"taxonomy":"post_tag","embeddable":true,"href":"https:\/\/www.europesays.com\/fr\/wp-json\/wp\/v2\/tags?post=995649"}],"curies":[{"name":"wp","href":"https:\/\/api.w.org\/{rel}","templated":true}]}}