{"id":995681,"date":"2026-06-12T17:06:12","date_gmt":"2026-06-12T17:06:12","guid":{"rendered":"https:\/\/www.europesays.com\/fr\/995681\/"},"modified":"2026-06-12T17:06:12","modified_gmt":"2026-06-12T17:06:12","slug":"des-chercheurs-ont-trouve-que-cet-organe-oublie-pouvait-predire-votre-longevite-et-lia-le-confirme","status":"publish","type":"post","link":"https:\/\/www.europesays.com\/fr\/995681\/","title":{"rendered":"Des chercheurs ont trouv\u00e9 que cet organe oubli\u00e9 pouvait pr\u00e9dire votre long\u00e9vit\u00e9 et l&rsquo;IA le confirme"},"content":{"rendered":"<p>Oubli\u00e9 depuis l\u2019enfance, le thymus refait surface, discret mais potentiellement d\u00e9cisif pour notre sant\u00e9 adulte. Des chercheurs de Mass General Brigham ont mobilis\u00e9 l\u2019IA pour passer au crible des scans CT de plus de 25 000 adultes, issus notamment d\u2019un d\u00e9pistage du cancer du poumon et de la Framingham Heart Study. Objectif, traquer des signaux enfouis dans cette petite glande susceptibles de rebattre les cartes du risque, des traitements et du vieillissement. Que disent ces donn\u00e9es, analys\u00e9es par l\u2019IA et publi\u00e9es dans Nature, et pourquoi pourraient-elles peser d\u00e8s demain sur les immunoth\u00e9rapies anticanc\u00e9reuses?<\/p>\n<p>Un organe m\u00e9connu qui influence votre sant\u00e9<\/p>\n<p>On parle rarement du <strong>thymus<\/strong>, cette petite glande nich\u00e9e derri\u00e8re le sternum qui fa\u00e7onne nos cellules T. Pourtant, une \u00e9quipe de <strong>Mass General Brigham<\/strong> relance totalement l\u2019int\u00e9r\u00eat pour cet organe. \u00c0 l\u2019aide de l\u2019IA, les chercheurs montrent qu\u2019un thymus en bon \u00e9tat est associ\u00e9 \u00e0 une esp\u00e9rance de vie plus longue et \u00e0 des risques moindres de maladies graves, notamment le cancer et les probl\u00e8mes cardiovasculaires. De quoi remettre un acteur discret au c\u0153ur de la m\u00e9decine pr\u00e9ventive.<\/p>\n<p>Un gigantesque travail d\u2019analyse gr\u00e2ce \u00e0 l&rsquo;IA<\/p>\n<p>Pour y voir clair, les scientifiques ont pass\u00e9 au crible les scanners thoraciques de plus de <strong>25 000<\/strong> adultes. Ces donn\u00e9es venaient d\u2019un programme de d\u00e9pistage du cancer du poumon et de la c\u00e9l\u00e8bre <strong>Framingham Heart Study<\/strong>, qui suit la sant\u00e9 cardiaque de familles sur plusieurs g\u00e9n\u00e9rations. L\u2019IA a permis de mesurer la taille, la structure et la composition du thymus, puis de produire un score de \u201csant\u00e9 thymique\u201d.<\/p>\n<p>Ce score a r\u00e9v\u00e9l\u00e9 des tendances nettes, ind\u00e9pendantes de l\u2019\u00e2ge ou d\u2019autres facteurs. Les profils thymiques jug\u00e9s \u201csains\u201d ressortent dans presque tous les sous-groupes, ce qui sugg\u00e8re un marqueur transversal et robuste. Pour le coup, l\u2019algorithme a mis le doigt sur un indicateur que la clinique classique laissait filer.<\/p>\n<p>Des r\u00e9sultats qui font r\u00e9fl\u00e9chir<\/p>\n<p>Les chiffres frappent: un thymus en meilleure forme, c\u2019est environ <strong>50 %<\/strong> de risque en moins de mourir sur la p\u00e9riode \u00e9tudi\u00e9e. Les participants affichaient aussi une baisse d\u2019environ <strong>36 %<\/strong> du risque de d\u00e9velopper un cancer du poumon. Le signal reste solide m\u00eame apr\u00e8s ajustements statistiques, ce qui renforce la cr\u00e9dibilit\u00e9 de l\u2019association.<\/p>\n<p>Autre point marquant, la r\u00e9ponse aux <strong>immunoth\u00e9rapies<\/strong> semble meilleure quand le thymus va bien. Plus de chances de r\u00e9pondre, moins de progression, une survie am\u00e9lior\u00e9e. Au final, l\u2019organe qu\u2019on croyait peu utile apr\u00e8s l\u2019adolescence p\u00e8se encore lourd dans l\u2019efficacit\u00e9 des traitements les plus modernes.<\/p>\n<p>Un organe sous pression<\/p>\n<p>Qu\u2019est-ce qui ab\u00eeme le thymus au quotidien. Les chercheurs citent l\u2019inflammation chronique, le tabagisme et le surpoids. Ces facteurs grignoteraient la diversit\u00e9 des cellules T, cl\u00e9 pour reconna\u00eetre les menaces nouvelles et tenir les tumeurs en respect. D\u2019ailleurs, cela remet en lumi\u00e8re des leviers bien connus de sant\u00e9 publique, mais parfois oubli\u00e9s.<\/p>\n<p>R\u00e9duire le tabac, bouger davantage, mieux dormir, soigner l\u2019inflammation de fond, tout cela pourrait pr\u00e9server la \u201cr\u00e9serve immunitaire\u201d du thymus. Rien de r\u00e9volutionnaire sur le papier, mais un nouvel organe-cible pour convaincre, c\u2019est d\u00e9j\u00e0 beaucoup.<\/p>\n<p>Quelles suites pour la recherche m\u00e9dicale ?<\/p>\n<p>La prochaine \u00e9tape consiste \u00e0 valider ces r\u00e9sultats dans d\u2019autres cohortes et \u00e0 comprendre les m\u00e9canismes pr\u00e9cis. Les \u00e9quipes regardent aussi l\u2019impact d\u2019expositions radiologiques accidentelles sur la d\u00e9gradation du thymus. En tout cas, suivre cet organe pourrait devenir un r\u00e9flexe, comme on surveille d\u00e9j\u00e0 le cholest\u00e9rol ou la tension.<\/p>\n<p>Reste une question, comment int\u00e9grer ce score thymique en pratique sans surm\u00e9dicaliser. Les auteurs appellent \u00e0 des outils d\u2019imagerie et d\u2019IA standardis\u00e9s, et \u00e0 des essais pour savoir si am\u00e9liorer les facteurs de risque peut r\u00e9ellement redonner du tonus \u00e0 cet organe discret. Pour la pr\u00e9vention, la piste est prometteuse.<\/p>\n","protected":false},"excerpt":{"rendered":"Oubli\u00e9 depuis l\u2019enfance, le thymus refait surface, discret mais potentiellement d\u00e9cisif pour notre sant\u00e9 adulte. Des chercheurs de&hellip;\n","protected":false},"author":2,"featured_media":995682,"comment_status":"","ping_status":"","sticky":false,"template":"","format":"standard","meta":{"footnotes":"","_share_on_mastodon":"0"},"categories":[10],"tags":[5734,33318,7079,154,1011,27,72,2537,61939,746,71,12206],"class_list":["post-995681","post","type-post","status-publish","format-standard","has-post-thumbnail","category-sante","tag-5734","tag-cet","tag-chercheurs","tag-des","tag-fr","tag-france","tag-health","tag-ont","tag-organe","tag-que","tag-sante","tag-trouve"],"share_on_mastodon":{"url":"https:\/\/pubeurope.com\/@fr\/116738233977004932","error":""},"_links":{"self":[{"href":"https:\/\/www.europesays.com\/fr\/wp-json\/wp\/v2\/posts\/995681","targetHints":{"allow":["GET"]}}],"collection":[{"href":"https:\/\/www.europesays.com\/fr\/wp-json\/wp\/v2\/posts"}],"about":[{"href":"https:\/\/www.europesays.com\/fr\/wp-json\/wp\/v2\/types\/post"}],"author":[{"embeddable":true,"href":"https:\/\/www.europesays.com\/fr\/wp-json\/wp\/v2\/users\/2"}],"replies":[{"embeddable":true,"href":"https:\/\/www.europesays.com\/fr\/wp-json\/wp\/v2\/comments?post=995681"}],"version-history":[{"count":0,"href":"https:\/\/www.europesays.com\/fr\/wp-json\/wp\/v2\/posts\/995681\/revisions"}],"wp:featuredmedia":[{"embeddable":true,"href":"https:\/\/www.europesays.com\/fr\/wp-json\/wp\/v2\/media\/995682"}],"wp:attachment":[{"href":"https:\/\/www.europesays.com\/fr\/wp-json\/wp\/v2\/media?parent=995681"}],"wp:term":[{"taxonomy":"category","embeddable":true,"href":"https:\/\/www.europesays.com\/fr\/wp-json\/wp\/v2\/categories?post=995681"},{"taxonomy":"post_tag","embeddable":true,"href":"https:\/\/www.europesays.com\/fr\/wp-json\/wp\/v2\/tags?post=995681"}],"curies":[{"name":"wp","href":"https:\/\/api.w.org\/{rel}","templated":true}]}}