{"id":9957,"date":"2025-04-08T10:27:13","date_gmt":"2025-04-08T10:27:13","guid":{"rendered":"https:\/\/www.europesays.com\/fr\/9957\/"},"modified":"2025-04-08T10:27:13","modified_gmt":"2025-04-08T10:27:13","slug":"les-plus-grands-incendies-qui-ont-ravage-la-capitale","status":"publish","type":"post","link":"https:\/\/www.europesays.com\/fr\/9957\/","title":{"rendered":"les plus grands incendies qui ont ravag\u00e9 la capitale"},"content":{"rendered":"<p>AFP Videos &#8211; France<\/p>\n<p><a class=\"Td(n) C($inherit) LineClamp(2,45px) D(f) rapidnofollow\" data-uuid=\"55908bcc-2e33-3a5b-9b11-cef45e297714\" href=\"https:\/\/fr.news.yahoo.com\/inondations-%C3%A0-kinshasa-pr%C3%A9sident-tshisekedi-180647936.html\" data-ylk=\"elm:hdln;itc:0;pos:1;sec:strm;subsec:moreforyou;cpos:5;ct:video;g:55908bcc-2e33-3a5b-9b11-cef45e297714\" data-hosted-type=\"HOSTED\" target=\"_blank\" rel=\"noopener\">Inondations \u00e0 Kinshasa: le pr\u00e9sident Tshisekedi essuie la col\u00e8re des habitants<\/a><\/p>\n<p class=\"M(0) C($summaryColor) Fz(14px) Lh(1.43em) LineClamp(3,60px)\">\u00ab\u00a0Papa, tu as laiss\u00e9 tes enfants dans la rue\u00a0\u00bb: le pr\u00e9sident de la RDC, F\u00e9lix Tshisekedi, a subi lundi les foudres des habitants de Kinshasa d\u00e9log\u00e9s par les violentes inondations qui ont fait au moins 33 morts ces derniers jours.Des pluies diluviennes se sont abattues dans la nuit de vendredi \u00e0 samedi sur la capitale de la R\u00e9publique d\u00e9mocratique du Congo (RDC) ainsi que dans la province voisine du Kongo-Central.Dans la capitale de quelque 17 millions d&rsquo;habitants, surpeupl\u00e9e et constamment embouteill\u00e9e, l&rsquo;eau a rapidement envahi les rues de plusieurs quartiers populaires, engloutissant voitures et maisons.Environ 5.000 familles sont touch\u00e9es, a pr\u00e9cis\u00e9 lundi le ministre de la Sant\u00e9 Samuel-Roger Kamba lors d&rsquo;une conf\u00e9rence de presse. L&rsquo;arm\u00e9e a \u00e9t\u00e9 d\u00e9ploy\u00e9e notamment pour transporter les populations vers des sites d&rsquo;accueil.\u00a0\u00ab\u00a0On t&rsquo;appelle Fatshi b\u00e9ton (surnom du pr\u00e9sident\u00a0Tshisekedi, ndlr) mais tu n&rsquo;aides pas ton peuple\u00a0\u00bb, a lanc\u00e9 au chef de l&rsquo;\u00c9tat congolais\u00a0un Kinois, qui comme environ 600 autres victimes de la soudaine mont\u00e9e des eaux a trouv\u00e9 refuge sur un matelas pos\u00e9 \u00e0 m\u00eame le sol au stade Tata-Rapha\u00ebl, transform\u00e9 en centre d&rsquo;h\u00e9bergement d&rsquo;urgence.En visite aupr\u00e8s des sinistr\u00e9s avec son \u00e9pouse Denise Nyakeru, le pr\u00e9sident\u00a0Tshisekedi a\u00a0tent\u00e9 de trouver des r\u00e9ponses devant une foule qui lui demandait o\u00f9 en \u00e9taient les divers projets de \u00ab\u00a0travaux sur la voirie\u00a0\u00bb dans la capitale ou les \u00ab\u00a0probl\u00e8mes de caniveaux\u00a0\u00bb.A\u00a0Kinshasa, les pluies et des inondations font r\u00e9guli\u00e8rement des victimes. Faute d&rsquo;entretien et de r\u00e9seau ad\u00e9quat, les voies d&rsquo;\u00e9vacuation des eaux sont g\u00e9n\u00e9ralement bouch\u00e9es par des immondices.\u00a0Les habitations de fortune et les rues non goudronn\u00e9es sont particuli\u00e8rement vuln\u00e9rables aux intemp\u00e9ries dans les quartiers p\u00e9riph\u00e9riques, pauvres et dens\u00e9ment peupl\u00e9s, qui s&rsquo;\u00e9tendent sur des milliers de kilom\u00e8tres carr\u00e9s. \u00a0&#8211; \u00ab\u00a0Tout perdu\u00a0\u00bb -\u00ab\u00a0Gardez la sant\u00e9 et que le Seigneur vous prot\u00e8ge\u00a0\u00bb, a enjoint le chef de l&rsquo;\u00c9tat avant de quitter le stade sous la protection de membres de la Garde r\u00e9publicaine\u00a0charg\u00e9s de contenir tout d\u00e9bordement.\u00a0Au moins 33 personnes sont mortes dans les derni\u00e8res inondations et une cinquantaine ont \u00e9t\u00e9 hospitalis\u00e9es, a indiqu\u00e9 dimanche soir dans un communiqu\u00e9 le minist\u00e8re de l&rsquo;Int\u00e9rieur.\u00a0Lundi, les eaux qui la veille avaient submerg\u00e9 la route principale menant \u00e0 l&rsquo;a\u00e9roport que certains voyageurs ont d\u00fb rejoindre en bateau par le fleuve Congo, \u00e9taient en d\u00e9crue.\u00a0Mais d&rsquo;autres quartiers sont encore les pieds dans l&rsquo;eau: \u00ab\u00a0Nos biens ont \u00e9t\u00e9 emport\u00e9s. Depuis vendredi, il n&rsquo;y a pas \u00e0 manger, nous demandons \u00e0 l&rsquo;Etat de se soucier de nous\u00a0\u00bb, implore Micheline Ngamundele, habitante de Limete et m\u00e8re de sept enfants.\u00a0\u00bbLes d\u00e9g\u00e2ts sont \u00e9normes. Dans mon \u00e9glise, nous avons tout perdu\u00a0\u00bb, d\u00e9plore Josu\u00e9, le pasteur local. \u00ab\u00a0Je pense que beaucoup de victimes n&rsquo;ont pas encore \u00e9t\u00e9 retrouv\u00e9es, la pression de l&rsquo;eau \u00e9tait \u00e9norme\u00a0\u00bb.Selon Gulain Amani, le professeur \u00e0 l&rsquo;Institut d&rsquo;Architecture et Urbanisme de Kinshasa, le climat est en cause dans cette situation, mais aussi l&rsquo;urbanisation anarchique.\u00a0\u00ab\u00a0Kinshasa fait face \u00e0 une pression d\u00e9mographique \u00e9norme et on construit un peu partout. On n&rsquo;arrive pas \u00e0 bien g\u00e9rer les d\u00e9chets ou les questions d&rsquo;assainissement des eaux us\u00e9es\u00a0\u00bb, explique-t-il \u00e0 l&rsquo;AFP.\u00a0Le minist\u00e8re de l&rsquo;Urbanisme a appel\u00e9 dimanche dans un communiqu\u00e9 \u00e0 la \u00ab\u00a0d\u00e9molition\u00a0\u00bb de sites \u00ab\u00a0identifi\u00e9s comme anarchiques\u00a0\u00bb.\u00a0bur-cld\/emd<\/p>\n","protected":false},"excerpt":{"rendered":"AFP Videos &#8211; France Inondations \u00e0 Kinshasa: le pr\u00e9sident Tshisekedi essuie la col\u00e8re des habitants \u00ab\u00a0Papa, tu as&hellip;\n","protected":false},"author":2,"featured_media":9958,"comment_status":"","ping_status":"","sticky":false,"template":"","format":"standard","meta":{"footnotes":""},"categories":[1888],"tags":[4908,1111,1928,11,1927,1777,674,1011,27,4907,4909,12,1926,626,1925,4910,25],"class_list":{"0":"post-9957","1":"post","2":"type-post","3":"status-publish","4":"format-standard","5":"has-post-thumbnail","7":"category-paris","8":"tag-17eme-arrondissement","9":"tag-actu","10":"tag-actu-paris","11":"tag-actualites","12":"tag-actualites-paris","13":"tag-eu","14":"tag-europe","15":"tag-fr","16":"tag-france","17":"tag-lile-de-la-cite","18":"tag-la-capitale","19":"tag-news","20":"tag-news-paris","21":"tag-paris","22":"tag-paris-news","23":"tag-pont-au-change","24":"tag-republique-francaise"},"share_on_mastodon":{"url":"https:\/\/pubeurope.com\/@fr\/114301871537633802","error":""},"_links":{"self":[{"href":"https:\/\/www.europesays.com\/fr\/wp-json\/wp\/v2\/posts\/9957","targetHints":{"allow":["GET"]}}],"collection":[{"href":"https:\/\/www.europesays.com\/fr\/wp-json\/wp\/v2\/posts"}],"about":[{"href":"https:\/\/www.europesays.com\/fr\/wp-json\/wp\/v2\/types\/post"}],"author":[{"embeddable":true,"href":"https:\/\/www.europesays.com\/fr\/wp-json\/wp\/v2\/users\/2"}],"replies":[{"embeddable":true,"href":"https:\/\/www.europesays.com\/fr\/wp-json\/wp\/v2\/comments?post=9957"}],"version-history":[{"count":0,"href":"https:\/\/www.europesays.com\/fr\/wp-json\/wp\/v2\/posts\/9957\/revisions"}],"wp:featuredmedia":[{"embeddable":true,"href":"https:\/\/www.europesays.com\/fr\/wp-json\/wp\/v2\/media\/9958"}],"wp:attachment":[{"href":"https:\/\/www.europesays.com\/fr\/wp-json\/wp\/v2\/media?parent=9957"}],"wp:term":[{"taxonomy":"category","embeddable":true,"href":"https:\/\/www.europesays.com\/fr\/wp-json\/wp\/v2\/categories?post=9957"},{"taxonomy":"post_tag","embeddable":true,"href":"https:\/\/www.europesays.com\/fr\/wp-json\/wp\/v2\/tags?post=9957"}],"curies":[{"name":"wp","href":"https:\/\/api.w.org\/{rel}","templated":true}]}}