{"id":99570,"date":"2025-05-14T14:36:10","date_gmt":"2025-05-14T14:36:10","guid":{"rendered":"https:\/\/www.europesays.com\/fr\/99570\/"},"modified":"2025-05-14T14:36:10","modified_gmt":"2025-05-14T14:36:10","slug":"le-president-syrien-est-pret-a-une-normalisation-avec-israel-assure-donald-trump","status":"publish","type":"post","link":"https:\/\/www.europesays.com\/fr\/99570\/","title":{"rendered":"Le pr\u00e9sident syrien est pr\u00eat \u00e0 une normalisation avec Isra\u00ebl, assure Donald Trump"},"content":{"rendered":"<p>\u00abIls ont beaucoup de travail \u00e0 faire\u00bb, a d\u00e9clar\u00e9 le pr\u00e9sident am\u00e9ricain en marge d\u2019une visite au Qatar, alors que Damas n\u2019a pas encore \u00e9voqu\u00e9 publiquement cet engagement.<\/p>\n<p class=\"fig-paragraph\">En marge de son\u00a0<a href=\"http:\/\/www.lefigaro.fr\/international\/donald-trump-est-arrive-au-qatar-deuxieme-etape-de-sa-tournee-dans-le-golfe-20250514\" data-fig-type=\"NewsFlash\" data-gtm-custom-categorie=\"navigation\" data-gtm-custom-action=\"crossclick\" data-gtm-custom-label=\"Contextuel\" data-gtm-event=\"customEventSPE\" data-fig-domain=\"LEFIGARO\" rel=\"nofollow noopener\" target=\"_blank\">d\u00e9placement au Qatar<\/a>, le pr\u00e9sident am\u00e9ricain\u00a0<a href=\"https:\/\/www.lefigaro.fr\/tag\/donald-trump\" target=\"_blank\" rel=\"noopener nofollow\" data-gtm-custom-categorie=\"navigation\" data-gtm-custom-action=\"crossclick\" data-gtm-custom-label=\"Contextuel\" data-gtm-event=\"customEventSPE\">Donald Trump<\/a>\u00a0a assur\u00e9 mercredi 14 mai 2025 que le pr\u00e9sident syrien<a href=\"http:\/\/www.lefigaro.fr\/international\/syrie-apres-des-violences-inedites-ahmad-al-chareh-appelle-a-l-unite-20250309\" target=\"_blank\" data-fig-type=\"NewsFlash\" rel=\"noopener nofollow\" data-gtm-custom-categorie=\"navigation\" data-gtm-custom-action=\"crossclick\" data-gtm-custom-label=\"Contextuel\" data-gtm-event=\"customEventSPE\" data-fig-domain=\"LEFIGARO\">\u00a0Ahmed al-Charaa<\/a>\u00a0lui avait dit \u00eatre pr\u00eat \u00e0 acc\u00e9der \u00e0 sa demande d&rsquo;une normalisation des relations de son pays avec\u00a0<a href=\"https:\/\/www.lefigaro.fr\/tag\/israel\" target=\"_blank\" rel=\"noopener nofollow\" data-gtm-custom-categorie=\"navigation\" data-gtm-custom-action=\"crossclick\" data-gtm-custom-label=\"Contextuel\" data-gtm-event=\"customEventSPE\">Isra\u00ebl<\/a>, engagement que\u00a0<a href=\"https:\/\/www.lefigaro.fr\/tag\/damas\" target=\"_blank\" rel=\"noopener nofollow\" data-gtm-custom-categorie=\"navigation\" data-gtm-custom-action=\"crossclick\" data-gtm-custom-label=\"Contextuel\" data-gtm-event=\"customEventSPE\">Damas<\/a>\u00a0n&rsquo;a jusqu&rsquo;ici pas \u00e9voqu\u00e9 publiquement.<\/p>\n<p class=\"fig-paragraph\">Interrog\u00e9 \u00e0 ce sujet dans l&rsquo;avion qui l&#8217;emmenait \u00e0\u00a0<a href=\"http:\/\/www.lefigaro.fr\/international\/donald-trump-est-arrive-au-qatar-deuxieme-etape-de-sa-tournee-dans-le-golfe-20250514\" target=\"_blank\" data-fig-type=\"NewsFlash\" rel=\"noopener nofollow\" data-gtm-custom-categorie=\"navigation\" data-gtm-custom-action=\"crossclick\" data-gtm-custom-label=\"Contextuel\" data-gtm-event=\"customEventSPE\" data-fig-domain=\"LEFIGARO\">Doha<\/a>, le pr\u00e9sident am\u00e9ricain a d\u00e9clar\u00e9 aux journalistes: \u00abJe lui ai dit, j&rsquo;esp\u00e8re que vous rejoindrez (les accords d&rsquo;Abraham, ndlr) une fois que vous aurez r\u00e9gl\u00e9 votre situation et il m&rsquo;a dit \u201coui\u201d. Mais ils ont beaucoup de travail \u00e0 faire.\u00bb<\/p>\n<p class=\"fig-paragraph\">Plus d\u2019informations \u00e0 suivre&#8230;<\/p>\n","protected":false},"excerpt":{"rendered":"\u00abIls ont beaucoup de travail \u00e0 faire\u00bb, a d\u00e9clar\u00e9 le pr\u00e9sident am\u00e9ricain en marge d\u2019une visite au Qatar,&hellip;\n","protected":false},"author":2,"featured_media":99571,"comment_status":"","ping_status":"","sticky":false,"template":"","format":"standard","meta":{"footnotes":""},"categories":[5],"tags":[259,11,260,75,1011,27,14,261,12,262,32,28],"class_list":{"0":"post-99570","1":"post","2":"type-post","3":"status-publish","4":"format-standard","5":"has-post-thumbnail","7":"category-international","8":"tag-actualite-internationale","9":"tag-actualites","10":"tag-affaires-etrangeres","11":"tag-donald-trump","12":"tag-fr","13":"tag-france","14":"tag-international","15":"tag-ministere-des-affaires-etrangeres","16":"tag-news","17":"tag-politique-etrangere","18":"tag-syrie","19":"tag-world"},"share_on_mastodon":{"url":"https:\/\/pubeurope.com\/@fr\/114506693590335001","error":""},"_links":{"self":[{"href":"https:\/\/www.europesays.com\/fr\/wp-json\/wp\/v2\/posts\/99570","targetHints":{"allow":["GET"]}}],"collection":[{"href":"https:\/\/www.europesays.com\/fr\/wp-json\/wp\/v2\/posts"}],"about":[{"href":"https:\/\/www.europesays.com\/fr\/wp-json\/wp\/v2\/types\/post"}],"author":[{"embeddable":true,"href":"https:\/\/www.europesays.com\/fr\/wp-json\/wp\/v2\/users\/2"}],"replies":[{"embeddable":true,"href":"https:\/\/www.europesays.com\/fr\/wp-json\/wp\/v2\/comments?post=99570"}],"version-history":[{"count":0,"href":"https:\/\/www.europesays.com\/fr\/wp-json\/wp\/v2\/posts\/99570\/revisions"}],"wp:featuredmedia":[{"embeddable":true,"href":"https:\/\/www.europesays.com\/fr\/wp-json\/wp\/v2\/media\/99571"}],"wp:attachment":[{"href":"https:\/\/www.europesays.com\/fr\/wp-json\/wp\/v2\/media?parent=99570"}],"wp:term":[{"taxonomy":"category","embeddable":true,"href":"https:\/\/www.europesays.com\/fr\/wp-json\/wp\/v2\/categories?post=99570"},{"taxonomy":"post_tag","embeddable":true,"href":"https:\/\/www.europesays.com\/fr\/wp-json\/wp\/v2\/tags?post=99570"}],"curies":[{"name":"wp","href":"https:\/\/api.w.org\/{rel}","templated":true}]}}