{"id":99575,"date":"2025-05-14T14:39:10","date_gmt":"2025-05-14T14:39:10","guid":{"rendered":"https:\/\/www.europesays.com\/fr\/99575\/"},"modified":"2025-05-14T14:39:10","modified_gmt":"2025-05-14T14:39:10","slug":"loire-des-anti-militaristes-revendiquent-lincendie-qui-a-prive-3-000-foyers-delectricite-a-saint-chamond","status":"publish","type":"post","link":"https:\/\/www.europesays.com\/fr\/99575\/","title":{"rendered":"Loire. Des anti-militaristes revendiquent l\u2019incendie qui a priv\u00e9 3 000 foyers d\u2019\u00e9lectricit\u00e9 \u00e0 Saint-Chamond"},"content":{"rendered":"<p>Le secret avait \u00e9t\u00e9 bien gard\u00e9. Dans les locaux d\u2019Enedis en partie d\u00e9truits par un incendie le 6\u00a0mai dernier rue de Saint-\u00c9tienne, \u00e0 Saint-Chamond, les enqu\u00eateurs avaient retrouv\u00e9 sur les murs l\u2019inscription \u00ab\u00a0KO KNDS\u00a0\u00bb. Un message qui a rapidement mis les forces de police sur la piste d\u2019un incendie criminel. Et le communiqu\u00e9 transmis <a href=\"https:\/\/mesinfos.fr\/42400-saint-chamond\/coupure-de-courant-a-saint-chamond-un-sabotage-revendique-222279.html\" target=\"_blank\" rel=\"nofollow noopener\">\u00e0 nos confr\u00e8res de l\u2019Essor<\/a> ne fait que refermer toutes les autres hypoth\u00e8ses envisag\u00e9es.<\/p>\n<p>Dans ce document relay\u00e9 sur X (ex-Twitter) que nous avons pu consulter, des activistes de l\u2019ultra-gauche antimilitariste affirment\u00a0: \u00ab\u00a0Dans les premi\u00e8res heures du 7\u00a0mai \u00e0 Saint-Chamond, nous avons men\u00e9 une action contre un poste de transformation\u00a0\u00bb. Ses auteurs d\u00e9clarent avoir \u00ab\u00a0vis\u00e9 tout particuli\u00e8rement\u00a0\u00bb un quartier \u00ab\u00a0autrefois site de production d\u2019armes\u00a0\u00bb. Ils d\u00e9taillent en donnant des explications sur le choix de l\u2019entreprise vis\u00e9e qui \u00ab\u00a0se vante de fournir ses produits \u00e0 plus de 50 arm\u00e9es dans le monde. Son arme favorite\u00a0: le canon automoteur Caesar. Son v\u00e9hicule f\u00e9tiche, le char de combat Leopard 2\u00a0\u00bb.<\/p>\n<p>  Une filiale de KNDS en Ukraine<\/p>\n<p>Et de reprendre\u00a0: \u00ab\u00a0Au-del\u00e0 de l\u2019artillerie et des tanks, KNDS d\u00e9veloppe des robots militaires et des munitions t\u00e9l\u00e9op\u00e9r\u00e9es. En octobre\u00a02024, elle a ouvert une nouvelle filiale \u00e0 Kiev, en Ukraine, pour produire et assurer la maintenance de ses technologies meurtri\u00e8res sur leurs terrains d\u2019op\u00e9ration\u00a0\u00bb. Avant d\u2019ass\u00e9ner\u00a0: \u00ab\u00a0Pendant que quotidiennement des corps tombent, fauch\u00e9s par les \u00e9tats de l\u2019ouest et de l\u2019est, KNDS fait ses retours d\u2019exp\u00e9riences et d\u2019investissements\u00a0\u00bb.<\/p>\n<p>D\u2019apr\u00e8s le message relay\u00e9 par de multiples comptes se revendiquant de l\u2019anarchisme\u00a0: \u00ab\u00a0Cette nuit, c\u2019est un rep\u00e8re de ces marchands qu\u2019on a voulu attaquer, modestement, sans \u00e9gard pour les abjections commerciales et industrielles alentours. Voil\u00e0 ce qu\u2019on a souhait\u00e9, paradoxalement, mettre en lumi\u00e8re, en \u00e9teignant une partie de la ville\u00a0\u00bb.<\/p>\n<p>  L\u2019activit\u00e9 de KNDS a repris rapidement apr\u00e8s l\u2019incendie<\/p>\n<p>Le sinistre de la station \u00e9lectrique avait priv\u00e9 pendant plusieurs heures pr\u00e8s de 3\u00a0000 foyers \u00e0 Saint-Chamond et Sorbiers, quelques <a href=\"https:\/\/www.leprogres.fr\/faits-divers-justice\/2025\/05\/07\/coupure-d-electricite-j-ai-entendu-l-explosion-suivie-d-une-sirene-stridente\" target=\"_blank\" rel=\"nofollow noopener\">enseignes commerciales ayant \u00e9t\u00e9 impact\u00e9es<\/a>. Sollicit\u00e9e par nos soins, l\u2019entreprise vis\u00e9e n\u2019a pas souhait\u00e9 s\u2019\u00e9tendre sur le sujet. Le porte-parole de KNDS France, Gabriel Massoni, a simplement tenu \u00e0 souligner qu\u2019une enqu\u00eate est en cours. Selon lui, \u00ab\u00a0l\u2019activit\u00e9 du site a repris nominalement dans les heures ayant suivi l\u2019incendie\u00a0\u00bb.<\/p>\n<p>Cet incendie n\u2019est pas sans rappeler celui qui avait frapp\u00e9 la station \u00e9lectrique de Volvon, route de Saint-Galmier, sur la commune de Saint-Bonnet-les-Oules dans le Forez. En novembre\u00a02023, les sapeurs-pompiers lig\u00e9riens avaient d\u00fb circonscrire les flammes qui avaient pris dans un poste de relayage RTE o\u00f9 se trouvent des lignes tr\u00e8s haute tension de 225\u00a0000\u00a0et 63\u00a0000 volts. Mais pour l\u2019heure aucun lien n\u2019a \u00e9t\u00e9 \u00e9tabli entre les deux enqu\u00eates.<\/p>\n","protected":false},"excerpt":{"rendered":"Le secret avait \u00e9t\u00e9 bien gard\u00e9. Dans les locaux d\u2019Enedis en partie d\u00e9truits par un incendie le 6\u00a0mai&hellip;\n","protected":false},"author":2,"featured_media":99576,"comment_status":"","ping_status":"","sticky":false,"template":"","format":"standard","meta":{"footnotes":""},"categories":[9653],"tags":[1111,11,2430,271,272,7539,1777,674,274,107,1011,27,3367,12,25,9669,9670,4001],"class_list":{"0":"post-99575","1":"post","2":"type-post","3":"status-publish","4":"format-standard","5":"has-post-thumbnail","7":"category-saint-etienne","8":"tag-actu","9":"tag-actualites","10":"tag-auvergne-rhone-alpes","11":"tag-crime","12":"tag-delit-et-contravention","13":"tag-edition-loire-sud","14":"tag-eu","15":"tag-europe","16":"tag-faits-divers-justice","17":"tag-fil-info","18":"tag-fr","19":"tag-france","20":"tag-loire","21":"tag-news","22":"tag-republique-francaise","23":"tag-saint-chamond","24":"tag-saint-chamond-ville","25":"tag-saint-etienne"},"share_on_mastodon":{"url":"https:\/\/pubeurope.com\/@fr\/114506705450885026","error":""},"_links":{"self":[{"href":"https:\/\/www.europesays.com\/fr\/wp-json\/wp\/v2\/posts\/99575","targetHints":{"allow":["GET"]}}],"collection":[{"href":"https:\/\/www.europesays.com\/fr\/wp-json\/wp\/v2\/posts"}],"about":[{"href":"https:\/\/www.europesays.com\/fr\/wp-json\/wp\/v2\/types\/post"}],"author":[{"embeddable":true,"href":"https:\/\/www.europesays.com\/fr\/wp-json\/wp\/v2\/users\/2"}],"replies":[{"embeddable":true,"href":"https:\/\/www.europesays.com\/fr\/wp-json\/wp\/v2\/comments?post=99575"}],"version-history":[{"count":0,"href":"https:\/\/www.europesays.com\/fr\/wp-json\/wp\/v2\/posts\/99575\/revisions"}],"wp:featuredmedia":[{"embeddable":true,"href":"https:\/\/www.europesays.com\/fr\/wp-json\/wp\/v2\/media\/99576"}],"wp:attachment":[{"href":"https:\/\/www.europesays.com\/fr\/wp-json\/wp\/v2\/media?parent=99575"}],"wp:term":[{"taxonomy":"category","embeddable":true,"href":"https:\/\/www.europesays.com\/fr\/wp-json\/wp\/v2\/categories?post=99575"},{"taxonomy":"post_tag","embeddable":true,"href":"https:\/\/www.europesays.com\/fr\/wp-json\/wp\/v2\/tags?post=99575"}],"curies":[{"name":"wp","href":"https:\/\/api.w.org\/{rel}","templated":true}]}}