{"id":99579,"date":"2025-05-14T14:41:10","date_gmt":"2025-05-14T14:41:10","guid":{"rendered":"https:\/\/www.europesays.com\/fr\/99579\/"},"modified":"2025-05-14T14:41:10","modified_gmt":"2025-05-14T14:41:10","slug":"des-policiers-foncent-au-milieu-de-la-fumee-secourir-les-riverains","status":"publish","type":"post","link":"https:\/\/www.europesays.com\/fr\/99579\/","title":{"rendered":"des policiers foncent au milieu de la fum\u00e9e secourir les riverains"},"content":{"rendered":"<p>\u00ab\u00a0Je ne ferais pas \u00e7a tous les jours\u2026 mais l\u00e0, j\u2019ai vraiment eu l\u2019impression de servir \u00e0 quelque chose\u00a0!\u00a0\u00bb Grand sourire. Geoffrey a beau \u00eatre brigadier-chef et avoir 15 ans de police dans les pattes, il affiche un sourire de gamin. Le m\u00eame d\u2019ailleurs que jeune coll\u00e8gue Jules, \u00e9l\u00e8ve gardien de la paix. Ce qui met en joie ces deux policiers nanc\u00e9iens\u00a0? Une promotion\u00a0? Une augmentation\u00a0? Non. Une intervention un brin risqu\u00e9e.<\/p>\n<p>C\u2019\u00e9tait il y a quelques jours, le 9\u00a0mai. \u00c0 1\u00a0h\u00a030 du matin, ils sont envoy\u00e9s avec un autre coll\u00e8gue gardien de la paix sur une fuite de gaz, rue Pierre-Villard. Ils sont les premiers policiers \u00e0 arriver, et les pompiers sont d\u00e9j\u00e0 l\u00e0. Ils sont en train de s\u2019\u00e9quiper et d\u2019appeler du renfort, car il ne s\u2019agit pas d\u2019une banale alerte au gaz. Un incendie s\u2019est d\u00e9clar\u00e9 dans le parking sous-terrain d\u2019une r\u00e9sidence. Une dizaine de voitures sont en&#8230;<\/p>\n","protected":false},"excerpt":{"rendered":"\u00ab\u00a0Je ne ferais pas \u00e7a tous les jours\u2026 mais l\u00e0, j\u2019ai vraiment eu l\u2019impression de servir \u00e0 quelque&hellip;\n","protected":false},"author":2,"featured_media":99580,"comment_status":"","ping_status":"","sticky":false,"template":"","format":"standard","meta":{"footnotes":""},"categories":[9635],"tags":[1111,11,271,272,1704,1777,674,274,1011,27,775,3457,1702,1703,12,25],"class_list":{"0":"post-99579","1":"post","2":"type-post","3":"status-publish","4":"format-standard","5":"has-post-thumbnail","7":"category-nancy","8":"tag-actu","9":"tag-actualites","10":"tag-crime","11":"tag-delit-et-contravention","12":"tag-edition-nancy-et-agglomeration","13":"tag-eu","14":"tag-europe","15":"tag-faits-divers-justice","16":"tag-fr","17":"tag-france","18":"tag-grand-est","19":"tag-meurthe-et-moselle","20":"tag-nancy","21":"tag-nancy-ville-54b","22":"tag-news","23":"tag-republique-francaise"},"share_on_mastodon":{"url":"https:\/\/pubeurope.com\/@fr\/114506713254429156","error":""},"_links":{"self":[{"href":"https:\/\/www.europesays.com\/fr\/wp-json\/wp\/v2\/posts\/99579","targetHints":{"allow":["GET"]}}],"collection":[{"href":"https:\/\/www.europesays.com\/fr\/wp-json\/wp\/v2\/posts"}],"about":[{"href":"https:\/\/www.europesays.com\/fr\/wp-json\/wp\/v2\/types\/post"}],"author":[{"embeddable":true,"href":"https:\/\/www.europesays.com\/fr\/wp-json\/wp\/v2\/users\/2"}],"replies":[{"embeddable":true,"href":"https:\/\/www.europesays.com\/fr\/wp-json\/wp\/v2\/comments?post=99579"}],"version-history":[{"count":0,"href":"https:\/\/www.europesays.com\/fr\/wp-json\/wp\/v2\/posts\/99579\/revisions"}],"wp:featuredmedia":[{"embeddable":true,"href":"https:\/\/www.europesays.com\/fr\/wp-json\/wp\/v2\/media\/99580"}],"wp:attachment":[{"href":"https:\/\/www.europesays.com\/fr\/wp-json\/wp\/v2\/media?parent=99579"}],"wp:term":[{"taxonomy":"category","embeddable":true,"href":"https:\/\/www.europesays.com\/fr\/wp-json\/wp\/v2\/categories?post=99579"},{"taxonomy":"post_tag","embeddable":true,"href":"https:\/\/www.europesays.com\/fr\/wp-json\/wp\/v2\/tags?post=99579"}],"curies":[{"name":"wp","href":"https:\/\/api.w.org\/{rel}","templated":true}]}}