{"id":9959,"date":"2025-04-08T10:28:10","date_gmt":"2025-04-08T10:28:10","guid":{"rendered":"https:\/\/www.europesays.com\/fr\/9959\/"},"modified":"2025-04-08T10:28:10","modified_gmt":"2025-04-08T10:28:10","slug":"un-choix-personnel-pourquoi-cet-elu-du-conseil-de-paris-a-refuse-de-toucher-pres-de-250-000-euros","status":"publish","type":"post","link":"https:\/\/www.europesays.com\/fr\/9959\/","title":{"rendered":"\u00ab\u00a0Un choix personnel\u00a0\u00bb\u00a0: pourquoi cet \u00e9lu du Conseil de Paris a refus\u00e9 de toucher pr\u00e8s de 250\u00a0000\u00a0euros"},"content":{"rendered":"<p class=\"paragraph text_align_left\">Lorsque l\u2019\u00e9lu <a href=\"https:\/\/www.leparisien.fr\/futurs\/qui-imagine-en-faisant-une-vinaigrette-quelle-contient-un-hydrocarbure-un-depute-veut-interdire-lhexane-07-04-2025-AFZPME6RVBB7ZDXUMLBQYYYRY4.php\" target=\"_blank\" rel=\"nofollow noopener\">MoDem<\/a> prend la parole en s\u00e9ance du Conseil de Paris, dont les travaux reprennent ce mardi 8 avril, c\u2019est pour parler <a href=\"https:\/\/www.leparisien.fr\/paris-75\/conseil-de-paris-les-nouveaux-elus-signent-le-code-de-deontologie-de-la-ville-02-07-2020-8346252.php\" target=\"_blank\" rel=\"nofollow noopener\">d\u00e9ontologie<\/a>, conflits d\u2019int\u00e9r\u00eats, indemnit\u00e9s ou encore orientation budg\u00e9taire\u2026 Avec un ton tr\u00e8s mesur\u00e9, presque professoral, Pierre Casanova a fait de la bonne gestion des deniers de la Ville un de ses combats.<\/p>\n<p class=\"paragraph text_align_left\">Il est sans doute le mieux plac\u00e9 des 163 conseillers de Paris pour porter ces sujets : \u00e9lu le 28 juin 2020, cet avocat qui exerce au barreau de Paris n\u2019a jamais touch\u00e9 le moindre centime<a href=\"https:\/\/www.leparisien.fr\/politique\/une-indemnite-insuffisante-le-gouvernement-veut-une-evolution-des-remunerations-des-maires-18-08-2023-ROQYZN6ECNDCXAGWHBL23JVNYM.php\" target=\"_blank\" rel=\"nofollow noopener\"> des indemnit\u00e9s <\/a>auxquelles il aurait pu pr\u00e9tendre. Soit un peu plus de 50 000 euros brut chaque ann\u00e9e.<\/p>\n<p>\u00ab Ce n\u2019est qu\u2019un choix personnel \u00bb<\/p>\n<p class=\"paragraph text_align_left\">Pourquoi renoncer \u00e0 une telle somme, quand certains ressentent moins de scrupules \u00e0 \u00e9marger pour seulement quelques minutes de passage ? L\u2019avocat, qui n\u2019a jamais fait conna\u00eetre publiquement ce choix, estime, selon ses proches, que son activit\u00e9 de conseil lui permet de gagner suffisamment bien sa vie (NDLR, <a href=\"https:\/\/www.leparisien.fr\/paris-75\/transparence-les-declarations-d-interets-des-elus-parisiens-bientot-publiees-20-12-2020-8415295.php\" target=\"_blank\" rel=\"nofollow noopener\">sa d\u00e9claration de patrimoine <\/a>n\u2019a pas \u00e9t\u00e9 transmise \u00e0 la municipalit\u00e9).<\/p>\n<p class=\"paragraph text_align_left\">\u00ab Ce n\u2019est qu\u2019un choix personnel, pas un message politique et encore moins une le\u00e7on, fait savoir l\u2019\u00e9lu au Parisien, auquel il a r\u00e9pondu via un message transmis \u00e0 son entourage. Pierre Casanova rappelle \u00ab que l\u2019indemnisation des \u00e9lus est r\u00e9cente \u00e0 l\u2019\u00e9chelle de notre histoire et qu\u2019elle reste minoritaire \u00bb. Sur pr\u00e8s de 600 mandats \u00e9lectifs, estime l\u2019\u00e9lu, \u00ab une infime minorit\u00e9 est r\u00e9tribu\u00e9e \u00bb. \u00ab Donc rien d\u2019exceptionnel \u00bb, \u00e9vacue-t-il encore.<\/p>\n<p class=\"paragraph text_align_left\">L\u2019\u00e9lu, engag\u00e9 au sein du MoDem fond\u00e9 par <a href=\"https:\/\/www.leparisien.fr\/politique\/francois-bayrou-ceux-qui-choisiraient-linstabilite-et-le-desordre-nuiraient-gravement-a-notre-pays-05-04-2025-LM67JAL7OJDIPN2VZSKG2FVYKU.php\" target=\"_blank\" rel=\"nofollow noopener\">Fran\u00e7ois Bayrou<\/a>, souligne \u00ab au passage \u00bb que l\u2019actuel Premier ministre avait renonc\u00e9, quand il \u00e9tait <a href=\"https:\/\/www.leparisien.fr\/economie\/nomination-de-francois-bayrou-comme-haut-commissaire-au-plan-pas-mal-didees-mais-peu-dimpact-13-12-2024-KAJ3GWTYQNFC3PTOYG3FH6UYCY.php\" target=\"_blank\" rel=\"nofollow noopener\">commissaire g\u00e9n\u00e9ral au plan<\/a>, \u00e0 sa r\u00e9mun\u00e9ration. \u00ab Et il y a beaucoup d\u2019\u00e9lus <a href=\"https:\/\/www.leparisien.fr\/val-d-oise-95\/bezons-et-si-les-elus-reversaient-leurs-indemnites-pour-aider-les-habitants-13-04-2020-8298813.php\" target=\"_blank\" rel=\"nofollow noopener\">qui reversent leur indemnit\u00e9<\/a> \u00e0 leur parti, assure le conseiller de Paris. Cela rel\u00e8ve de la vie personnelle et pas du d\u00e9bat des id\u00e9es. \u00bb<\/p>\n<p class=\"paragraph text_align_left\">Pr\u00e9sidente du <a href=\"https:\/\/www.leparisien.fr\/paris-75\/rentree-politique-a-paris-les-centristes-font-bloc-pour-preparer-lalternance-05-09-2024-RZSSMIJWHFG77CAYQKYM5SH2CE.php\" target=\"_blank\" rel=\"nofollow noopener\">groupe MoDem et ind\u00e9pendants<\/a>, Maud Gatel assure qu\u2019elle ignorait tout du choix de son coll\u00e8gue. \u00ab Il n\u2019en avait jamais fait \u00e9tat auparavant, confie l\u2019ancienne d\u00e9put\u00e9e de Paris. C\u2019est donc tout \u00e0 son honneur : il suit ses convictions, sans pros\u00e9lytisme aucun. \u00bb<\/p>\n<p class=\"paragraph text_align_left\">Au sein du Conseil de Paris, tous ne partagent pas le m\u00eame enthousiasme. \u00ab S\u2019il fait \u00e7a, c\u2019est peut-\u00eatre aussi parce qu\u2019il ne souhaite pas d\u00e9clarer les indemnit\u00e9s de fonction per\u00e7ues, persifle un \u00e9lu d\u2019opposition qui le conna\u00eet bien. Ce que vous touchez, vous le payez. Je ne suis pas certain que les questions de morale entrent en consid\u00e9ration\u2026 \u00bb<\/p>\n","protected":false},"excerpt":{"rendered":"Lorsque l\u2019\u00e9lu MoDem prend la parole en s\u00e9ance du Conseil de Paris, dont les travaux reprennent ce mardi&hellip;\n","protected":false},"author":2,"featured_media":9960,"comment_status":"","ping_status":"","sticky":false,"template":"","format":"standard","meta":{"footnotes":""},"categories":[1888],"tags":[11,1777,674,1011,27,1944,12,626,316,25],"class_list":{"0":"post-9959","1":"post","2":"type-post","3":"status-publish","4":"format-standard","5":"has-post-thumbnail","7":"category-paris","8":"tag-actualites","9":"tag-eu","10":"tag-europe","11":"tag-fr","12":"tag-france","13":"tag-ma-ville","14":"tag-news","15":"tag-paris","16":"tag-politique","17":"tag-republique-francaise"},"share_on_mastodon":{"url":"https:\/\/pubeurope.com\/@fr\/114301875244829056","error":""},"_links":{"self":[{"href":"https:\/\/www.europesays.com\/fr\/wp-json\/wp\/v2\/posts\/9959","targetHints":{"allow":["GET"]}}],"collection":[{"href":"https:\/\/www.europesays.com\/fr\/wp-json\/wp\/v2\/posts"}],"about":[{"href":"https:\/\/www.europesays.com\/fr\/wp-json\/wp\/v2\/types\/post"}],"author":[{"embeddable":true,"href":"https:\/\/www.europesays.com\/fr\/wp-json\/wp\/v2\/users\/2"}],"replies":[{"embeddable":true,"href":"https:\/\/www.europesays.com\/fr\/wp-json\/wp\/v2\/comments?post=9959"}],"version-history":[{"count":0,"href":"https:\/\/www.europesays.com\/fr\/wp-json\/wp\/v2\/posts\/9959\/revisions"}],"wp:featuredmedia":[{"embeddable":true,"href":"https:\/\/www.europesays.com\/fr\/wp-json\/wp\/v2\/media\/9960"}],"wp:attachment":[{"href":"https:\/\/www.europesays.com\/fr\/wp-json\/wp\/v2\/media?parent=9959"}],"wp:term":[{"taxonomy":"category","embeddable":true,"href":"https:\/\/www.europesays.com\/fr\/wp-json\/wp\/v2\/categories?post=9959"},{"taxonomy":"post_tag","embeddable":true,"href":"https:\/\/www.europesays.com\/fr\/wp-json\/wp\/v2\/tags?post=9959"}],"curies":[{"name":"wp","href":"https:\/\/api.w.org\/{rel}","templated":true}]}}