{"id":99590,"date":"2025-05-14T14:47:17","date_gmt":"2025-05-14T14:47:17","guid":{"rendered":"https:\/\/www.europesays.com\/fr\/99590\/"},"modified":"2025-05-14T14:47:17","modified_gmt":"2025-05-14T14:47:17","slug":"en-images-un-impressionnant-phenomene-meteo-observe-en-seine-maritime-pendant-lorage","status":"publish","type":"post","link":"https:\/\/www.europesays.com\/fr\/99590\/","title":{"rendered":"EN IMAGES. Un impressionnant ph\u00e9nom\u00e8ne m\u00e9t\u00e9o observ\u00e9 en Seine-Maritime pendant l&rsquo;orage"},"content":{"rendered":"<p>            Par<br \/>\n        <strong><br \/>\n            <a href=\"https:\/\/actu.fr\/auteur\/adrien-filoche\" title=\"Consulter tous les articles de Adrien Filoche\" rel=\"nofollow noopener\" target=\"_blank\">Adrien Filoche<\/a><br \/>\n        <\/strong><\/p>\n<p>        Publi\u00e9 le<\/p>\n<p>            14 mai 2025 \u00e0 11h06        <\/p>\n<p><strong>Les chasseurs d\u2019orage ont eu de quoi s\u2019occuper\u2009!<\/strong> Un impressionnant ph\u00e9nom\u00e8ne m\u00e9t\u00e9orologique a \u00e9t\u00e9 observ\u00e9 <a href=\"https:\/\/actu.fr\/normandie\/seine-maritime_76\" rel=\"nofollow noopener\" target=\"_blank\">en Seine-Maritime<\/a> dans la soir\u00e9e du mardi 13\u00a0mai 2025, lors des averses orageuses qui ont touch\u00e9 le d\u00e9partement, plac\u00e9 en vigilance jaune pour l\u2019occasion.<\/p>\n<p>\u00ab\u2009Un aspect tourbillonnaire\u2009\u00bb<\/p>\n<p class=\" wall-content\">Cet \u00e9pisode a \u00e9t\u00e9 aper\u00e7u dans la soir\u00e9e sur le territoire, notamment \u00e0 <strong>Pr\u00e9aux<\/strong>, \u00e0 <strong>Mont-Saint-Aignan<\/strong> ou encore c\u00f4t\u00e9 de <strong>Blainville-Crevon<\/strong>, Selon M\u00e9t\u00e9o76, il s\u2019agit d\u2019une \u00ab\u2009mini-supercellule\u2009\u00bb, dite supercellules LT (low topped).<\/p>\n<p class=\" wall-content\">\n<p class=\" wall-content\">Interrog\u00e9 par 76actu, Guillaume S\u00e9chet, m\u00e9t\u00e9orologue et cr\u00e9ateur du site <a href=\"https:\/\/www.meteo-rouen.com\/\" rel=\"nofollow noopener\" target=\"_blank\">meteo-rouen.com<\/a>, confirme qu\u2019il y a eu \u00ab\u2009un aspect tourbillonnaire. On peut donner le nom de supercellule. C\u2019est <strong>un orage qui forme une minid\u00e9pression<\/strong>, et c\u2019est pour \u00e7a qu\u2019il y a une sorte d\u2019enroulement\u2009\u00bb, note-t-il.<\/p>\n<p>      <img   decoding=\"async\" loading=\"lazy\" src=\"https:\/\/www.europesays.com\/fr\/wp-content\/uploads\/2025\/05\/orage-supercellule-seine-maritime-meteo-2-960x640.jpg\" alt=\"Le ph\u00e9nom\u00e8ne a \u00e9t\u00e9 observ\u00e9 dans une partie de la Seine-Maritime.\" width=\"960\" height=\"640\"\/><br \/>\n    Le ph\u00e9nom\u00e8ne a \u00e9t\u00e9 observ\u00e9 dans une partie de la Seine-Maritime. (\u00a9Elise Lemoine\/Image transmise par une lectrice)<\/p>\n<p class=\" wall-content\">Par ailleurs, ce passionn\u00e9 de m\u00e9t\u00e9o confie avoir \u00e9t\u00e9 \u00ab<strong>\u2009surpris par l\u2019ampleur de ce ph\u00e9nom\u00e8ne<\/strong>. Les mod\u00e8les m\u00e9t\u00e9orologiques ne pr\u00e9voyaient pas un orage aussi vaste\u2009\u00bb.<\/p>\n<p>Un ph\u00e9nom\u00e8ne qui peut \u00eatre violent<\/p>\n<p class=\" wall-content\">Ainsi, ce ph\u00e9nom\u00e8ne, observ\u00e9 le 13\u00a0mai en Seine-Maritime, fait partie d\u2019une sous-cat\u00e9gorie des <strong>orages supercellulaires<\/strong>, qui peuvent \u00eatre les \u00e9pisodes les plus violents et les plus d\u00e9vastateurs. \u00ab\u2009Comme la plupart des orages, il se nourrit de la pr\u00e9sence d\u2019air chaud et humide dans les basses couches de l\u2019atmosph\u00e8re, qui sert de carburant principal\u2009\u00bb, \u00e9crit <a href=\"https:\/\/meteofrance.com\/actualites-et-dossiers-0\/lorage-supercellulaire-ou-supercellule\" rel=\"nofollow noopener\" target=\"_blank\">M\u00e9t\u00e9o France.<\/a><\/p>\n<p>Vid\u00e9os : en ce moment sur Actu<\/p>\n<p class=\" wall-content\">Si les \u00ab\u2009mini-supercellules\u2009\u00bb sont moins chaotiques que les v\u00e9ritables orages supercellulaires, <a href=\"https:\/\/actu.fr\/monde\/videos-les-images-effrayantes-d-une-tornade-traversant-l-indiana_59778371.html\" rel=\"nofollow noopener\" target=\"_blank\">que l\u2019on peut par exemple contempler aux \u00c9tats-Unis<\/a>, ces<strong> \u00e9pisodes m\u00e9t\u00e9orologiques<\/strong> restent malgr\u00e9 tout capables de produire localement de la gr\u00eale, de violentes rafales, et d\u2019importantes pr\u00e9cipitations.<\/p>\n<p>Suivez l\u2019actualit\u00e9 de Rouen sur <a href=\"https:\/\/www.whatsapp.com\/channel\/0029VaKfnf99hXF2ddApFB1D\" rel=\"nofollow noopener\" target=\"_blank\">notre cha\u00eene WhatsApp<\/a> et sur <a href=\"https:\/\/www.tiktok.com\/@76actu.fr?lang=fr\" rel=\"nofollow noopener\" target=\"_blank\">notre compte TikTok<\/a><\/p>\n<p class=\" wall-content\">Suivez toute l\u2019actualit\u00e9 de vos villes et m\u00e9dias favoris en vous inscrivant \u00e0 <a href=\"https:\/\/moncompte.actu.fr\" title=\"D\u00e9couvez Mon Actu\" rel=\"nofollow noopener\" data-trk=\"{&quot;cta&quot;:{&quot;action&quot;:&quot;https:\\\/\\\/moncompte.actu.fr&quot;,&quot;category&quot;:&quot;mon compte&quot;,&quot;from&quot;:&quot;article footer&quot;,&quot;name&quot;:&quot;Mon actu&quot;,&quot;type&quot;:&quot;cta&quot;}}\" target=\"_blank\">Mon Actu<\/a>.<\/p>\n<p>                    <script async src=\"\/\/www.tiktok.com\/embed.js\"><\/script><\/p>\n","protected":false},"excerpt":{"rendered":"Par Adrien Filoche Publi\u00e9 le 14 mai 2025 \u00e0 11h06 Les chasseurs d\u2019orage ont eu de quoi s\u2019occuper\u2009!&hellip;\n","protected":false},"author":2,"featured_media":99591,"comment_status":"","ping_status":"","sticky":false,"template":"","format":"standard","meta":{"footnotes":""},"categories":[9587],"tags":[1111,11,1777,674,1011,27,1757,2487,2357,12,5161,25,9590],"class_list":{"0":"post-99590","1":"post","2":"type-post","3":"status-publish","4":"format-standard","5":"has-post-thumbnail","7":"category-rouen","8":"tag-actu","9":"tag-actualites","10":"tag-eu","11":"tag-europe","12":"tag-fr","13":"tag-france","14":"tag-insolite","15":"tag-meteo","16":"tag-meteo-france","17":"tag-news","18":"tag-normandie","19":"tag-republique-francaise","20":"tag-rouen"},"share_on_mastodon":{"url":"https:\/\/pubeurope.com\/@fr\/114506736816717201","error":""},"_links":{"self":[{"href":"https:\/\/www.europesays.com\/fr\/wp-json\/wp\/v2\/posts\/99590","targetHints":{"allow":["GET"]}}],"collection":[{"href":"https:\/\/www.europesays.com\/fr\/wp-json\/wp\/v2\/posts"}],"about":[{"href":"https:\/\/www.europesays.com\/fr\/wp-json\/wp\/v2\/types\/post"}],"author":[{"embeddable":true,"href":"https:\/\/www.europesays.com\/fr\/wp-json\/wp\/v2\/users\/2"}],"replies":[{"embeddable":true,"href":"https:\/\/www.europesays.com\/fr\/wp-json\/wp\/v2\/comments?post=99590"}],"version-history":[{"count":0,"href":"https:\/\/www.europesays.com\/fr\/wp-json\/wp\/v2\/posts\/99590\/revisions"}],"wp:featuredmedia":[{"embeddable":true,"href":"https:\/\/www.europesays.com\/fr\/wp-json\/wp\/v2\/media\/99591"}],"wp:attachment":[{"href":"https:\/\/www.europesays.com\/fr\/wp-json\/wp\/v2\/media?parent=99590"}],"wp:term":[{"taxonomy":"category","embeddable":true,"href":"https:\/\/www.europesays.com\/fr\/wp-json\/wp\/v2\/categories?post=99590"},{"taxonomy":"post_tag","embeddable":true,"href":"https:\/\/www.europesays.com\/fr\/wp-json\/wp\/v2\/tags?post=99590"}],"curies":[{"name":"wp","href":"https:\/\/api.w.org\/{rel}","templated":true}]}}