{"id":995973,"date":"2026-06-12T20:00:30","date_gmt":"2026-06-12T20:00:30","guid":{"rendered":"https:\/\/www.europesays.com\/fr\/995973\/"},"modified":"2026-06-12T20:00:30","modified_gmt":"2026-06-12T20:00:30","slug":"un-pilote-de-scandinavian-airlines-sous-cocaine-a-nice-interdit-de-survoler-la-france","status":"publish","type":"post","link":"https:\/\/www.europesays.com\/fr\/995973\/","title":{"rendered":"Un pilote de Scandinavian Airlines sous coca\u00efne \u00e0 Nice : interdit de survoler la France"},"content":{"rendered":"<p>Un commandant de bord de la compagnie Scandinavian Airlines a \u00e9t\u00e9 contr\u00f4l\u00e9 positif \u00e0 la coca\u00efne \u00e0 l&rsquo;a\u00e9roport Nice-C\u00f4te d&rsquo;Azur \u00e0 l&rsquo;issue d&rsquo;un vol en provenance de Copenhague. Jug\u00e9 en comparution sur reconnaissance pr\u00e9alable de culpabilit\u00e9, il a \u00e9t\u00e9 condamn\u00e9 \u00e0 dix mois de prison avec sursis.<\/p>\n<p>Le contr\u00f4le, effectu\u00e9 mercredi 10 juin par les gendarmes de la brigade des transports a\u00e9riens, est intervenu peu apr\u00e8s l&rsquo;atterrissage d&rsquo;un Airbus A320 reliant la capitale danoise \u00e0 Nice. Comme la r\u00e9glementation l&rsquo;autorise, les militaires ont proc\u00e9d\u00e9 \u00e0 <a href=\"https:\/\/www.corsematin.com\/article\/faits-diversjustice\/40604528751066\/ajaccio-le-controleur-aerien-sendort-un-vol-de-paris-contraint-de-patienter-pres-dune-heure-dans-le-ciel\" target=\"_blank\" rel=\"nofollow noopener\">un d\u00e9pistage al\u00e9atoire d&rsquo;alcool et de stup\u00e9fiants aupr\u00e8s du personnel navigant.<\/a><\/p>\n<p>Selon les informations rapport\u00e9es par <a href=\"https:\/\/www.nicematin.com\/societe\/justice\/aux-commandes-d-un-a320-un-pilote-sous-cocaine-atterrit-a-l-aeroport-de-nice-10684545\" target=\"_blank\" rel=\"nofollow noopener\">Nice-Matin<\/a>, le commandant de bord, \u00e2g\u00e9 d&rsquo;une quarantaine d&rsquo;ann\u00e9es et fort d&rsquo;une vingtaine d&rsquo;ann\u00e9es d&rsquo;exp\u00e9rience, s&rsquo;est r\u00e9v\u00e9l\u00e9 positif \u00e0 la coca\u00efne. Il a imm\u00e9diatement \u00e9t\u00e9 plac\u00e9 en garde \u00e0 vue avant d&rsquo;\u00eatre pr\u00e9sent\u00e9 \u00e0 la justice le lendemain.<\/p>\n<p>L&rsquo;homme a reconnu les faits dans le cadre d&rsquo;une comparution sur reconnaissance pr\u00e9alable de culpabilit\u00e9 (CRPC). Le tribunal l&rsquo;a condamn\u00e9 \u00e0 dix mois de prison avec sursis et lui a interdit de survoler le territoire fran\u00e7ais pendant un an.<\/p>\n<p>Aucun incident n&rsquo;a \u00e9t\u00e9 signal\u00e9 durant le vol entre Copenhague et Nice, qui s&rsquo;est d\u00e9roul\u00e9 normalement. La Direction g\u00e9n\u00e9rale de l&rsquo;aviation civile pourrait toutefois engager des sanctions administratives compl\u00e9mentaires, notamment concernant sa licence de pilote. De son c\u00f4t\u00e9, Scandinavian Airlines n&rsquo;avait pas communiqu\u00e9 sur cette affaire vendredi apr\u00e8s-midi.<\/p>\n","protected":false},"excerpt":{"rendered":"Un commandant de bord de la compagnie Scandinavian Airlines a \u00e9t\u00e9 contr\u00f4l\u00e9 positif \u00e0 la coca\u00efne \u00e0 l&rsquo;a\u00e9roport&hellip;\n","protected":false},"author":2,"featured_media":995974,"comment_status":"","ping_status":"","sticky":false,"template":"","format":"standard","meta":{"footnotes":"","_share_on_mastodon":"0"},"categories":[2819],"tags":[5734,104526,1111,11,36,1102,3993,7325,2837,1777,674,274,1011,27,12,2401,19438,38054,882,25],"class_list":["post-995973","post","type-post","status-publish","format-standard","has-post-thumbnail","category-nice","tag-5734","tag-a320","tag-actu","tag-actualites","tag-airbus","tag-breakingnews","tag-cocaine","tag-controle","tag-dun","tag-eu","tag-europe","tag-faits-divers-justice","tag-fr","tag-france","tag-news","tag-nice","tag-pilote","tag-positif","tag-provence-alpes-cote-dazur","tag-republique-francaise"],"share_on_mastodon":{"url":"https:\/\/pubeurope.com\/@fr\/116738917969977730","error":""},"_links":{"self":[{"href":"https:\/\/www.europesays.com\/fr\/wp-json\/wp\/v2\/posts\/995973","targetHints":{"allow":["GET"]}}],"collection":[{"href":"https:\/\/www.europesays.com\/fr\/wp-json\/wp\/v2\/posts"}],"about":[{"href":"https:\/\/www.europesays.com\/fr\/wp-json\/wp\/v2\/types\/post"}],"author":[{"embeddable":true,"href":"https:\/\/www.europesays.com\/fr\/wp-json\/wp\/v2\/users\/2"}],"replies":[{"embeddable":true,"href":"https:\/\/www.europesays.com\/fr\/wp-json\/wp\/v2\/comments?post=995973"}],"version-history":[{"count":0,"href":"https:\/\/www.europesays.com\/fr\/wp-json\/wp\/v2\/posts\/995973\/revisions"}],"wp:featuredmedia":[{"embeddable":true,"href":"https:\/\/www.europesays.com\/fr\/wp-json\/wp\/v2\/media\/995974"}],"wp:attachment":[{"href":"https:\/\/www.europesays.com\/fr\/wp-json\/wp\/v2\/media?parent=995973"}],"wp:term":[{"taxonomy":"category","embeddable":true,"href":"https:\/\/www.europesays.com\/fr\/wp-json\/wp\/v2\/categories?post=995973"},{"taxonomy":"post_tag","embeddable":true,"href":"https:\/\/www.europesays.com\/fr\/wp-json\/wp\/v2\/tags?post=995973"}],"curies":[{"name":"wp","href":"https:\/\/api.w.org\/{rel}","templated":true}]}}