{"id":995977,"date":"2026-06-12T20:02:18","date_gmt":"2026-06-12T20:02:18","guid":{"rendered":"https:\/\/www.europesays.com\/fr\/995977\/"},"modified":"2026-06-12T20:02:18","modified_gmt":"2026-06-12T20:02:18","slug":"un-week-end-festif-a-mixt-avec-la-compagnie-baro-devel","status":"publish","type":"post","link":"https:\/\/www.europesays.com\/fr\/995977\/","title":{"rendered":"Un week-end festif \u00e0 Mixt avec la compagnie Baro d\u2019Evel"},"content":{"rendered":"<p>La compagnie Baro d\u2019Evel prend les commandes de Mixt du 10 au 22\u00a0juin et propose m\u00eame un week-end festif ce samedi\u00a014 et dimanche 15\u00a0juin de 10\u00a0h \u00e0 21\u00a0h. La compagnie de cirque franco-catalane invite le public \u00e0 d\u00e9ambuler sur le site \u00e0 son rythme et \u00e0 son gr\u00e9, en se laissant guider par les traces au blanc de Meudon qui habillent partout sols et murs. Dans la charmille s\u2019\u00e9l\u00e8ve un phare, installation p\u00e9renne de 600\u00a0pi\u00e8ces model\u00e9es par des enfants du quartier.<\/p>\n<p>Tout au long de la journ\u00e9e du samedi 13\u00a0juin, du matin au soir, un petit groupe de b\u00e9n\u00e9voles, anim\u00e9 par le c\u00e9ramiste de la compagnie, S\u00e9bastien de Groot, construit un four sur l\u2019esplanade. Parall\u00e8lement, un atelier anim\u00e9 par Simon Fedou et Marie Hulbert\u00a0(Les Petites \u00c9curies) invite des volontaires \u00e0 fabriquer des micro-pi\u00e8ces en terre.\u00a0\u00c0 18\u00a0h, samedi, dans un geste collectif symbolique\u00a0vient le moment attendu\u00a0: l\u2019allumage du four.\u00a0Les pi\u00e8ces fabriqu\u00e9es toute la journ\u00e9e par\u00a0des volontaires y cuiront toute la nuit.<\/p>\n<p>La\u00a0r\u00e9ouverture du four le dimanche matin, au\u00a0moment de les sortir du four, sera le signal\u00a0pour un nouveau rituel. Dedans, les sc\u00e8nes, les halls, le bar-resto et tous les recoins possibles seront investis par les artistes, dans un ample geste artistique de transfiguration des espaces.<\/p>\n<p>\u00c0 12\u00a0h, samedi, Camille Decourtye pr\u00e9sentera son livre\u00a0Le Dedans &amp; le Dehors, publi\u00e9 chez Actes Sud, et invite \u00e0 un rituel de\u00a0naissance.\u00a0Le rituel sera suivi\u00a0d\u2019une rencontre et d\u2019un temps de d\u00e9dicace.<\/p>\n<p>Dimanche, un pique-nique dans le jardin est pr\u00e9vu \u00e0 partir de 12\u00a0h\u00a030. Spectacles et ateliers sont en acc\u00e8s libre tout le week-end.<\/p>\n<p>\u00a0<\/p>\n","protected":false},"excerpt":{"rendered":"La compagnie Baro d\u2019Evel prend les commandes de Mixt du 10 au 22\u00a0juin et propose m\u00eame un week-end&hellip;\n","protected":false},"author":2,"featured_media":995978,"comment_status":"","ping_status":"","sticky":false,"template":"","format":"standard","meta":{"footnotes":"","_share_on_mastodon":"0"},"categories":[2818],"tags":[1111,11,86376,23486,1777,674,86377,14012,1011,27,28203,766,12,2636,25,4064],"class_list":["post-995977","post","type-post","status-publish","format-standard","has-post-thumbnail","category-nantes","tag-actu","tag-actualites","tag-baro","tag-compagnie","tag-eu","tag-europe","tag-evel","tag-festif","tag-fr","tag-france","tag-mixt","tag-nantes","tag-news","tag-pays-de-la-loire","tag-republique-francaise","tag-week-end"],"share_on_mastodon":{"url":"https:\/\/pubeurope.com\/@fr\/116738926125729320","error":""},"_links":{"self":[{"href":"https:\/\/www.europesays.com\/fr\/wp-json\/wp\/v2\/posts\/995977","targetHints":{"allow":["GET"]}}],"collection":[{"href":"https:\/\/www.europesays.com\/fr\/wp-json\/wp\/v2\/posts"}],"about":[{"href":"https:\/\/www.europesays.com\/fr\/wp-json\/wp\/v2\/types\/post"}],"author":[{"embeddable":true,"href":"https:\/\/www.europesays.com\/fr\/wp-json\/wp\/v2\/users\/2"}],"replies":[{"embeddable":true,"href":"https:\/\/www.europesays.com\/fr\/wp-json\/wp\/v2\/comments?post=995977"}],"version-history":[{"count":0,"href":"https:\/\/www.europesays.com\/fr\/wp-json\/wp\/v2\/posts\/995977\/revisions"}],"wp:featuredmedia":[{"embeddable":true,"href":"https:\/\/www.europesays.com\/fr\/wp-json\/wp\/v2\/media\/995978"}],"wp:attachment":[{"href":"https:\/\/www.europesays.com\/fr\/wp-json\/wp\/v2\/media?parent=995977"}],"wp:term":[{"taxonomy":"category","embeddable":true,"href":"https:\/\/www.europesays.com\/fr\/wp-json\/wp\/v2\/categories?post=995977"},{"taxonomy":"post_tag","embeddable":true,"href":"https:\/\/www.europesays.com\/fr\/wp-json\/wp\/v2\/tags?post=995977"}],"curies":[{"name":"wp","href":"https:\/\/api.w.org\/{rel}","templated":true}]}}