{"id":99598,"date":"2025-05-14T14:52:12","date_gmt":"2025-05-14T14:52:12","guid":{"rendered":"https:\/\/www.europesays.com\/fr\/99598\/"},"modified":"2025-05-14T14:52:12","modified_gmt":"2025-05-14T14:52:12","slug":"rennes-une-extension-de-maison-pour-agrandir-son-logement-avec-extenbois","status":"publish","type":"post","link":"https:\/\/www.europesays.com\/fr\/99598\/","title":{"rendered":"Rennes. Une extension de maison pour agrandir son logement avec Extenbois"},"content":{"rendered":"<p>En qu\u00eate de m\u00e8tres carr\u00e9s suppl\u00e9mentaires, de plus en plus de propri\u00e9taires se tournent vers l\u2019extension de maison en bois. Pratique, cette solution offre une r\u00e9elle alternative au d\u00e9m\u00e9nagement. L\u2019extension de maison permet d\u2019ajouter une pi\u00e8ce \u00e0 vivre au b\u00e2ti d\u2019origine, voir de doubler la surface de sa maison. Elle est \u00e9galement tr\u00e8s appr\u00e9ci\u00e9e pour ses propri\u00e9t\u00e9s thermiques et son design contemporain offrant une touche moderne \u00e0 une maison plus traditionnelle. Sp\u00e9cialiste de l\u2019extension de maison \u00e0 Rennes, l\u2019entreprise Extenbois intervient sur un large secteur de l\u2019Ille-et-Vilaine. C\u00e9dric Paccalin a r\u00e9pondu \u00e0 nos questions.<\/p>\n<p>Une pi\u00e8ce en plus chez soi avec Extenbois en Ille-et-Vilaine<br \/>\nPouvez-vous nous en dire un peu plus sur l&rsquo;entreprise Extenbois ?<\/p>\n<p>C\u00e9dric Paccalin : La marque Extenbois a vu le jour il y a une vingtaine d\u2019ann\u00e9es sur la r\u00e9gion Bretagne. \u00c0 l\u2019origine, c\u2019est une filiale du groupe Trecobat, un constructeur immobilier reconnu et implant\u00e9 sur le territoire depuis 1972. L\u2019entreprise Extenbois, elle, se concentre exclusivement sur l&rsquo;extension de maison en bois. De mon c\u00f4t\u00e9, je dirige les ventes depuis 2016, avec deux responsables de projets qui m&rsquo;accompagnent pour r\u00e9pondre \u00e0 la demande croissante de notre client\u00e8le. Par ailleurs, chaque responsable suit son dossier du d\u00e9but jusqu\u2019\u00e0 la fin, pour que nos clients n\u2019aient qu\u2019un seul interlocuteur durant toute la dur\u00e9e du projet.<\/p>\n<p>Sur quel secteur intervenez-vous pr\u00e9cis\u00e9ment ?<\/p>\n<p>C\u00e9dric Paccalin : Notre zone d&rsquo;action s&rsquo;\u00e9tend \u00e0 Rennes et ses alentours. Nous intervenons sur la c\u00f4te, \u00e0 Saint-Malo, et \u00e9galement dans les terres, \u00e0 Vitr\u00e9, Foug\u00e8res, et dans d&rsquo;autres communes situ\u00e9es en Ille-et-Vilaine.<\/p>\n<p>Extenbois Rennes s\u2019adapte aux \u00e9volutions des modes de vie<br \/>\nQuels types de projets vous sont g\u00e9n\u00e9ralement confi\u00e9s ?<\/p>\n<p>C\u00e9dric Paccalin : Les demandes les plus fr\u00e9quentes concernent l&rsquo;agrandissement de la pi\u00e8ce \u00e0 vivre, l&rsquo;ajout d&rsquo;une suite parentale avec un coin salle de bain ou la cr\u00e9ation d&rsquo;un espace bureau pour le t\u00e9l\u00e9travail. Mais, nous r\u00e9alisons aussi des projets plus originaux, comme des salles de cin\u00e9ma, des salles de sport ou m\u00eame des zones de relaxation avec sauna et jacuzzi.<\/p>\n<p>Par ailleurs, notre activit\u00e9 ne se limite pas aux particuliers ; nous intervenons aussi aupr\u00e8s des professionnels pour agrandir des bureaux dans le secteur tertiaire. R\u00e9cemment, nous avons travaill\u00e9 pour un club de golf afin d&rsquo;\u00e9tendre leur espace client, et pour un cabinet d&rsquo;huissier qui n\u00e9cessitait une \u00e9l\u00e9vation en hauteur.<\/p>\n<p><img loading=\"lazy\" decoding=\"async\" src=\"https:\/\/www.europesays.com\/fr\/wp-content\/uploads\/2025\/05\/P35158104D6755851G.jpg\" alt=\"La maison avant l'intervention d'Extenbois Rennes \" width=\"600\" height=\"338\"\/><\/p>\n<p class=\"elmt-legende\">La maison avant l&rsquo;intervention d&rsquo;Extenbois Rennes  \u00a9 Extenbois<\/p>\n<p>Pourquoi l&rsquo;extension en bois s\u00e9duit-elle autant ?<\/p>\n<p>C\u00e9dric Paccalin : C\u2019est un mat\u00e9riau reconnu pour ses nombreuses qualit\u00e9s. Le bois se travaille facilement, il nous permet de nous adapter aux besoins sp\u00e9cifiques de chaque client. C&rsquo;est \u00e9galement un excellent isolant thermique et phonique, et sur le plan esth\u00e9tique, il apporte cette petite touche de modernit\u00e9 \u00e0 une habitation.<\/p>\n<p>Et, pour en revenir \u00e0 l\u2019extension en elle-m\u00eame, l\u2019avantage principal pour nos clients, c\u2019est de ne pas avoir \u00e0 d\u00e9m\u00e9nager. Ils peuvent rester chez eux, tout en profitant de nouveaux m\u00e8tres carr\u00e9s. Les maisons construites il y a vingt ans ne correspondent souvent plus aux modes de vie actuels. Les propri\u00e9taires ont besoin d&rsquo;une chambre au rez-de-chauss\u00e9e, d&rsquo;un espace d\u00e9di\u00e9 au t\u00e9l\u00e9travail, ou simplement de plus de surface. L&rsquo;extension en bois s&rsquo;adapte tr\u00e8s bien \u00e0 ces nouvelles exigences, et en plus, elle valorise le bien en cas d\u2019une future revente.<\/p>\n<p>L\u2019extension de maison en bois \u00e0 Rennes : une construction plus respectueuse de l\u2019environnement<br \/>\nComment sont fabriqu\u00e9es vos extensions ?<\/p>\n<p>C\u00e9dric Paccalin : Nous privil\u00e9gions le circuit court, avec des mat\u00e9riaux biosourc\u00e9s qui am\u00e9liorent la performance \u00e9nerg\u00e9tique des habitations. Nos extensions sont enti\u00e8rement fabriqu\u00e9es dans notre usine de l&rsquo;Hermitage en Ille-et-Vilaine (35), puis assembl\u00e9es directement sur site. Cette m\u00e9thode nous permet d&rsquo;\u00eatre les moins invasifs possible chez le client. Nos chantiers sont rapides et peu perturbants : deux \u00e0 trois jours pour le terrassement, puis deux jours pour la pose de l&rsquo;extension.<\/p>\n<p><img loading=\"lazy\" decoding=\"async\" src=\"https:\/\/www.europesays.com\/fr\/wp-content\/uploads\/2025\/05\/P35158103D6755851G.jpg\" alt=\"R\u00e9alisation d'une extension de maison en bois sur Rennes\" width=\"600\" height=\"400\"\/><\/p>\n<p class=\"elmt-legende\">R\u00e9alisation d&rsquo;une extension de maison en bois sur Rennes \u00a9 Elodie Dugu\u00e9<\/p>\n<p>De cette fa\u00e7on, nous arrivons \u00e0 pr\u00e9server le jardin de nos clients et \u00e0 ne pas les d\u00e9ranger dans leur quotidien. D\u2019ailleurs, m\u00eame le voisinage est souvent \u00e9tonn\u00e9 de voir \u00e0 quel point le chantier est peu encombrant et relativement silencieux !<\/p>\n<p>Une suite parentale avec salle de bain \u00e0 Montauban-de-Bretagne<br \/>\nPouvez-vous nous parler d&rsquo;un projet qui illustre votre savoir-faire ?<\/p>\n<p>C\u00e9dric Paccalin : Nous sommes r\u00e9cemment intervenus \u00e0 Montauban-de-Bretagne pour des clients qui d\u00e9siraient ajouter une suite parentale avec salle de bain au rez-de-chauss\u00e9e. Leur objectif \u00e9tait double : pouvoir accueillir leur famille tout en pr\u00e9servant l&rsquo;ind\u00e9pendance de chacun, mais aussi anticiper les \u00e9volutions futures de leurs besoins. L&rsquo;aspect esth\u00e9tique \u00e9tant primordial pour eux, nous leur avons propos\u00e9 une extension avec un bardage \u00e0 claire-voie ; les lames en bois sont l\u00e9g\u00e8rement espac\u00e9es et cr\u00e9ent un effet visuel tr\u00e8s harmonieux. Le r\u00e9sultat a parfaitement r\u00e9pondu \u00e0 aux attentes de nos clients, en r\u00e9ussissant \u00e0 m\u00ealer fonctionnalit\u00e9 et design contemporain.<\/p>\n<p><img loading=\"lazy\" decoding=\"async\" src=\"https:\/\/www.europesays.com\/fr\/wp-content\/uploads\/2025\/05\/P35158105D6755851G.jpg\" alt=\"Projet r\u00e9alis\u00e9 par Extenbois Rennes\" width=\"600\" height=\"400\"\/><\/p>\n<p class=\"elmt-legende\">Projet r\u00e9alis\u00e9 par Extenbois Rennes \u00a9 Cr\u00e9dit : Elodie Dugu\u00e9<\/p>\n<p>Un dernier mot pour nos lecteurs ?<\/p>\n<p>C\u00e9dric Paccalin : Je voulais revenir sur un point tr\u00e8s important \u00e0 mes yeux : l\u2019accompagnement sur mesure. Chaque client b\u00e9n\u00e9ficie d\u2019un suivi personnalis\u00e9 et d\u2019un interlocuteur unique du d\u00e9but jusqu\u2019\u00e0 la fin du projet. De plus, nos clients b\u00e9n\u00e9ficient d\u2019une expertise locale et favorisent \u00e9galement le commerce en circuit court.<\/p>\n<p>Informations pratiques :<\/p>\n<p>\u00a0<\/p>\n","protected":false},"excerpt":{"rendered":"En qu\u00eate de m\u00e8tres carr\u00e9s suppl\u00e9mentaires, de plus en plus de propri\u00e9taires se tournent vers l\u2019extension de maison&hellip;\n","protected":false},"author":2,"featured_media":99599,"comment_status":"","ping_status":"","sticky":false,"template":"","format":"standard","meta":{"footnotes":""},"categories":[2821],"tags":[1111,11,21401,829,1777,674,21402,14576,1011,27,1908,2142,12,584,25],"class_list":{"0":"post-99598","1":"post","2":"type-post","3":"status-publish","4":"format-standard","5":"has-post-thumbnail","7":"category-rennes","8":"tag-actu","9":"tag-actualites","10":"tag-agrandir","11":"tag-bretagne","12":"tag-eu","13":"tag-europe","14":"tag-extenbois","15":"tag-extension","16":"tag-fr","17":"tag-france","18":"tag-logement","19":"tag-maison","20":"tag-news","21":"tag-rennes","22":"tag-republique-francaise"},"share_on_mastodon":{"url":"https:\/\/pubeurope.com\/@fr\/114506756486230781","error":""},"_links":{"self":[{"href":"https:\/\/www.europesays.com\/fr\/wp-json\/wp\/v2\/posts\/99598","targetHints":{"allow":["GET"]}}],"collection":[{"href":"https:\/\/www.europesays.com\/fr\/wp-json\/wp\/v2\/posts"}],"about":[{"href":"https:\/\/www.europesays.com\/fr\/wp-json\/wp\/v2\/types\/post"}],"author":[{"embeddable":true,"href":"https:\/\/www.europesays.com\/fr\/wp-json\/wp\/v2\/users\/2"}],"replies":[{"embeddable":true,"href":"https:\/\/www.europesays.com\/fr\/wp-json\/wp\/v2\/comments?post=99598"}],"version-history":[{"count":0,"href":"https:\/\/www.europesays.com\/fr\/wp-json\/wp\/v2\/posts\/99598\/revisions"}],"wp:featuredmedia":[{"embeddable":true,"href":"https:\/\/www.europesays.com\/fr\/wp-json\/wp\/v2\/media\/99599"}],"wp:attachment":[{"href":"https:\/\/www.europesays.com\/fr\/wp-json\/wp\/v2\/media?parent=99598"}],"wp:term":[{"taxonomy":"category","embeddable":true,"href":"https:\/\/www.europesays.com\/fr\/wp-json\/wp\/v2\/categories?post=99598"},{"taxonomy":"post_tag","embeddable":true,"href":"https:\/\/www.europesays.com\/fr\/wp-json\/wp\/v2\/tags?post=99598"}],"curies":[{"name":"wp","href":"https:\/\/api.w.org\/{rel}","templated":true}]}}