{"id":99602,"date":"2025-05-14T14:54:10","date_gmt":"2025-05-14T14:54:10","guid":{"rendered":"https:\/\/www.europesays.com\/fr\/99602\/"},"modified":"2025-05-14T14:54:10","modified_gmt":"2025-05-14T14:54:10","slug":"strasbourg-un-jeune-homme-trans-obtient-la-prise-en-charge-de-sa-mastectomie-grace-a-la-justice","status":"publish","type":"post","link":"https:\/\/www.europesays.com\/fr\/99602\/","title":{"rendered":"Strasbourg. Un jeune homme trans obtient la prise en charge de sa mastectomie gr\u00e2ce \u00e0 la justice"},"content":{"rendered":"<p>Un jeune homme trans, qui contestait en justice le refus de la Caisse primaire d&rsquo;assurance maladie (CPAM) du Bas-Rhin de prendre en charge sa mastectomie, a obtenu gain de cause, a indiqu\u00e9 son avocate. Dans une d\u00e9cision rendue ce mercredi \u00e0 Strasbourg, la juge a ordonn\u00e9 \u00e0 la CPAM de prendre en charge l&rsquo;intervention chirurgicale de mastectomie bilat\u00e9rale et, reconnaissant un pr\u00e9judice, l&rsquo;a condamn\u00e9e \u00e0 verser au requ\u00e9rant 3 000 euros de dommages et int\u00e9r\u00eats. Celui-ci, un \u00e9tudiant strasbourgeois aux revenus modestes, r\u00e9clamait 10 000 euros en r\u00e9paration du pr\u00e9judice subi.<\/p>\n<p>Atteint de dysphorie de genre<\/p>\n<p>De sexe f\u00e9minin \u00e0 la naissance, il a commenc\u00e9 sa transition en 2017. D&rsquo;abord une transition sociale, en l&rsquo;annon\u00e7ant \u00e0 ses proches, puis une transition administrative avec un changement de pr\u00e9nom et d&rsquo;\u00e9tat civil, enfin une transition m\u00e9dicale, avec la prise d&rsquo;un traitement hormonal en juin 2022.<\/p>\n<p>En raison de sa dysphorie de genre, il a d\u00e9pos\u00e9 une demande d&rsquo;affection longue dur\u00e9e afin de b\u00e9n\u00e9ficier d&rsquo;une prise en charge totale de soins, notamment chirurgicaux. Mais il s&rsquo;est vu opposer un refus partiel du m\u00e9decin conseil. Il a saisi la commission de recours amiable en novembre 2022, qui a refus\u00e9 sa demande en janvier 2023. Il s&rsquo;est alors tourn\u00e9 vers la voie judiciaire.<\/p>\n<p>  Un refus \u00ab\u00a0abusif et mal fond\u00e9\u00a0\u00bb<\/p>\n<p>Lors de l&rsquo;audience, le 12 mars dernier au tribunal judiciaire de Strasbourg, la repr\u00e9sentante de la CPAM a fait valoir que la d\u00e9cision de la caisse se fondait sur un \u00ab avis m\u00e9dical \u00bb, mais l&rsquo;avocate du jeune homme, Laura Gandonou, a qualifi\u00e9 ce refus \u00ab d&rsquo;abusif et mal fond\u00e9 \u00bb.<\/p>\n<p>L&rsquo;avocate a soulign\u00e9 que le parcours de soins devait \u00eatre le m\u00eame pour les personnes transgenres et pour les autres, regrettant que des CPAM \u00ab cr\u00e9ent des conditions surabondantes \u00bb pour obtenir le remboursement de soins li\u00e9s \u00e0 la transition de genre. Me Gandonou d\u00e9fend <a href=\"https:\/\/www.ledauphine.com\/faits-divers-justice\/2025\/03\/10\/neuf-personnes-trans-attaquent-la-secu-en-justice-pour-des-soins-non-rembourses\" target=\"_blank\" rel=\"nofollow noopener\">huit autres personnes trans qui ont attaqu\u00e9 diff\u00e9rentes CPAM<\/a> devant la justice, \u00e0 Lyon, Cahors, Bobigny, Toulouse et Grenoble. \u00c0 Bobigny, o\u00f9 deux requ\u00e9rants ont attaqu\u00e9 la CPAM de Seine-Saint-Denis, la d\u00e9cision est attendue le 23 juin.<\/p>\n","protected":false},"excerpt":{"rendered":"Un jeune homme trans, qui contestait en justice le refus de la Caisse primaire d&rsquo;assurance maladie (CPAM) du&hellip;\n","protected":false},"author":2,"featured_media":99603,"comment_status":"","ping_status":"","sticky":false,"template":"","format":"standard","meta":{"footnotes":""},"categories":[2820],"tags":[1111,11,1777,674,274,107,1011,27,329,775,12,25,104,640],"class_list":{"0":"post-99602","1":"post","2":"type-post","3":"status-publish","4":"format-standard","5":"has-post-thumbnail","7":"category-strasbourg","8":"tag-actu","9":"tag-actualites","10":"tag-eu","11":"tag-europe","12":"tag-faits-divers-justice","13":"tag-fil-info","14":"tag-fr","15":"tag-france","16":"tag-france-monde","17":"tag-grand-est","18":"tag-news","19":"tag-republique-francaise","20":"tag-societe","21":"tag-strasbourg"},"share_on_mastodon":{"url":"https:\/\/pubeurope.com\/@fr\/114506764874240416","error":""},"_links":{"self":[{"href":"https:\/\/www.europesays.com\/fr\/wp-json\/wp\/v2\/posts\/99602","targetHints":{"allow":["GET"]}}],"collection":[{"href":"https:\/\/www.europesays.com\/fr\/wp-json\/wp\/v2\/posts"}],"about":[{"href":"https:\/\/www.europesays.com\/fr\/wp-json\/wp\/v2\/types\/post"}],"author":[{"embeddable":true,"href":"https:\/\/www.europesays.com\/fr\/wp-json\/wp\/v2\/users\/2"}],"replies":[{"embeddable":true,"href":"https:\/\/www.europesays.com\/fr\/wp-json\/wp\/v2\/comments?post=99602"}],"version-history":[{"count":0,"href":"https:\/\/www.europesays.com\/fr\/wp-json\/wp\/v2\/posts\/99602\/revisions"}],"wp:featuredmedia":[{"embeddable":true,"href":"https:\/\/www.europesays.com\/fr\/wp-json\/wp\/v2\/media\/99603"}],"wp:attachment":[{"href":"https:\/\/www.europesays.com\/fr\/wp-json\/wp\/v2\/media?parent=99602"}],"wp:term":[{"taxonomy":"category","embeddable":true,"href":"https:\/\/www.europesays.com\/fr\/wp-json\/wp\/v2\/categories?post=99602"},{"taxonomy":"post_tag","embeddable":true,"href":"https:\/\/www.europesays.com\/fr\/wp-json\/wp\/v2\/tags?post=99602"}],"curies":[{"name":"wp","href":"https:\/\/api.w.org\/{rel}","templated":true}]}}