{"id":99606,"date":"2025-05-14T14:56:09","date_gmt":"2025-05-14T14:56:09","guid":{"rendered":"https:\/\/www.europesays.com\/fr\/99606\/"},"modified":"2025-05-14T14:56:09","modified_gmt":"2025-05-14T14:56:09","slug":"un-professeur-duniversite-a-nice-a-t-il-ete-suspendu-trois-ans-pour-avoir-dit-quun-homme-est-different-dune-femme-liberation","status":"publish","type":"post","link":"https:\/\/www.europesays.com\/fr\/99606\/","title":{"rendered":"Un professeur d\u2019universit\u00e9 \u00e0 Nice a-t-il \u00e9t\u00e9 suspendu trois\u00a0ans pour avoir dit qu\u2019\u00abun homme est diff\u00e9rent d\u2019une femme\u00bb\u00a0? \u2013 Lib\u00e9ration"},"content":{"rendered":"<p class=\"sc-ksZaOG ehjQrN text-element\">Les anti-woke ont leur martyr. Comme un \u00e9l\u00e9ment de langage r\u00e9p\u00e9t\u00e9 \u00e0 l\u2019unisson, les trois codirecteurs de <a href=\"https:\/\/www.liberation.fr\/idees-et-debats\/flirt-avec-le-complotisme-specialistes-autoproclames-obsessions-droitieres-on-a-lu-face-a-lobscurantisme-woke-le-livre-polemique-des-puf-20250326_HSPMVKRXQFAK5LT4Q7EKZDICUE\/\" target=\"_blank\" rel=\"noopener\" title=\"https:\/\/www.liberation.fr\/idees-et-debats\/flirt-avec-le-complotisme-specialistes-autoproclames-obsessions-droitieres-on-a-lu-face-a-lobscurantisme-woke-le-livre-polemique-des-puf-20250326_HSPMVKRXQFAK5LT4Q7EKZDICUE\/\">l\u2019ouvrage Face \u00e0 l\u2018obscurantisme woke<\/a> \u00e9voquent, depuis des semaines, le m\u00eame exemple de \u00abcensure\u00bb pr\u00e9sum\u00e9e d\u2019un professeur de psychologie officiant \u00e0 l\u2019universit\u00e9 de Nice.<\/p>\n<p class=\"sc-ksZaOG ehjQrN text-element\"><a href=\"https:\/\/www.sudradio.fr\/emission\/en-toute-verite-153\" target=\"_blank\" rel=\"noopener\" title=\"https:\/\/www.sudradio.fr\/emission\/en-toute-verite-153\">Le 4 mai sur Sud Radio<\/a>, Emmanuelle H\u00e9nin, l\u2019une des trois signatures figurant en une du livre, est l\u2019invit\u00e9e de Alexandre Devecchio. \u00abLes carri\u00e8res universitaires de ceux qui essayent de r\u00e9sister \u00e0 cet obscurantisme woke sont-elles bloqu\u00e9es, voire annul\u00e9es ?\u00bb interroge le journaliste. R\u00e9ponse de la professeur de litt\u00e9rature \u00e0 Sorbonne Universit\u00e9 : \u00abOui, on a plusieurs exemples [parmi] les coll\u00e8gues qui s\u2018adressent \u00e0 notre collectif. Mais le plus \u00e9norme, c\u2018est sans doute un coll\u00e8gue de psychologie qui est suspendu trois ans sans traitement, pour avoir dit qu\u2019un homm<\/p>\n","protected":false},"excerpt":{"rendered":"Les anti-woke ont leur martyr. Comme un \u00e9l\u00e9ment de langage r\u00e9p\u00e9t\u00e9 \u00e0 l\u2019unisson, les trois codirecteurs de l\u2019ouvrage&hellip;\n","protected":false},"author":2,"featured_media":99607,"comment_status":"","ping_status":"","sticky":false,"template":"","format":"standard","meta":{"footnotes":""},"categories":[2819],"tags":[1111,11,1777,674,1011,27,12,2401,882,25,4477],"class_list":{"0":"post-99606","1":"post","2":"type-post","3":"status-publish","4":"format-standard","5":"has-post-thumbnail","7":"category-nice","8":"tag-actu","9":"tag-actualites","10":"tag-eu","11":"tag-europe","12":"tag-fr","13":"tag-france","14":"tag-news","15":"tag-nice","16":"tag-provence-alpes-cote-dazur","17":"tag-republique-francaise","18":"tag-wokisme"},"share_on_mastodon":{"url":"","error":""},"_links":{"self":[{"href":"https:\/\/www.europesays.com\/fr\/wp-json\/wp\/v2\/posts\/99606","targetHints":{"allow":["GET"]}}],"collection":[{"href":"https:\/\/www.europesays.com\/fr\/wp-json\/wp\/v2\/posts"}],"about":[{"href":"https:\/\/www.europesays.com\/fr\/wp-json\/wp\/v2\/types\/post"}],"author":[{"embeddable":true,"href":"https:\/\/www.europesays.com\/fr\/wp-json\/wp\/v2\/users\/2"}],"replies":[{"embeddable":true,"href":"https:\/\/www.europesays.com\/fr\/wp-json\/wp\/v2\/comments?post=99606"}],"version-history":[{"count":0,"href":"https:\/\/www.europesays.com\/fr\/wp-json\/wp\/v2\/posts\/99606\/revisions"}],"wp:featuredmedia":[{"embeddable":true,"href":"https:\/\/www.europesays.com\/fr\/wp-json\/wp\/v2\/media\/99607"}],"wp:attachment":[{"href":"https:\/\/www.europesays.com\/fr\/wp-json\/wp\/v2\/media?parent=99606"}],"wp:term":[{"taxonomy":"category","embeddable":true,"href":"https:\/\/www.europesays.com\/fr\/wp-json\/wp\/v2\/categories?post=99606"},{"taxonomy":"post_tag","embeddable":true,"href":"https:\/\/www.europesays.com\/fr\/wp-json\/wp\/v2\/tags?post=99606"}],"curies":[{"name":"wp","href":"https:\/\/api.w.org\/{rel}","templated":true}]}}