{"id":99608,"date":"2025-05-14T14:57:09","date_gmt":"2025-05-14T14:57:09","guid":{"rendered":"https:\/\/www.europesays.com\/fr\/99608\/"},"modified":"2025-05-14T14:57:09","modified_gmt":"2025-05-14T14:57:09","slug":"le-batiment-gardera-des-cicatrices-du-drame","status":"publish","type":"post","link":"https:\/\/www.europesays.com\/fr\/99608\/","title":{"rendered":"le b\u00e2timent gardera des cicatrices du drame"},"content":{"rendered":"<p>Le chantier de restauration du b\u00e2timent se poursuivra jusqu\u2019en 2028, malgr\u00e9 la r\u00e9ouverture partielle du lieu de culte en septembre. Certaines d\u00e9gradations non structurelles ne seront pas nettoy\u00e9es.<\/p>\n<p class=\"fig-paragraph\">Des nuages de poussi\u00e8re flottent dans la maison de Dieu.\u00a0<a href=\"https:\/\/www.lefigaro.fr\/actualite-france\/les-acces-de-folie-de-l-incendiaire-de-la-cathedrale-de-nantes-au-coeur-du-proces-20230328\" target=\"_blank\" data-fig-type=\"Article\" rel=\"noopener\" data-gtm-custom-categorie=\"navigation\" data-gtm-custom-action=\"crossclick\" data-gtm-custom-label=\"Contextuel\" data-gtm-event=\"customEventSPE\" data-fig-domain=\"LEFIGARO\">Ravag\u00e9e par les flammes<\/a>\u00a0en juillet 2020,\u00a0<a href=\"https:\/\/www.lefigaro.fr\/actualite-france\/nantes-l-orgue-ces-poumons-disparus-de-la-cathedrale-20200719\" target=\"_blank\" data-fig-type=\"Article\" rel=\"noopener\" data-gtm-custom-categorie=\"navigation\" data-gtm-custom-action=\"crossclick\" data-gtm-custom-label=\"Contextuel\" data-gtm-event=\"customEventSPE\" data-fig-domain=\"LEFIGARO\">la cath\u00e9drale de Nantes<\/a>\u00a0(Loire-Atlantique) a pass\u00e9 le printemps partiellement \u00e9ventr\u00e9e. Les tranch\u00e9es pratiqu\u00e9es sous le sol de l\u2019\u00e9glise sont d\u00e9sormais en cours de comblement, les dalles sont remises en place. L\u2019op\u00e9ration, n\u00e9cessaire, correspondait aux travaux de s\u00e9curisation d\u2019\u00e9lectricit\u00e9 du b\u00e2timent. Aussi envahissante que salissante, cette s\u00e9quence du chantier de restauration de l\u2019\u00e9difice religieux, entam\u00e9 en 2023, touche \u00e0 sa fin et laisse entrevoir\u00a0<a href=\"http:\/\/www.lefigaro.fr\/nantes\/fermee-depuis-son-incendie-la-cathedrale-de-nantes-rouvrira-le-29-septembre-2025-20240910\" target=\"_blank\" data-fig-type=\"NewsFlash\" rel=\"noopener\" data-gtm-custom-categorie=\"navigation\" data-gtm-custom-action=\"crossclick\" data-gtm-custom-label=\"Contextuel\" data-gtm-event=\"customEventSPE\" data-fig-domain=\"LEFIGARO\">la r\u00e9ouverture partielle du site, en septembre<\/a>. Des plaies subsisteront cependant, malgr\u00e9 toute la chirurgie d\u00e9ploy\u00e9e sur les pierres, les bois et les m\u00e9taux de la cath\u00e9drale.<\/p>\n<p class=\"fig-paragraph\">Ce mercredi matin, les ouvriers proc\u00e9daient au d\u00e9montage des ornements pendants des cl\u00e9s de vo\u00fbte de la nef. Architecte en chef des monuments historiques, Pascal Prunet a suivi avec attention la descente, sur 37 m\u00e8tres, de l\u2019une de ces pi\u00e8ces de bois finement ouvrag\u00e9es et d\u00e9cor\u00e9es des armes de France et de Bretagne. Des fissures parcourent l\u2019essence, en partie calcin\u00e9e lors de l\u2019incendie criminel de 2020. Les quatre ornements ne retrouveront pas tout de suite leur place d\u2019origine. Ces pi\u00e8ces d\u00e9mont\u00e9es, qui remplacent depuis 1987 les cl\u00e9s de vo\u00fbte historiques, ont \u00e9t\u00e9 d\u00e9grad\u00e9es par les flammes\u00a0<a href=\"https:\/\/www.lefigaro.fr\/sciences\/le-plomb-de-notre-dame-de-paris-a-eu-un-faible-impact-sanitaire-20230106\" target=\"_blank\" data-fig-type=\"Article\" rel=\"noopener\" data-gtm-custom-categorie=\"navigation\" data-gtm-custom-action=\"crossclick\" data-gtm-custom-label=\"Contextuel\" data-gtm-event=\"customEventSPE\" data-fig-domain=\"LEFIGARO\">et pollu\u00e9es au plomb<\/a>. Elles seront restaur\u00e9es puis repos\u00e9es \u00abult\u00e9rieurement\u00bb dans la cath\u00e9drale Saint-Pierre-et-Saint-Paul de Nantes.<\/p>\n<p>Ne pas \u00abs\u2019acharner\u00bb<\/p>\n<p class=\"fig-paragraph\">Les travaux les moins cruciaux se font \u00e0 l\u2019abri de l\u2019urgence. Les investigations aussi. \u00abAujourd\u2019hui encore, nous ignorons le bilan complet des cons\u00e9quences de l\u2019incendie, abonde Pauline Ducom, conservatrice des monuments historiques \u00e0 la Direction r\u00e9gionale des affaires culturelles (Drac) des Pays de la Loire. Des alt\u00e9rations peu dangereuses, mais pas encore visibles, peuvent se cacher au sein de la cath\u00e9drale. Cela fera l\u2019objet de travaux au long cours, pendant la prochaine d\u00e9cennie.\u00bb<\/p>\n<p class=\"fig-body-link\">\n            \u00c0 lire aussi<br \/>\n        <a class=\"fig-body-link__link fig-premium-mark\" href=\"http:\/\/www.lefigaro.fr\/actualite-france\/une-fois-un-echafaudage-monte-on-decouvre-d-autres-elements-a-revoir-le-difficile-et-couteux-chantier-de-la-cathedrale-de-nantes-20240912\" target=\"_blank\" data-fig-type=\"Article\" rel=\"noopener\" data-gtm-custom-categorie=\"navigation\" data-gtm-custom-action=\"crossclick\" data-gtm-custom-label=\"Contextuel\" data-gtm-event=\"customEventSPE\" data-fig-domain=\"LEFIGARO\">\u00abUne fois un \u00e9chafaudage mont\u00e9, on d\u00e9couvre d\u2019autres \u00e9l\u00e9ments \u00e0 revoir\u00bb\u00a0: le difficile et co\u00fbteux chantier de la cath\u00e9drale de Nantes<br \/>\n    <\/a>\n<\/p>\n<p class=\"fig-paragraph\">Dans la nef en travaux, des taches noires sont encore visibles sur les piliers, pr\u00e8s des secteurs o\u00f9 se sont consum\u00e9s les trois foyers de l\u2019incendie de 2020. Ces cicatrices seront encore pr\u00e9sentes \u00e0 la r\u00e9ouverture de la cath\u00e9drale. Les derniers travaux achev\u00e9s, ces ombres formeront les s\u00e9quelles les plus visibles du sinistre<strong>. <\/strong>\u00abDes d\u00e9poussi\u00e9rages seront r\u00e9alis\u00e9s avant la r\u00e9ouverture de septembre, mais des traces de suie subsisteront sur certaines surfaces, conc\u00e8de Pauline Ducom. Nous ne sommes pas parvenus \u00e0 les nettoyer par gommage et avons, par cons\u00e9quent, fait le choix de ne pas nous acharner, d\u2019autant que ces pierres ne pr\u00e9sentent aucun danger structurel ni de probl\u00e8me de conservation\u00bb.<\/p>\n<p class=\"fig-paragraph\">D\u2019autres travaux attendent d\u2019\u00eatre men\u00e9s \u00e0 Saint-Pierre-et-Saint-Paul de Nantes. Le retour \u00e0 la blancheur immacul\u00e9e des piliers attendra. \u00abUne cath\u00e9drale est comme un grand vaisseau, toujours en chantier, o\u00f9 il faut sans cesse colmater les br\u00e8ches ou lutter contre la rouille\u00bb, rel\u00e8ve Pascal Prunet. Le chantier des r\u00e9seaux de l\u2019\u00e9difice con\u00e7u au XVe si\u00e8cle devrait s\u2019achever fin mai. L\u2019\u00e9tape \u00e9tait l\u2019occasion de revoir de z\u00e9ro toutes ses installations techniques souterraines et de donner lieu \u00e0 des sondages arch\u00e9ologiques. La cath\u00e9drale rouvrira au public le 27 septembre 2025. Les travaux se poursuivront encore avec l\u2019important chantier du massif occidental. L\u2019entr\u00e9e du lieu de culte se couvrira d\u2019\u00e9chafaudages dans le courant du mois de juin. La fin de ces grands travaux n\u2019est pas attendue avant 2028. Le co\u00fbt estim\u00e9 de l\u2019ensemble devrait avoisiner, en fin de chantier, les 32 millions d\u2019euros.<\/p>\n","protected":false},"excerpt":{"rendered":"Le chantier de restauration du b\u00e2timent se poursuivra jusqu\u2019en 2028, malgr\u00e9 la r\u00e9ouverture partielle du lieu de culte&hellip;\n","protected":false},"author":2,"featured_media":99609,"comment_status":"","ping_status":"","sticky":false,"template":"","format":"standard","meta":{"footnotes":""},"categories":[2818],"tags":[1111,11,13601,1777,674,462,1011,27,2640,2642,766,2638,2643,2637,2639,2646,2645,2641,2635,2644,2647,12,2636,25,2021],"class_list":{"0":"post-99608","1":"post","2":"type-post","3":"status-publish","4":"format-standard","5":"has-post-thumbnail","7":"category-nantes","8":"tag-actu","9":"tag-actualites","10":"tag-cathedrale","11":"tag-eu","12":"tag-europe","13":"tag-fc-nantes","14":"tag-fr","15":"tag-france","16":"tag-hauts-paves-saint-felix","17":"tag-ile-de-nantes","18":"tag-nantes","19":"tag-nantes-bellevue-chantenay-sainte-anne","20":"tag-nantes-breil-barberie","21":"tag-nantes-centre-ville","22":"tag-nantes-dervallieres-zola","23":"tag-nantes-doulon-bottiere","24":"tag-nantes-erdre","25":"tag-nantes-malakoff-saint-donatien","26":"tag-nantes-metropole","27":"tag-nantes-nord","28":"tag-nantes-sud","29":"tag-news","30":"tag-pays-de-la-loire","31":"tag-republique-francaise","32":"tag-restauration"},"share_on_mastodon":{"url":"https:\/\/pubeurope.com\/@fr\/114506776126949524","error":""},"_links":{"self":[{"href":"https:\/\/www.europesays.com\/fr\/wp-json\/wp\/v2\/posts\/99608","targetHints":{"allow":["GET"]}}],"collection":[{"href":"https:\/\/www.europesays.com\/fr\/wp-json\/wp\/v2\/posts"}],"about":[{"href":"https:\/\/www.europesays.com\/fr\/wp-json\/wp\/v2\/types\/post"}],"author":[{"embeddable":true,"href":"https:\/\/www.europesays.com\/fr\/wp-json\/wp\/v2\/users\/2"}],"replies":[{"embeddable":true,"href":"https:\/\/www.europesays.com\/fr\/wp-json\/wp\/v2\/comments?post=99608"}],"version-history":[{"count":0,"href":"https:\/\/www.europesays.com\/fr\/wp-json\/wp\/v2\/posts\/99608\/revisions"}],"wp:featuredmedia":[{"embeddable":true,"href":"https:\/\/www.europesays.com\/fr\/wp-json\/wp\/v2\/media\/99609"}],"wp:attachment":[{"href":"https:\/\/www.europesays.com\/fr\/wp-json\/wp\/v2\/media?parent=99608"}],"wp:term":[{"taxonomy":"category","embeddable":true,"href":"https:\/\/www.europesays.com\/fr\/wp-json\/wp\/v2\/categories?post=99608"},{"taxonomy":"post_tag","embeddable":true,"href":"https:\/\/www.europesays.com\/fr\/wp-json\/wp\/v2\/tags?post=99608"}],"curies":[{"name":"wp","href":"https:\/\/api.w.org\/{rel}","templated":true}]}}