{"id":9961,"date":"2025-04-08T10:29:11","date_gmt":"2025-04-08T10:29:11","guid":{"rendered":"https:\/\/www.europesays.com\/fr\/9961\/"},"modified":"2025-04-08T10:29:11","modified_gmt":"2025-04-08T10:29:11","slug":"apres-un-lundi-noir-les-bourses-europeennes-repartent-157-a-paris","status":"publish","type":"post","link":"https:\/\/www.europesays.com\/fr\/9961\/","title":{"rendered":"apr\u00e8s un lundi noir, les bourses europ\u00e9ennes repartent, +1,57% \u00e0 Paris"},"content":{"rendered":"<p class=\"article-p mdl\">Apr\u00e8s un lundi noir, les Bourses europ\u00e9ennes tentent un rebond ce mardi 8 avril. +1,57% pour la bourse de Paris, +0,90% \u00e0 Londres et +1,26% \u00e0 Francfort.\u00a0<\/p>\n<p class=\"article-p mdl\">Une respiration apr\u00e8s trois s\u00e9ances noires sur les march\u00e9s, insuffl\u00e9e par la hausse de la Bourse japonaise, sur fond de n\u00e9gociations entre le Japon et les \u00c9tats-Unis sur les droits de douane.\u00a0Dans les premiers \u00e9changes, <strong>la Bourse de Paris prenait 1,41%, Londres 1,27%, Francfort 0,86% et Milan 1,73%.<\/strong><\/p>\n<p class=\"article-p mdl\">Le Premier ministre japonais Ishiba Shigeru a eu un appel t\u00e9l\u00e9phonique avec le pr\u00e9sident am\u00e9ricain Donald Trump, lundi 7 avril, pour amorcer des n\u00e9gociations. Il a annonc\u00e9, suite \u00e0 cet appel, <strong>qu&rsquo;il se rendrait aux \u00c9tats-Unis au moment opportun <\/strong>pour discuter directement avec son homologue am\u00e9ricain.\u00a0<\/p>\n<p class=\"article-p mdl\">De son c\u00f4t\u00e9, l&rsquo;Union europ\u00e9enne a \u00e9chou\u00e9 dans<a class=\"link\" href=\"https:\/\/www.rtl.fr\/actu\/international\/droits-de-douane-donald-trump-juge-que-la-proposition-de-l-union-europeenne-n-est-pas-suffisante-7900492052\" title=\"Droits de douane : Donald Trump juge que la proposition de l\u2019Union europ\u00e9enne n\u2019est &quot;pas suffisante&quot;\" rel=\"nofollow noopener\" target=\"_blank\"> sa derni\u00e8re tentative en date de n\u00e9gociation<\/a>. Elle proposait\u00a0une exemption de droits de douane totale et r\u00e9ciproque pour les produits industriels, <strong>refus\u00e9e par Donald Trump.\u00a0<\/strong><\/p>\n<p>    La r\u00e9daction vous recommande<\/p>\n<p class=\"s-newsletter__title\">\n                L\u2019actualit\u00e9 par la r\u00e9daction de RTL dans votre bo\u00eete mail.\n            <\/p>\n<p class=\"s-newsletter__subtitle\">\n                Gr\u00e2ce \u00e0 votre compte RTL abonnez-vous \u00e0 la newsletter RTL info pour suivre toute l&rsquo;actualit\u00e9 au quotidien\n            <\/p>\n<p>\n                                    Lire la suite\n                                <\/p>\n","protected":false},"excerpt":{"rendered":"Apr\u00e8s un lundi noir, les Bourses europ\u00e9ennes tentent un rebond ce mardi 8 avril. +1,57% pour la bourse&hellip;\n","protected":false},"author":2,"featured_media":9962,"comment_status":"","ping_status":"","sticky":false,"template":"","format":"standard","meta":{"footnotes":""},"categories":[1888],"tags":[11,340,75,2822,1777,674,107,1011,27,399,12,626,25,364],"class_list":{"0":"post-9961","1":"post","2":"type-post","3":"status-publish","4":"format-standard","5":"has-post-thumbnail","7":"category-paris","8":"tag-actualites","9":"tag-bourse","10":"tag-donald-trump","11":"tag-douanes","12":"tag-eu","13":"tag-europe","14":"tag-fil-info","15":"tag-fr","16":"tag-france","17":"tag-investissement","18":"tag-news","19":"tag-paris","20":"tag-republique-francaise","21":"tag-union-europeenne"},"share_on_mastodon":{"url":"https:\/\/pubeurope.com\/@fr\/114301879137563927","error":""},"_links":{"self":[{"href":"https:\/\/www.europesays.com\/fr\/wp-json\/wp\/v2\/posts\/9961","targetHints":{"allow":["GET"]}}],"collection":[{"href":"https:\/\/www.europesays.com\/fr\/wp-json\/wp\/v2\/posts"}],"about":[{"href":"https:\/\/www.europesays.com\/fr\/wp-json\/wp\/v2\/types\/post"}],"author":[{"embeddable":true,"href":"https:\/\/www.europesays.com\/fr\/wp-json\/wp\/v2\/users\/2"}],"replies":[{"embeddable":true,"href":"https:\/\/www.europesays.com\/fr\/wp-json\/wp\/v2\/comments?post=9961"}],"version-history":[{"count":0,"href":"https:\/\/www.europesays.com\/fr\/wp-json\/wp\/v2\/posts\/9961\/revisions"}],"wp:featuredmedia":[{"embeddable":true,"href":"https:\/\/www.europesays.com\/fr\/wp-json\/wp\/v2\/media\/9962"}],"wp:attachment":[{"href":"https:\/\/www.europesays.com\/fr\/wp-json\/wp\/v2\/media?parent=9961"}],"wp:term":[{"taxonomy":"category","embeddable":true,"href":"https:\/\/www.europesays.com\/fr\/wp-json\/wp\/v2\/categories?post=9961"},{"taxonomy":"post_tag","embeddable":true,"href":"https:\/\/www.europesays.com\/fr\/wp-json\/wp\/v2\/tags?post=9961"}],"curies":[{"name":"wp","href":"https:\/\/api.w.org\/{rel}","templated":true}]}}