{"id":99620,"date":"2025-05-14T15:03:08","date_gmt":"2025-05-14T15:03:08","guid":{"rendered":"https:\/\/www.europesays.com\/fr\/99620\/"},"modified":"2025-05-14T15:03:08","modified_gmt":"2025-05-14T15:03:08","slug":"de-gros-bouchons-pres-de-lille-ce-mercredi","status":"publish","type":"post","link":"https:\/\/www.europesays.com\/fr\/99620\/","title":{"rendered":"de gros bouchons pr\u00e8s de Lille ce mercredi"},"content":{"rendered":"<p>            Par<br \/>\n        <strong><br \/>\n            <a href=\"https:\/\/actu.fr\/auteur\/amandine-vachez\" title=\"Consulter tous les articles de Amandine Vachez\" rel=\"nofollow noopener\" target=\"_blank\">Amandine Vachez<\/a><br \/>\n        <\/strong><\/p>\n<p>        Publi\u00e9 le<\/p>\n<p>            14 mai 2025 \u00e0 16h55<br \/>\n        ; mis \u00e0 jour le 14 mai 2025 \u00e0 16h56    <\/p>\n<p>Il est recommand\u00e9 d\u2019\u00eatre vigilant, ce <b>mercredi 14 mai 2025 sur l\u2019A25<\/b>, au niveau de <b>Loos<\/b> (Nord). Un <a href=\"https:\/\/actu.fr\/tag\/accident\" rel=\"nofollow noopener\" target=\"_blank\">accident<\/a> est survenu peu avant 16h45. Des <b>bouchons<\/b> sont signal\u00e9s.<\/p>\n<p>Trois v\u00e9hicules et une moto impliqu\u00e9s dans l\u2019accident, qui cause de gros ralentissements<\/p>\n<p class=\" wall-content\">C\u2019est sur l\u2019autoroute A25, dans le<b> sens Lille vers Dunkerque <\/b>que l\u2019accident a eu lieu, indique la cellule de vigilance routi\u00e8re de la pr\u00e9fecture du Nord. \u00ab\u00a0Trois v\u00e9hicules et une moto voiture sont en cause. <b>La voie de droite et la voie du milieu sont neutralis\u00e9es<\/b>\u00ab\u00a0, est-il d\u00e9taill\u00e9.<\/p>\n<p class=\" wall-content\">Un<b> bouchon de 6 km<\/b> s\u2019est form\u00e9 aux abords de Lille.<\/p>\n<p class=\" wall-content\">Prudence, donc.<\/p>\n<p class=\" wall-content\">Suivez toute l\u2019actualit\u00e9 de vos villes et m\u00e9dias favoris en vous inscrivant \u00e0 <a href=\"https:\/\/moncompte.actu.fr\" title=\"D\u00e9couvez Mon Actu\" rel=\"nofollow noopener\" data-trk=\"{&quot;cta&quot;:{&quot;action&quot;:&quot;https:\\\/\\\/moncompte.actu.fr&quot;,&quot;category&quot;:&quot;mon compte&quot;,&quot;from&quot;:&quot;article footer&quot;,&quot;name&quot;:&quot;Mon actu&quot;,&quot;type&quot;:&quot;cta&quot;}}\" target=\"_blank\">Mon Actu<\/a>.<\/p>\n","protected":false},"excerpt":{"rendered":"Par Amandine Vachez Publi\u00e9 le 14 mai 2025 \u00e0 16h55 ; mis \u00e0 jour le 14 mai 2025&hellip;\n","protected":false},"author":2,"featured_media":99621,"comment_status":"","ping_status":"","sticky":false,"template":"","format":"standard","meta":{"footnotes":""},"categories":[2815],"tags":[119,1111,11,3542,1777,674,118,1011,27,811,1307,12,25],"class_list":{"0":"post-99620","1":"post","2":"type-post","3":"status-publish","4":"format-standard","5":"has-post-thumbnail","7":"category-lille","8":"tag-accident","9":"tag-actu","10":"tag-actualites","11":"tag-circulation","12":"tag-eu","13":"tag-europe","14":"tag-faits-divers","15":"tag-fr","16":"tag-france","17":"tag-hauts-de-france","18":"tag-lille","19":"tag-news","20":"tag-republique-francaise"},"share_on_mastodon":{"url":"https:\/\/pubeurope.com\/@fr\/114506799723476746","error":""},"_links":{"self":[{"href":"https:\/\/www.europesays.com\/fr\/wp-json\/wp\/v2\/posts\/99620","targetHints":{"allow":["GET"]}}],"collection":[{"href":"https:\/\/www.europesays.com\/fr\/wp-json\/wp\/v2\/posts"}],"about":[{"href":"https:\/\/www.europesays.com\/fr\/wp-json\/wp\/v2\/types\/post"}],"author":[{"embeddable":true,"href":"https:\/\/www.europesays.com\/fr\/wp-json\/wp\/v2\/users\/2"}],"replies":[{"embeddable":true,"href":"https:\/\/www.europesays.com\/fr\/wp-json\/wp\/v2\/comments?post=99620"}],"version-history":[{"count":0,"href":"https:\/\/www.europesays.com\/fr\/wp-json\/wp\/v2\/posts\/99620\/revisions"}],"wp:featuredmedia":[{"embeddable":true,"href":"https:\/\/www.europesays.com\/fr\/wp-json\/wp\/v2\/media\/99621"}],"wp:attachment":[{"href":"https:\/\/www.europesays.com\/fr\/wp-json\/wp\/v2\/media?parent=99620"}],"wp:term":[{"taxonomy":"category","embeddable":true,"href":"https:\/\/www.europesays.com\/fr\/wp-json\/wp\/v2\/categories?post=99620"},{"taxonomy":"post_tag","embeddable":true,"href":"https:\/\/www.europesays.com\/fr\/wp-json\/wp\/v2\/tags?post=99620"}],"curies":[{"name":"wp","href":"https:\/\/api.w.org\/{rel}","templated":true}]}}