{"id":996367,"date":"2026-06-13T00:15:18","date_gmt":"2026-06-13T00:15:18","guid":{"rendered":"https:\/\/www.europesays.com\/fr\/996367\/"},"modified":"2026-06-13T00:15:18","modified_gmt":"2026-06-13T00:15:18","slug":"un-juge-londonien-condamne-des-militants-de-palestine-action","status":"publish","type":"post","link":"https:\/\/www.europesays.com\/fr\/996367\/","title":{"rendered":"Un juge londonien condamne des militants de Palestine Action"},"content":{"rendered":"<p>Un juge londonien a condamn\u00e9 vendredi quatre militants de Palestine Action \u00e0 plusieurs ann\u00e9es de prison pour avoir agi en tant que terroristes lorsqu\u2019ils ont fait irruption dans une usine de d\u00e9fense isra\u00e9lienne au Royaume-Uni et d\u00e9truit du mat\u00e9riel dans le but de perturber la production d\u2019armes qui, selon eux, risquaient de tuer des personnes \u00e0 Gaza.<\/p>\n<p>L\u2019effraction chez Elbit Systems a caus\u00e9 1,2\u00a0million de livres sterling (2,25millions\u00a0$\u00a0CAN) de d\u00e9g\u00e2ts et a donn\u00e9 lieu \u00e0 un affrontement avec les agents de s\u00e9curit\u00e9 et les forces de l\u2019ordre, au cours duquel un policier s\u2019est cass\u00e9 le dos.<\/p>\n<p>Le juge Jeremy Johnson a estim\u00e9 que le crime allait au-del\u00e0 des simples dommages mat\u00e9riels pour lesquels les quatre avaient \u00e9t\u00e9 condamn\u00e9s, car ils visaient \u00e0 emp\u00eacher l\u2019entreprise de d\u00e9fense de fonctionner ou \u00e0 forcer le gouvernement britannique \u00e0 mettre fin \u00e0 sa production, ce qui, selon lui, conf\u00e9rait au crime un \u00ablien avec le terrorisme\u00bb.<\/p>\n<p>\u00abChaque accus\u00e9 a accept\u00e9 de prendre part \u00e0 des actions de grande envergure, et l\u2019a fait dans le but commun de faire fermer Elbit et de mettre fin \u00e0 ce qu\u2019ils consid\u00e9raient comme la complicit\u00e9 britannique dans les crimes de guerre isra\u00e9liens, a d\u00e9clar\u00e9 Jeremy Johnson. L\u2019action visait \u00e0 influencer le gouvernement britannique et \u00e0 intimider une partie de l\u2019opinion publique, et avait pour but de faire avancer une cause id\u00e9ologique ou politique.\u00bb<\/p>\n<p>Samuel Corner, 23\u00a0ans, a \u00e9t\u00e9 condamn\u00e9 \u00e0 7\u00a0ans et 8\u00a0mois de prison. Charlotte Head et Leona Kamio, \u00e2g\u00e9es de 30\u00a0ans, ont \u00e9t\u00e9 condamn\u00e9es \u00e0 5\u00a0ans de prison, et Fatema Rajwani, 21\u00a0ans, \u00e0 4\u00a0ans et 8\u00a0mois de prison. <\/p>\n<p>L\u2019attaque contre l\u2019usine de Bristol en 2024 a \u00e9t\u00e9 l\u2019un des \u00e9v\u00e9nements qui ont conduit le gouvernement, l\u2019ann\u00e9e derni\u00e8re, \u00e0 interdire Palestine Action en tant qu\u2019organisation terroriste, ce qui a entra\u00een\u00e9 l\u2019arrestation de plus de 1600 personnes manifestant en soutien au groupe entre juillet et septembre de l\u2019ann\u00e9e derni\u00e8re, selon les derniers chiffres du minist\u00e8re de l\u2019Int\u00e9rieur. <\/p>\n<p>La Haute Cour de Londres a jug\u00e9 que la d\u00e9cision d\u2019interdire le groupe \u00e9tait ill\u00e9gale, mais a maintenu l\u2019interdiction en attendant une d\u00e9cision de la cour d\u2019appel pr\u00e9vue lundi.<\/p>\n<p>Alors que le prononc\u00e9 de la sentence \u00e9tait en cours \u00e0 la Cour criminelle de Woolwich, plus de 100\u00a0manifestants de Palestine Action ont \u00e9t\u00e9 arr\u00eat\u00e9s devant le palais de justice, dans le sud-est de Londres.<\/p>\n<p>Les quatre accus\u00e9s ont \u00e9t\u00e9 reconnus coupables de dommages criminels en mai.<\/p>\n<p>Head a enfonc\u00e9 une camionnette dans les grilles de l\u2019usine d\u2019Elbit Systems le 6\u00a0ao\u00fbt\u00a02024 et les quatre militants, v\u00eatus de combinaisons rouges, ont utilis\u00e9 des marteaux et des pieds-de-biche pour d\u00e9truire du mat\u00e9riel dans le but de d\u00e9manteler la production de drones qui, selon eux, seraient utilis\u00e9s pour tuer des personnes au Moyen-Orient.<\/p>\n<p>Lors de l\u2019affrontement avec les forces de s\u00e9curit\u00e9 et de l\u2019ordre, Corner a frapp\u00e9 deux fois dans le dos la sergente Kate Evans avec une masse de 3,2\u00a0kg, lui fracturant la colonne vert\u00e9brale. Il a \u00e9t\u00e9 reconnu coupable de coups et blessures graves. <\/p>\n<p>Mme\u00a0Evans a \u00e9nonc\u00e9 au tribunal qu\u2019elle se remettait encore de ses blessures et qu\u2019elle avait \u00e9t\u00e9 la cible de courriels haineux sugg\u00e9rant qu\u2019elle travaillait pour \u00abl\u2019occupation sioniste de la Grande-Bretagne\u00bb. <\/p>\n<p>\u00abL\u2019impact \u00e9motionnel de cet incident a \u00e9t\u00e9 profond et perdure, a-t-elle soulign\u00e9. Je souffre de troubles du sommeil, me r\u00e9veillant souvent en \u00e9tat de panique ou apr\u00e8s des cauchemars angoissants.\u00a0\u00bb<\/p>\n<p>La d\u00e9cision de Jeremy Johnson selon laquelle ce crime \u00e9tait li\u00e9 au terrorisme signifie que chaque condamn\u00e9 devra purger au moins les deux tiers de sa peine et devra obtenir l\u2019accord de la commission des lib\u00e9rations conditionnelles pour \u00eatre lib\u00e9r\u00e9. <\/p>\n<p>Amnesty International a d\u00e9clar\u00e9 que le fait de traiter les dommages criminels comme du terrorisme cr\u00e9ait un dangereux pr\u00e9c\u00e9dent.<\/p>\n<p>\u00abL\u2019audience de d\u00e9termination de la peine d\u2019aujourd\u2019hui risque de marquer un nouveau creux dans la r\u00e9pression en cours contre les manifestations \u00e0 travers le Royaume-Uni, a comment\u00e9 Kerry Moscogiuri, directrice g\u00e9n\u00e9rale d\u2019Amnesty International au Royaume-Uni, dans un communiqu\u00e9. Il est tout \u00e0 fait disproportionn\u00e9 de proc\u00e9der ainsi, car l\u2019infraction a \u00e9t\u00e9 commise lors d\u2019une manifestation.\u00bb<\/p>\n<p>Ces condamnations surviennent apr\u00e8s un pr\u00e9c\u00e9dent proc\u00e8s au cours duquel les jur\u00e9s avaient acquitt\u00e9 six accus\u00e9s des chefs de cambriolage aggrav\u00e9 et de troubles violents, mais n\u2019avaient pas pu se mettre d\u2019accord sur les chefs d\u2019accusation de dommages criminels. Les deux autres accus\u00e9s ont \u00e9t\u00e9 acquitt\u00e9s lors du nouveau proc\u00e8s.<\/p>\n","protected":false},"excerpt":{"rendered":"Un juge londonien a condamn\u00e9 vendredi quatre militants de Palestine Action \u00e0 plusieurs ann\u00e9es de prison pour avoir&hellip;\n","protected":false},"author":2,"featured_media":996368,"comment_status":"","ping_status":"","sticky":false,"template":"","format":"standard","meta":{"footnotes":"","_share_on_mastodon":"0"},"categories":[1588],"tags":[11,1777,674,4574,1854,20106,4576,12,473,1853,1851,1850,1852],"class_list":["post-996367","post","type-post","status-publish","format-standard","has-post-thumbnail","category-royaume-uni","tag-actualites","tag-eu","tag-europe","tag-https-lactualite-com-sujet-affaires","tag-https-lactualite-com-sujet-international","tag-https-lactualite-com-sujet-justice","tag-https-lactualite-com-sujet-politique","tag-news","tag-royaume-uni","tag-royaume-uni-de-grande-bretagne-et-dirlande-du-nord","tag-uk","tag-united-kingdom","tag-united-kingdom-of-great-britain-and-northern-ireland"],"share_on_mastodon":{"url":"https:\/\/pubeurope.com\/@fr\/116739920906659844","error":""},"_links":{"self":[{"href":"https:\/\/www.europesays.com\/fr\/wp-json\/wp\/v2\/posts\/996367","targetHints":{"allow":["GET"]}}],"collection":[{"href":"https:\/\/www.europesays.com\/fr\/wp-json\/wp\/v2\/posts"}],"about":[{"href":"https:\/\/www.europesays.com\/fr\/wp-json\/wp\/v2\/types\/post"}],"author":[{"embeddable":true,"href":"https:\/\/www.europesays.com\/fr\/wp-json\/wp\/v2\/users\/2"}],"replies":[{"embeddable":true,"href":"https:\/\/www.europesays.com\/fr\/wp-json\/wp\/v2\/comments?post=996367"}],"version-history":[{"count":0,"href":"https:\/\/www.europesays.com\/fr\/wp-json\/wp\/v2\/posts\/996367\/revisions"}],"wp:featuredmedia":[{"embeddable":true,"href":"https:\/\/www.europesays.com\/fr\/wp-json\/wp\/v2\/media\/996368"}],"wp:attachment":[{"href":"https:\/\/www.europesays.com\/fr\/wp-json\/wp\/v2\/media?parent=996367"}],"wp:term":[{"taxonomy":"category","embeddable":true,"href":"https:\/\/www.europesays.com\/fr\/wp-json\/wp\/v2\/categories?post=996367"},{"taxonomy":"post_tag","embeddable":true,"href":"https:\/\/www.europesays.com\/fr\/wp-json\/wp\/v2\/tags?post=996367"}],"curies":[{"name":"wp","href":"https:\/\/api.w.org\/{rel}","templated":true}]}}