{"id":99637,"date":"2025-05-14T15:12:09","date_gmt":"2025-05-14T15:12:09","guid":{"rendered":"https:\/\/www.europesays.com\/fr\/99637\/"},"modified":"2025-05-14T15:12:09","modified_gmt":"2025-05-14T15:12:09","slug":"retour-de-la-vasque-soiree-des-champions-le-programme-complet-des-celebrations-devoile","status":"publish","type":"post","link":"https:\/\/www.europesays.com\/fr\/99637\/","title":{"rendered":"Retour de la vasque, \u00ab soir\u00e9e des champions \u00bb\u2026 Le programme complet des c\u00e9l\u00e9brations d\u00e9voil\u00e9"},"content":{"rendered":"<p><strong>retour de f\u00eate &#8211; Pour f\u00eater le premier anniversaire des JO de Paris 2024 et \u00ab\u00a0faire vivre l\u2019h\u00e9ritage\u00a0\u00bb, le CNOSF organise une multitude de c\u00e9l\u00e9brations \u00e0 partir de ce samedi 17\u00a0juin et jusqu\u2019au 29\u00a0septembre<\/strong><\/p>\n<p>La f\u00eate \u00e9tait trop belle pour la laisser tomber aux oubliettes. Ce mardi, le <a href=\"https:\/\/www.20minutes.fr\/dossier\/cnosf?at_medium=RSS%20feed&amp;at_campaign=ynews&amp;utm_source=yahoo&amp;utm_medium=rss&amp;utm_campaign=news_feed&amp;utm_content=in_article_link\" rel=\"nofollow noopener\" target=\"_blank\" data-ylk=\"slk:Comit\u00e9 national olympique et sportif fran\u00e7ais;elm:context_link;itc:0;sec:content-canvas\" class=\"link \">Comit\u00e9 national olympique et sportif fran\u00e7ais<\/a> (CNOSF) a d\u00e9voil\u00e9 le dispositif de c\u00e9l\u00e9bration du premier anniversaire des <a href=\"https:\/\/www.20minutes.fr\/sport\/jo_2024\/?at_medium=RSS%20feed&amp;at_campaign=ynews&amp;utm_source=yahoo&amp;utm_medium=rss&amp;utm_campaign=news_feed&amp;utm_content=in_article_link\" rel=\"nofollow noopener\" target=\"_blank\" data-ylk=\"slk:Jeux olympiques de Paris 2024;elm:context_link;itc:0;sec:content-canvas\" class=\"link \">Jeux olympiques de Paris 2024<\/a>.<\/p>\n<p>Au programme notamment\u00a0: <a href=\"https:\/\/www.20minutes.fr\/paris\/4103499-20240730-jo-paris-2024-oui-vasque-pourrait-rester-jardin-tuileries-flamme?at_medium=RSS%20feed&amp;at_campaign=ynews&amp;utm_source=yahoo&amp;utm_medium=rss&amp;utm_campaign=news_feed&amp;utm_content=in_article_link\" rel=\"nofollow noopener\" target=\"_blank\" data-ylk=\"slk:la lev\u00e9e de la vasque qui a bluff\u00e9 le monde;elm:context_link;itc:0;sec:content-canvas\" class=\"link \">la lev\u00e9e de la vasque qui a bluff\u00e9 le monde<\/a> depuis le Jardin des Tuileries et qui illuminera <a href=\"https:\/\/www.20minutes.fr\/paris\/?at_medium=RSS%20feed&amp;at_campaign=ynews&amp;utm_source=yahoo&amp;utm_medium=rss&amp;utm_campaign=news_feed&amp;utm_content=in_article_link\" rel=\"nofollow noopener\" target=\"_blank\" data-ylk=\"slk:Paris;elm:context_link;itc:0;sec:content-canvas\" class=\"link \">Paris<\/a> du 21\u00a0juin, jour de la f\u00eate de la musique, au 14\u00a0septembre, ou encore la tourn\u00e9e de \u00ab\u00a0Zeus\u00a0\u00bb, le fameux cheval m\u00e9tallique, star de la c\u00e9r\u00e9monie d\u2019ouverture des JO 2024 lanc\u00e9e le 3\u00a0mars dernier et qui va se poursuivre jusqu\u2019au 29\u00a0septembre prochain. De quoi faire remonter les souvenirs de l\u2019\u00e9v\u00e9nement mondial et peut-\u00eatre un peu de nostalgie dans le c\u0153ur des Parisiens.<\/p>\n<p>Des c\u00e9l\u00e9brations pour \u00ab\u00a0prolonger la magie et faire vivre l\u2019h\u00e9ritage\u00a0\u00bb<\/p>\n<p>\u00ab\u00a0Pens\u00e9e comme une c\u00e9l\u00e9bration populaire, f\u00e9d\u00e9ratrice et porteuse <a href=\"https:\/\/www.20minutes.fr\/politique\/4105550-20240812-jo-paris-2024-fierte-securite-heritage-faut-retenir-discours-bilan-macron?at_medium=RSS%20feed&amp;at_campaign=ynews&amp;utm_source=yahoo&amp;utm_medium=rss&amp;utm_campaign=news_feed&amp;utm_content=in_article_link\" rel=\"nofollow noopener\" target=\"_blank\" data-ylk=\"slk:d\u2019h\u00e9ritage;elm:context_link;itc:0;sec:content-canvas\" class=\"link \">d\u2019h\u00e9ritage<\/a>, cette saison anniversaire organis\u00e9e du 8\u00a0mai au 31\u00a0d\u00e9cembre 2025, sera ponctu\u00e9e de temps forts sportifs, culturels, protocolaires et d\u2019engagement\u00a0\u00bb, promet le CNOSF dans un communiqu\u00e9.<\/p>\n<p>D\u00e8s ce samedi 17\u00a0mai, des animations sont ainsi pr\u00e9vues pour le grand public sur la colline d\u2019Elancourt (Yvelines), o\u00f9 <a href=\"https:\/\/www.20minutes.fr\/sport\/pauline-ferrand-prevot\/?at_medium=RSS%20feed&amp;at_campaign=ynews&amp;utm_source=yahoo&amp;utm_medium=rss&amp;utm_campaign=news_feed&amp;utm_content=in_article_link\" rel=\"nofollow noopener\" target=\"_blank\" data-ylk=\"slk:Pauline Ferrand-Pr\u00e9vot;elm:context_link;itc:0;sec:content-canvas\" class=\"link \">Pauline Ferrand-Pr\u00e9vot<\/a> a d\u00e9croch\u00e9 l\u2019or olympique \u00e0 l\u2019\u00e9preuve de VTT et Viktor Korezky l\u2019argent. Le centre aquatique olympique (CAO), situ\u00e9 en face du Stade de France et qui a accueilli le Giant Open la semaine derni\u00e8re, ouvrira lui ses portes au grand public le 2\u00a0juin.<\/p>\n<p>Le CNOSF annonce \u00e9galement une \u00ab\u00a0Soir\u00e9e des Champion(&#8230;)<\/p>\n<p><a href=\"https:\/\/www.20minutes.fr\/paris\/4153415-20250514-jo-paris-2024-retour-vasque-soiree-champions-programme-complet-celebrations-devoile?at_medium=RSS%20feed&amp;at_campaign=ynews&amp;utm_source=yahoo&amp;utm_medium=rss&amp;utm_campaign=news_feed&amp;utm_content=read_more_link&quot;\" rel=\"nofollow noopener\" target=\"_blank\" data-ylk=\"slk:Lire la suite sur 20minutes;elm:context_link;itc:0;sec:content-canvas\" class=\"link \">Lire la suite sur 20minutes<\/a><\/p>\n<p>\u00c0 lire aussi :<br \/><a href=\"https:\/\/www.20minutes.fr\/economie\/4146659-20250402-jo-paris-2024-cloche-guirlandes-philippe-katerine-lots-nouvelle-vente-encheres?at_medium=RSS%20feed&amp;at_campaign=ynews&amp;utm_source=yahoo&amp;utm_medium=rss&amp;utm_campaign=news_feed&amp;utm_content=related_content_link\" rel=\"nofollow noopener\" target=\"_blank\" data-ylk=\"slk:JO de Paris 2024\u00a0: La cloche (et les guirlandes) de Philippe Katerine ainsi que d\u2019autres lots seront vendus aux ench\u00e8res;elm:context_link;itc:0;sec:content-canvas\" class=\"link \">JO de Paris 2024\u00a0: La cloche (et les guirlandes) de Philippe Katerine ainsi que d\u2019autres lots seront vendus aux ench\u00e8res<\/a><br \/><a href=\"https:\/\/www.20minutes.fr\/economie\/4144409-20250320-tourisme-malgre-jo-paris-region-attire-2-visiteurs-supplementaires-2024?at_medium=RSS%20feed&amp;at_campaign=ynews&amp;utm_source=yahoo&amp;utm_medium=rss&amp;utm_campaign=news_feed&amp;utm_content=related_content_link\" rel=\"nofollow noopener\" target=\"_blank\" data-ylk=\"slk:Tourisme\u00a0: Malgr\u00e9 les JO, Paris et sa r\u00e9gion n\u2019ont attir\u00e9 que 2\u00a0% de visiteurs suppl\u00e9mentaires en\u00a02024;elm:context_link;itc:0;sec:content-canvas\" class=\"link \">Tourisme\u00a0: Malgr\u00e9 les JO, Paris et sa r\u00e9gion n\u2019ont attir\u00e9 que 2\u00a0% de visiteurs suppl\u00e9mentaires en\u00a02024<\/a><\/p>\n","protected":false},"excerpt":{"rendered":"retour de f\u00eate &#8211; Pour f\u00eater le premier anniversaire des JO de Paris 2024 et \u00ab\u00a0faire vivre l\u2019h\u00e9ritage\u00a0\u00bb,&hellip;\n","protected":false},"author":2,"featured_media":99638,"comment_status":"","ping_status":"","sticky":false,"template":"","format":"standard","meta":{"footnotes":""},"categories":[1888],"tags":[1111,1928,11,1927,19415,21403,1777,674,1011,27,21406,21405,12,1926,626,1925,21404,25],"class_list":{"0":"post-99637","1":"post","2":"type-post","3":"status-publish","4":"format-standard","5":"has-post-thumbnail","7":"category-paris","8":"tag-actu","9":"tag-actu-paris","10":"tag-actualites","11":"tag-actualites-paris","12":"tag-celebrations","13":"tag-cnosf","14":"tag-eu","15":"tag-europe","16":"tag-fr","17":"tag-france","18":"tag-jardin-des-tuileries","19":"tag-jeux-olympiques-de-paris","20":"tag-news","21":"tag-news-paris","22":"tag-paris","23":"tag-paris-news","24":"tag-premier-anniversaire","25":"tag-republique-francaise"},"share_on_mastodon":{"url":"https:\/\/pubeurope.com\/@fr\/114506835395699858","error":""},"_links":{"self":[{"href":"https:\/\/www.europesays.com\/fr\/wp-json\/wp\/v2\/posts\/99637","targetHints":{"allow":["GET"]}}],"collection":[{"href":"https:\/\/www.europesays.com\/fr\/wp-json\/wp\/v2\/posts"}],"about":[{"href":"https:\/\/www.europesays.com\/fr\/wp-json\/wp\/v2\/types\/post"}],"author":[{"embeddable":true,"href":"https:\/\/www.europesays.com\/fr\/wp-json\/wp\/v2\/users\/2"}],"replies":[{"embeddable":true,"href":"https:\/\/www.europesays.com\/fr\/wp-json\/wp\/v2\/comments?post=99637"}],"version-history":[{"count":0,"href":"https:\/\/www.europesays.com\/fr\/wp-json\/wp\/v2\/posts\/99637\/revisions"}],"wp:featuredmedia":[{"embeddable":true,"href":"https:\/\/www.europesays.com\/fr\/wp-json\/wp\/v2\/media\/99638"}],"wp:attachment":[{"href":"https:\/\/www.europesays.com\/fr\/wp-json\/wp\/v2\/media?parent=99637"}],"wp:term":[{"taxonomy":"category","embeddable":true,"href":"https:\/\/www.europesays.com\/fr\/wp-json\/wp\/v2\/categories?post=99637"},{"taxonomy":"post_tag","embeddable":true,"href":"https:\/\/www.europesays.com\/fr\/wp-json\/wp\/v2\/tags?post=99637"}],"curies":[{"name":"wp","href":"https:\/\/api.w.org\/{rel}","templated":true}]}}