{"id":99641,"date":"2025-05-14T15:14:12","date_gmt":"2025-05-14T15:14:12","guid":{"rendered":"https:\/\/www.europesays.com\/fr\/99641\/"},"modified":"2025-05-14T15:14:12","modified_gmt":"2025-05-14T15:14:12","slug":"paymium-la-societe-de-cryptomonnaies-visee-veut-des-mesures-pour-proteger-le-secteur","status":"publish","type":"post","link":"https:\/\/www.europesays.com\/fr\/99641\/","title":{"rendered":"Paymium, la soci\u00e9t\u00e9 de cryptomonnaies vis\u00e9e, veut des mesures pour prot\u00e9ger le secteur"},"content":{"rendered":"<p>        <img decoding=\"async\" loading=\"lazy\" src=\"https:\/\/www.europesays.com\/fr\/wp-content\/uploads\/2025\/05\/4614391_sirius-fs-upload-1-5nqdqp084nzj-1739093007993-000-36xc7ql.jpg\"  width=\"728\" height=\"485\" alt=\"Bruno Retailleau photographi\u00e9 lors d\u2019une conf\u00e9rence de presse \u00e0 Lognes (Seine-et-Marne) consacr\u00e9 \u00e0 l\u2019immigration.\"\/>  <\/p>\n<p>THOMAS SAMSON \/ AFP<\/p>\n<p>Bruno Retailleau photographi\u00e9 lors d\u2019une conf\u00e9rence de presse \u00e0 Lognes (Seine-et-Marne) consacr\u00e9 \u00e0 l\u2019immigration.<\/p>\n<p class=\"asset asset-text\">FAITS DIVERS &#8211; Apr\u00e8s le choc, l\u2019appel \u00e0 la r\u00e9action. Paymium, la plateforme d\u2019\u00e9change de cryptomonnaies concern\u00e9e par une<a href=\"https:\/\/www.huffingtonpost.fr\/faits-divers\/article\/a-paris-une-nouvelle-tentative-d-enlevement-sur-des-proches-d-un-patron-de-cryptomonnaie_249947.html\" rel=\"nofollow noopener\" target=\"_blank\"> tentative de kidnapping <\/a>spectaculaire ce mardi en plein Paris, a appel\u00e9 ce mercredi 14\u00a0mai <a href=\"https:\/\/www.huffingtonpost.fr\/politique\/article\/apres-la-manifestation-neofasciste-du-9-mai-retailleau-annonce-avoir-saisi-la-justice_249967.html\" rel=\"nofollow noopener\" target=\"_blank\">l\u2019\u00c9tat <\/a>\u00e0 mettre en \u0153uvre des mesures pour prot\u00e9ger le secteur, d\u00e9j\u00e0 vis\u00e9 par plusieurs affaires du m\u00eame type.<\/p>\n<p class=\"asset asset-text\">\u00ab\u00a0Nous appelons les autorit\u00e9s \u00e0 prendre des mesures imm\u00e9diates pour contribuer \u00e0 la protection des collaborateurs des entreprises du secteur\u00a0\u00bb, a indiqu\u00e9 Paymium dans un communiqu\u00e9, se refusant \u00e0 tout commentaire sur le fond de l\u2019affaire, qui concerne, selon une source polici\u00e8re, une tentative d\u2019enl\u00e8vement ce mardi de la fille et du petit-fils de son PDG.<\/p>\n<p class=\"asset asset-text\">\u00ab\u00a0Les fausses id\u00e9es fr\u00e9quemment diss\u00e9min\u00e9es, entre richesse suppos\u00e9e et fantasmes criminels, participent malheureusement \u00e0 alimenter la d\u00e9sinformation et cr\u00e9er un climat d\u00e9l\u00e9t\u00e8re\u00a0\u00bb, poursuit l\u2019entreprise fran\u00e7aise qui se pr\u00e9sente comme le pionnier europ\u00e9en de l\u2019\u00e9change de bitcoins.<\/p>\n<p>    Une r\u00e9union place Beauvau ce vendredi    <\/p>\n<p class=\"asset asset-text\">En ce sens, Bruno Retailleau r\u00e9unira ce vendredi les principaux entrepreneurs des cryptomonnaies pour \u00ab\u00a0travailler \u00e0 leur s\u00e9curit\u00e9\u00a0\u00bb et \u00ab\u00a0pour qu\u2019ils soient conscients aussi des risques\u00a0\u00bb. \u00ab\u00a0Il faut qu\u2019on prenne ensemble des mesures pour les prot\u00e9ger. Mais les commanditaires, o\u00f9 qu\u2019ils soient &#8211; peut-\u00eatre m\u00eame \u00e0 l\u2019\u00e9tranger &#8211; on les retrouvera\u00a0\u00bb, a promis le ministre de l\u2019Int\u00e9rieur ce mercredi sur Europe 1 et CNews.<\/p>\n<p class=\"asset asset-text\">Ces derniers mois, plusieurs dirigeants de soci\u00e9t\u00e9s sp\u00e9cialis\u00e9es dans les cryptomonnaies, ainsi que des proches, ont \u00e9t\u00e9 cibl\u00e9s. La derni\u00e8re tentative d\u2019enl\u00e8vement de ce mardi, avort\u00e9e mais spectaculaire, visait la fille et le petit-fils de 2\u00a0ans du PDG de la plateforme d\u2019\u00e9changes Paymium.<\/p>\n<p class=\"asset asset-text\">Selon une source polici\u00e8re, quatre malfaiteurs s\u2019en sont pris \u00e0 eux, dans une rue du 11e arrondissement de la capitale. Cagoul\u00e9s, ils ont tent\u00e9 de les faire monter dans une camionnette avant de fuir face au p\u00e8re de l\u2019enfant, qui s\u2019est interpos\u00e9, et l\u2019arriv\u00e9e de passants. \u00c0 ce stade, les auteurs n\u2019ont pas \u00e9t\u00e9 interpell\u00e9s.<\/p>\n<p>    Des tentatives d\u2019enl\u00e8vement qui se multiplient    <\/p>\n<p class=\"asset asset-text\">Fin janvier, le cofondateur de Ledger David Balland et sa compagne avaient \u00e9t\u00e9 kidnapp\u00e9s \u00e0 leur domicile dans le Cher. L\u2019alerte avait \u00e9t\u00e9 donn\u00e9e par Eric Larchev\u00eaque, l\u2019autre cofondateur du sp\u00e9cialiste de portefeuilles crypto, qui avait re\u00e7u une vid\u00e9o d\u2019un doigt coup\u00e9 de David Balland, accompagn\u00e9e d\u2019une importante demande de ran\u00e7on en cryptomonnaies.<\/p>\n<p class=\"asset asset-text\">S\u00e9questr\u00e9 \u00e0 Ch\u00e2teauroux, David Balland avait \u00e9t\u00e9 lib\u00e9r\u00e9 le 22\u00a0janvier. Sa compagne avait \u00e9t\u00e9 retrouv\u00e9e ligot\u00e9e dans le coffre d\u2019un v\u00e9hicule dans l\u2019Essonne le lendemain. Au moins neuf personnes ont \u00e9t\u00e9 mises en examen dans cette affaire, dont le commanditaire pr\u00e9sum\u00e9 de cet enl\u00e8vement.<\/p>\n<p class=\"asset asset-text\">D\u00e9but janvier, un homme de 56\u00a0ans avait \u00e9t\u00e9 retrouv\u00e9 dans le coffre d\u2019une voiture pr\u00e8s du\u00a0Mans, \u00e0 plusieurs centaines de kilom\u00e8tres de son domicile situ\u00e9 dans l\u2019Ain. Selon plusieurs m\u00e9dias, il s\u2019agissait du p\u00e8re d\u2019un influenceur en cryptomonnaies bas\u00e9 \u00e0 Duba\u00ef, qui publie r\u00e9guli\u00e8rement des vid\u00e9os sur ses gains. Une ran\u00e7on \u00ab\u00a0tr\u00e8s \u00e9lev\u00e9e\u00a0\u00bb avait \u00e9t\u00e9 r\u00e9clam\u00e9e.<\/p>\n<p class=\"asset asset-text\">Enfin, le 1er\u00a0mai, le p\u00e8re d\u2019un homme ayant fait fortune dans les cryptomonnaies avait lui \u00e9t\u00e9 enlev\u00e9 par quatre hommes encagoul\u00e9s, d\u00e9j\u00e0 en plein Paris, et lib\u00e9r\u00e9 deux jours plus tard. Cinq personnes ont \u00e9t\u00e9 mises en examen dans cette affaire.<\/p>\n<p class=\"asset asset-text\"><strong>\u00c0 voir \u00e9galement sur\u00a0Le HuffPost\u00a0:<\/strong><\/p>\n<p> La lecture de ce contenu est susceptible d\u2019entra\u00eener un d\u00e9p\u00f4t de cookies de la part de l\u2019op\u00e9rateur tiers qui l\u2019h\u00e9berge. Compte-tenu des choix que vous avez exprim\u00e9s en mati\u00e8re de d\u00e9p\u00f4t de cookies, nous avons bloqu\u00e9 l\u2019affichage de ce contenu. Si vous souhaitez y acc\u00e9der, vous devez accepter la cat\u00e9gorie de cookies \u201cContenus tiers\u201d en cliquant sur le bouton ci-dessous. <\/p>\n<p> Lire la Vid\u00e9o                <\/p>\n","protected":false},"excerpt":{"rendered":"THOMAS SAMSON \/ AFP Bruno Retailleau photographi\u00e9 lors d\u2019une conf\u00e9rence de presse \u00e0 Lognes (Seine-et-Marne) consacr\u00e9 \u00e0 l\u2019immigration.&hellip;\n","protected":false},"author":2,"featured_media":99642,"comment_status":"","ping_status":"","sticky":false,"template":"","format":"standard","meta":{"footnotes":""},"categories":[1888],"tags":[11,5392,2716,1777,674,118,1011,27,12,626,25],"class_list":{"0":"post-99641","1":"post","2":"type-post","3":"status-publish","4":"format-standard","5":"has-post-thumbnail","7":"category-paris","8":"tag-actualites","9":"tag-cryptomonnaies","10":"tag-enlevement","11":"tag-eu","12":"tag-europe","13":"tag-faits-divers","14":"tag-fr","15":"tag-france","16":"tag-news","17":"tag-paris","18":"tag-republique-francaise"},"share_on_mastodon":{"url":"https:\/\/pubeurope.com\/@fr\/114506843540785399","error":""},"_links":{"self":[{"href":"https:\/\/www.europesays.com\/fr\/wp-json\/wp\/v2\/posts\/99641","targetHints":{"allow":["GET"]}}],"collection":[{"href":"https:\/\/www.europesays.com\/fr\/wp-json\/wp\/v2\/posts"}],"about":[{"href":"https:\/\/www.europesays.com\/fr\/wp-json\/wp\/v2\/types\/post"}],"author":[{"embeddable":true,"href":"https:\/\/www.europesays.com\/fr\/wp-json\/wp\/v2\/users\/2"}],"replies":[{"embeddable":true,"href":"https:\/\/www.europesays.com\/fr\/wp-json\/wp\/v2\/comments?post=99641"}],"version-history":[{"count":0,"href":"https:\/\/www.europesays.com\/fr\/wp-json\/wp\/v2\/posts\/99641\/revisions"}],"wp:featuredmedia":[{"embeddable":true,"href":"https:\/\/www.europesays.com\/fr\/wp-json\/wp\/v2\/media\/99642"}],"wp:attachment":[{"href":"https:\/\/www.europesays.com\/fr\/wp-json\/wp\/v2\/media?parent=99641"}],"wp:term":[{"taxonomy":"category","embeddable":true,"href":"https:\/\/www.europesays.com\/fr\/wp-json\/wp\/v2\/categories?post=99641"},{"taxonomy":"post_tag","embeddable":true,"href":"https:\/\/www.europesays.com\/fr\/wp-json\/wp\/v2\/tags?post=99641"}],"curies":[{"name":"wp","href":"https:\/\/api.w.org\/{rel}","templated":true}]}}