{"id":99649,"date":"2025-05-14T15:18:08","date_gmt":"2025-05-14T15:18:08","guid":{"rendered":"https:\/\/www.europesays.com\/fr\/99649\/"},"modified":"2025-05-14T15:18:08","modified_gmt":"2025-05-14T15:18:08","slug":"join-act-pour-soutenir-les-ruches-sur-une-tournee-massive-de-2025-royaume-uni-et-deurope","status":"publish","type":"post","link":"https:\/\/www.europesays.com\/fr\/99649\/","title":{"rendered":"Join Act pour soutenir les ruches sur une tourn\u00e9e massive de 2025 Royaume-Uni et d&rsquo;Europe"},"content":{"rendered":"<p>Yard Act devrait soutenir les ruches de leur tourn\u00e9e en 2025 UK et European. Trouvez tous les d\u00e9tails ci-dessous.<\/p>\n<p>Cette ann\u00e9e verra les ruches arriver sur la route pour une tourn\u00e9e mondiale \u00e0 l&rsquo;appui de leur septi\u00e8me album \u00abThe Hives Forever Forever the Hives\u00bb, qui est sorti le 29 ao\u00fbt via PIAS (pr\u00e9-commande \/ pr\u00e9-sauve ici).<\/p>\n<p>Le groupe ind\u00e9pendant su\u00e9dois devrait jouer des spectacles en Australie et en Am\u00e9rique du Nord cet \u00e9t\u00e9 et en automne. Plus tard cette ann\u00e9e, ils monteront sur sc\u00e8ne au Royaume-Uni et en Europe \u2013 o\u00f9 Yard Act servira de loi de soutien.<\/p>\n<p>Pelle Almqvist et co. devraient se produire \u00e0 Cartita Arena de Cardiff (24 novembre), \u00e0 \u200b\u200bl&rsquo;OVO Hydro de Glasgow (26), \u00e0 l&rsquo;entrep\u00f4t des studios Aviva de Manchester (28) et au palais Alexandra de Londres (29). Trouvez les billets au Royaume-Uni restants ici.<\/p>\n<blockquote class=\"instagram-media\" data-instgrm-captioned=\"\" data-instgrm-permalink=\"https:\/\/www.instagram.com\/reel\/DJXGJApssrR\/?utm_source=ig_embed&amp;utm_campaign=loading\" data-instgrm-version=\"14\" style=\" background:#FFF; border:0; border-radius:3px; box-shadow:0 0 1px 0 rgba(0,0,0,0.5),0 1px 10px 0 rgba(0,0,0,0.15); margin: 1px; max-width:658px; min-width:326px; padding:0; width:99.375%; width:-webkit-calc(100% - 2px); width:calc(100% - 2px);\"><\/blockquote>\n<p>Confirmant r\u00e9cemment la machine \u00e0 sous sur les r\u00e9seaux sociaux, les ruches ont \u00e9crit: \u00abC&rsquo;est vrai! Votre roi a parl\u00e9. Yard Act rejoindra les ruches, pas seulement dans leur \u00e9mission d&rsquo;Alexandra Palace, mais sur toute la tourn\u00e9e britannique \/ europ\u00e9enne. Un digne concurrent, voyons s&rsquo;ils peuvent g\u00e9rer les ruches.\u00bb<\/p>\n<p>Yard Act a \u00e9galement partag\u00e9 les nouvelles dans une vid\u00e9o, o\u00f9 ils ont plaisant\u00e9 sur \u00absi c&rsquo;\u00e9tait un bon look pour que nous soyons un acte de soutien\u00bb. Le chanteur James Smith a ajout\u00e9: \u00abPelle a dit:\u00ab Ils sont le meilleur groupe du monde, et s&rsquo;il n&rsquo;y avait qu&rsquo;un seul groupe \u00e0 avoir l&rsquo;air inf\u00e9rieur \u2013 ce sont les ruches.<\/p>\n<p>\u00ab\u00a0Ainsi, nous avons convenu que pour l&rsquo;instant, dans cette chronologie, nous accepterons le fait que nous sommes le deuxi\u00e8me meilleur groupe au monde, pour le moment. Et nous pouvons utiliser les deux prochains mois pour empoisonner Pelle et mettre les ruches \u00e0 genoux.\u00a0\u00bb<\/p>\n<p>Dans la section des commentaires, les ruches ont r\u00e9pondu: \u00ab\u00a0Un plaisir de partager la sc\u00e8ne avec le deuxi\u00e8me meilleur groupe du monde \ud83e\udd1d.\u00a0\u00bb Regardez ci-dessous.<\/p>\n<blockquote class=\"instagram-media\" style=\"background: #FFF; border: 0; border-radius: 3px; box-shadow: 0 0 1px 0 rgba(0,0,0,0.5),0 1px 10px 0 rgba(0,0,0,0.15); margin: 1px; max-width: 540px; min-width: 326px; padding: 0; width: calc(100% - 2px);\" data-instgrm-captioned=\"\" data-instgrm-permalink=\"https:\/\/www.instagram.com\/reel\/DJWdOJkNeoH\/?utm_source=ig_embed&amp;utm_campaign=loading\" data-instgrm-version=\"14\"><\/blockquote>\n<blockquote class=\"instagram-media\" data-instgrm-captioned=\"\" data-instgrm-permalink=\"https:\/\/www.instagram.com\/p\/DIrHNFrCv66\/?utm_source=ig_embed&amp;utm_campaign=loading\" data-instgrm-version=\"14\" style=\" background:#FFF; border:0; border-radius:3px; box-shadow:0 0 1px 0 rgba(0,0,0,0.5),0 1px 10px 0 rgba(0,0,0,0.15); margin: 1px; max-width:658px; min-width:326px; padding:0; width:99.375%; width:-webkit-calc(100% - 2px); width:calc(100% - 2px);\"><\/blockquote>\n<p><strong>Les dates de la tourn\u00e9e en 2025 Royaume-Uni et europ\u00e9enne en 2025 sont: <\/strong><\/p>\n<p><strong>OCTOBRE<\/strong><br \/><strong>17\u2013 Sentrum Sc\u00e8ne, Oslo<\/strong><br \/><strong>18 \u2013 KB Hall, Copenhague<\/strong><br \/><strong>21 \u2013 Colombie Halle, Berlin<\/strong><br \/><strong>24 \u2013 Zenith, Munich<\/strong><br \/><strong>25 \u2013 Haus auensee, Leipzig<\/strong><br \/><strong>26 \u2013 Gasom\u00e8tre, Vienne<\/strong><br \/><strong>28 \u2013 Xtra, Zurich<\/strong><br \/><strong>29 \u2013 Alcatraz, Milan<\/strong><\/p>\n<p><strong>NOVEMBRE<\/strong><br \/><strong>01 \u2013 San Jordi Club, Barcelone<\/strong><br \/><strong>02\u2013 Arena Movistar, Madrid<\/strong><br \/><strong>04 \u2013 Sagres Campo Peque\u00f1o, Lisbonne<\/strong><br \/><strong>19 \u2013 Forest National, Bruxelles <\/strong><br \/><strong>20 \u2013 Le Zenith, Paris<\/strong><br \/><strong>22 \u2013 AFAS, Amsterdam<\/strong><br \/><strong>24 \u2013 Utilita Arena, Cardiff<\/strong><br \/><strong>26 \u2013 Ovo Hydro, Glasgow<\/strong><br \/><strong>28 \u2013 Aviva Studios, Manchester<\/strong><br \/><strong>29 \u2013 Alexandra Palace, Londres<\/strong><\/p>\n<p><strong>D\u00c9CEMBRE<\/strong><br \/><strong>01 \u2013 Palladium, Cologne<\/strong><br \/><strong>02 \u2013 Jahrhunderthalle, Francfort<\/strong><br \/><strong>03 \u2013 Sporthalle, Hambourg<\/strong><br \/><strong>06 \u2013 Arena Avicii, Stockholm<\/strong><\/p>\n<p>Yard Act, De qui du deuxi\u00e8me album \u00abWhere&rsquo;s My Utopia? Arriv\u00e9 en 2024, jouera un titre unique au Blackpool Tower mercredi prochain (21 mai). Deux jours plus tard (23 mai), ils monteront sur sc\u00e8ne \u00e0 Bared Theory 2025.<\/p>\n<p>Les autres apparitions du Festival nomin\u00e9es au Mercury Nomined Leeds pour cette ann\u00e9e incluent Live at Leeds: In the Park, Isle of Wight, Green Man et Pukkelpop.<\/p>\n<p>Yard Act s&rsquo;est lanc\u00e9 dans une tourn\u00e9e britannique et europ\u00e9enne l&rsquo;ann\u00e9e derni\u00e8re pour soutenir son dernier record. La s\u00e9rie de dates comprenait un spectacle \u00e0 l&rsquo;\u00e9v\u00e9nement Apollo \u00e0 Londres. Dans une revue quatre \u00e9toiles de cette performance, ZikNation a salu\u00e9 la \u00abmise en sc\u00e8ne du groupe pour une finale de tourn\u00e9e bruyante\u00bb.<\/p>\n<p>\u00ab\u00a0Leurs hymnes de rire \u00e0 travers la lutte atteignent leur forme la plus cathartique ce soir quand il y avait de ce que c&rsquo;\u00e9tait le dernier concert sur Terre, en particulier pour le\u00a0\u00bb travail de r\u00eave \u00ab\u00a0de c\u00e9l\u00e9bration alors que la pi\u00e8ce se rassemble pour marquer ce moment: &lsquo;Ace, haut, menthe, boss, classe, doux, trompe, pas mal\u00ab\u00bb, A-t-il lu.<\/p>\n<p>\u00abLa setlist se construit \u00e0 un pic explosif avec\u00ab la surcharge \u00bb. Peu de temps apr\u00e8s, le tendre\u00ab un vignoble pour le nord \u00bbferme le premier set avec un pang existentiel alors que Smith appelle tous les pr\u00e9sents \u00e0` `Have Hope \u00a0\u00bb et` `Rester Strong \u00a0\u00bb, et le sentiment anneau au rappel de` `100% d&rsquo;endurance &lsquo;.\u00a0\u00bb<\/p>\n<p><a href=\"https:\/\/www.youtube.com\/watch?v=jmycdrwsmvc\" target=\"_blank\" rel=\"noopener\">https:\/\/www.youtube.com\/watch?v=jmycdrwsmvc<\/a><\/p>\n<p>Parler \u00e0 ZikNation R\u00e9cemment, la Pelle Almqvist des ruches a discut\u00e9 de la fa\u00e7on dont l&rsquo;ouverture de groupes comme les Rolling Stones et AC \/ DC les avait amen\u00e9s \u00e0 explorer un son plus grand \u2013 qu&rsquo;il a surnomm\u00e9 \u00abArena Ruves\u00bb.<\/p>\n<p>\u00ab\u00a0Nous n&rsquo;avons jamais pens\u00e9 que nous aimions vraiment la grande ar\u00e8ne et le stade, mais il s&rsquo;av\u00e8re que c&rsquo;est assez amusant. Nous avions une vague id\u00e9e de ce que ce serait et essay\u00e9 de faire un album de 12 singles\u00a0\u00bb, a-t-il expliqu\u00e9 \u00e0 propos du LP \u00e0 venir du groupe.<\/p>\n<p>Almqvist a \u00e9galement rappel\u00e9 soutenu des singes arctiques lors de leur \u00e9norme tourn\u00e9e du stade 2023. \u00ab\u00a0Je pense que (avoir un soutien am\u00e9ricain) \u00e9tait \u00e9galement en partie parce qu&rsquo;il y avait une opinion publique sur leurs albums r\u00e9cents qui n&rsquo;\u00e9taient pas des bangers punk rock\u00a0\u00bb, a-t-il d\u00e9clar\u00e9 ZikNation. \u00ab\u00a0Si vous jetez les ruches, vous en avez assez pour qu&rsquo;ils jouent alors ce qu&rsquo;ils veulent. C&rsquo;\u00e9tait une d\u00e9cision intelligente de leur part, mais nous sommes \u00e9galement tr\u00e8s reconnaissants. C&rsquo;\u00e9tait une tourn\u00e9e tr\u00e8s amusante.\u00a0\u00bb<\/p>\n<p><script async src=\"\/\/www.instagram.com\/embed.js\"><\/script><\/p>\n","protected":false},"excerpt":{"rendered":"Yard Act devrait soutenir les ruches de leur tourn\u00e9e en 2025 UK et European. Trouvez tous les d\u00e9tails&hellip;\n","protected":false},"author":2,"featured_media":6228,"comment_status":"","ping_status":"","sticky":false,"template":"","format":"standard","meta":{"footnotes":""},"categories":[1588],"tags":[21407,11,21408,1777,674,21409,151,17350,12,471,473,1853,1873,21410,13699,3356,4441,1851,96,1850,1852],"class_list":{"0":"post-99649","1":"post","2":"type-post","3":"status-publish","4":"format-standard","5":"has-post-thumbnail","7":"category-royaume-uni","8":"tag-act","9":"tag-actualites","10":"tag-d39europe","11":"tag-eu","12":"tag-europe","13":"tag-join","14":"tag-les","15":"tag-massive","16":"tag-news","17":"tag-pour","18":"tag-royaume-uni","19":"tag-royaume-uni-de-grande-bretagne-et-dirlande-du-nord","20":"tag-royaumeuni","21":"tag-ruches","22":"tag-soutenir","23":"tag-sur","24":"tag-tournee","25":"tag-uk","26":"tag-une","27":"tag-united-kingdom","28":"tag-united-kingdom-of-great-britain-and-northern-ireland"},"share_on_mastodon":{"url":"https:\/\/pubeurope.com\/@fr\/114506858754392716","error":""},"_links":{"self":[{"href":"https:\/\/www.europesays.com\/fr\/wp-json\/wp\/v2\/posts\/99649","targetHints":{"allow":["GET"]}}],"collection":[{"href":"https:\/\/www.europesays.com\/fr\/wp-json\/wp\/v2\/posts"}],"about":[{"href":"https:\/\/www.europesays.com\/fr\/wp-json\/wp\/v2\/types\/post"}],"author":[{"embeddable":true,"href":"https:\/\/www.europesays.com\/fr\/wp-json\/wp\/v2\/users\/2"}],"replies":[{"embeddable":true,"href":"https:\/\/www.europesays.com\/fr\/wp-json\/wp\/v2\/comments?post=99649"}],"version-history":[{"count":0,"href":"https:\/\/www.europesays.com\/fr\/wp-json\/wp\/v2\/posts\/99649\/revisions"}],"wp:featuredmedia":[{"embeddable":true,"href":"https:\/\/www.europesays.com\/fr\/wp-json\/wp\/v2\/media\/6228"}],"wp:attachment":[{"href":"https:\/\/www.europesays.com\/fr\/wp-json\/wp\/v2\/media?parent=99649"}],"wp:term":[{"taxonomy":"category","embeddable":true,"href":"https:\/\/www.europesays.com\/fr\/wp-json\/wp\/v2\/categories?post=99649"},{"taxonomy":"post_tag","embeddable":true,"href":"https:\/\/www.europesays.com\/fr\/wp-json\/wp\/v2\/tags?post=99649"}],"curies":[{"name":"wp","href":"https:\/\/api.w.org\/{rel}","templated":true}]}}