{"id":996523,"date":"2026-06-13T02:04:45","date_gmt":"2026-06-13T02:04:45","guid":{"rendered":"https:\/\/www.europesays.com\/fr\/996523\/"},"modified":"2026-06-13T02:04:45","modified_gmt":"2026-06-13T02:04:45","slug":"running-double-ration-de-trail-a-essey-les-nancy-et-saint-mihiel-ou-courir-ce-week-end","status":"publish","type":"post","link":"https:\/\/www.europesays.com\/fr\/996523\/","title":{"rendered":"Running. Double ration de trail, \u00e0 Essey-l\u00e8s-Nancy et Saint-Mihiel&#8230; O\u00f9 courir ce week-end"},"content":{"rendered":"<p>  Foul\u00e9es de l\u2019Oppidum, ce samedi \u00e0 Essey-l\u00e8s-Nancy<\/p>\n<p>Les premiers dossards ayant \u00e9t\u00e9 pris d\u2019assaut, le Saint-Max Athletic Club en a ajout\u00e9 quelques-uns ces derniers jours \u00e0 l\u2019attention des retardataires, notamment sur un 17\u00a0km qui devrait concentrer le gros du peloton, sur un trac\u00e9 mixte, moins difficile et moins technique que le 25\u00a0km. Troisi\u00e8me distance au menu du jour, le 10\u00a0km sera plus roulant \u00e0 l\u2019exception d\u2019une ascension \u00ab\u00a0casse-pattes\u00a0\u00bb au niveau du deuxi\u00e8me kilom\u00e8tre. Au total, et en comptant les courses jeunes, plus de 1.000 participants ont d\u2019ores et d\u00e9j\u00e0 valid\u00e9 leur venue, ce qui promet aux organisateurs de battre un nouveau record de participation. \u00ab\u00a0Les calendriers sont surcharg\u00e9s et pourtant, on a quand m\u00eame de plus en plus de monde\u00a0\u00bb, se r\u00e9jouit le coordinateur de l\u2019\u00e9preuve St\u00e9phane Boyard.<\/p>\n<p class=\"note\"><strong>Les horaires.<\/strong> 25\u00a0km \u00e0 17\u00a0h\u00a015\u00a0; 17\u00a0km \u00e0 17\u00a0h\u00a050\u00a0; 10\u00a0km \u00e0 18\u00a0h\u00a030.<\/p>\n<p>  Trail du Camp des Romains, ce dimanche \u00e0 Saint-Mihiel<\/p>\n<p>Place \u00e0 la 2e \u00e9dition du trail du Camp des Romains organis\u00e9 par l\u2019Office municipal des sports de Saint-Mihiel. Si le 11\u00a0km, typ\u00e9 \u00ab\u00a0d\u00e9couverte\u00a0\u00bb, reste inchang\u00e9, les trails 19 et 26\u00a0km ont vu leurs parcours modifi\u00e9s afin de les rendre un peu plus techniques. Pr\u00e8s de 300 participants sont attendus dont plusieurs sp\u00e9cialistes locaux et r\u00e9gionaux. \u00c0 commencer par Lo\u00efc Menoux qui, en bon voisin, viendra faire une s\u00e9ance d\u2019entra\u00eenement am\u00e9lior\u00e9 sur le 11\u00a0km, entre deux manches de coupe du monde de Xterra. Alan Greffe, Micka\u00ebl Amourette (19\u00a0km) et Yohann Didot (26\u00a0km) seront \u00e9galement de la partie.<\/p>\n<p class=\"note\"><strong>Les horaires.<\/strong> 26\u00a0km \u00e0 9\u00a0h\u00a030\u00a0; 19,5\u00a0km \u00e0 10\u00a0h\u00a0; 11\u00a0km \u00e0 10\u00a0h\u00a030.<\/p>\n","protected":false},"excerpt":{"rendered":"Foul\u00e9es de l\u2019Oppidum, ce samedi \u00e0 Essey-l\u00e8s-Nancy Les premiers dossards ayant \u00e9t\u00e9 pris d\u2019assaut, le Saint-Max Athletic Club&hellip;\n","protected":false},"author":2,"featured_media":996524,"comment_status":"","ping_status":"","sticky":false,"template":"","format":"standard","meta":{"footnotes":"","_share_on_mastodon":"0"},"categories":[9635],"tags":[1111,11,3602,1704,11361,1777,674,107,1701,1011,27,775,11362,1702,12,25,22196,517,1700,6187],"class_list":["post-996523","post","type-post","status-publish","format-standard","has-post-thumbnail","category-nancy","tag-actu","tag-actualites","tag-edition-bar-le-duc","tag-edition-nancy-et-agglomeration","tag-essey-les-nancy","tag-eu","tag-europe","tag-fil-info","tag-fil-info-sport","tag-fr","tag-france","tag-grand-est","tag-metropole-du-grand-nancy-54b3","tag-nancy","tag-news","tag-republique-francaise","tag-saint-mihiel","tag-sport","tag-sport-lorrain","tag-trail"],"share_on_mastodon":{"url":"https:\/\/pubeurope.com\/@fr\/116740349384697875","error":""},"_links":{"self":[{"href":"https:\/\/www.europesays.com\/fr\/wp-json\/wp\/v2\/posts\/996523","targetHints":{"allow":["GET"]}}],"collection":[{"href":"https:\/\/www.europesays.com\/fr\/wp-json\/wp\/v2\/posts"}],"about":[{"href":"https:\/\/www.europesays.com\/fr\/wp-json\/wp\/v2\/types\/post"}],"author":[{"embeddable":true,"href":"https:\/\/www.europesays.com\/fr\/wp-json\/wp\/v2\/users\/2"}],"replies":[{"embeddable":true,"href":"https:\/\/www.europesays.com\/fr\/wp-json\/wp\/v2\/comments?post=996523"}],"version-history":[{"count":0,"href":"https:\/\/www.europesays.com\/fr\/wp-json\/wp\/v2\/posts\/996523\/revisions"}],"wp:featuredmedia":[{"embeddable":true,"href":"https:\/\/www.europesays.com\/fr\/wp-json\/wp\/v2\/media\/996524"}],"wp:attachment":[{"href":"https:\/\/www.europesays.com\/fr\/wp-json\/wp\/v2\/media?parent=996523"}],"wp:term":[{"taxonomy":"category","embeddable":true,"href":"https:\/\/www.europesays.com\/fr\/wp-json\/wp\/v2\/categories?post=996523"},{"taxonomy":"post_tag","embeddable":true,"href":"https:\/\/www.europesays.com\/fr\/wp-json\/wp\/v2\/tags?post=996523"}],"curies":[{"name":"wp","href":"https:\/\/api.w.org\/{rel}","templated":true}]}}