{"id":99658,"date":"2025-05-14T15:23:11","date_gmt":"2025-05-14T15:23:11","guid":{"rendered":"https:\/\/www.europesays.com\/fr\/99658\/"},"modified":"2025-05-14T15:23:11","modified_gmt":"2025-05-14T15:23:11","slug":"benyamin-netanyahou-accuse-emmanuel-macron-de-se-ranger-du-cote-dune-organisation-terroriste","status":"publish","type":"post","link":"https:\/\/www.europesays.com\/fr\/99658\/","title":{"rendered":"Benyamin Netanyahou accuse Emmanuel Macron de se ranger du c\u00f4t\u00e9 d\u2019une \u00aborganisation terroriste\u00bb"},"content":{"rendered":"<p>Le premier ministre isra\u00e9lien n\u2019a pas cach\u00e9 sa col\u00e8re ce mercredi apr\u00e8s les critiques du pr\u00e9sident fran\u00e7ais prononc\u00e9es la veille \u00e0 la t\u00e9l\u00e9vision \u00e0 l\u2019\u00e9gard d\u2019Isra\u00ebl.<\/p>\n<p class=\"fig-paragraph\">L\u2019affirmation est grave.\u00a0<a href=\"https:\/\/www.lefigaro.fr\/tag\/benyamin-netanyahou\" target=\"_blank\" rel=\"noopener\" data-gtm-custom-categorie=\"navigation\" data-gtm-custom-action=\"crossclick\" data-gtm-custom-label=\"Contextuel\" data-gtm-event=\"customEventSPE\">Benyamin Netanyahou\u00a0<\/a>a accus\u00e9 mercredi 14 mai 2025\u00a0<a href=\"https:\/\/www.lefigaro.fr\/tag\/emmanuel-macron\" target=\"_blank\" rel=\"noopener\" data-gtm-custom-categorie=\"navigation\" data-gtm-custom-action=\"crossclick\" data-gtm-custom-label=\"Contextuel\" data-gtm-event=\"customEventSPE\">Emmanuel Macron<\/a>\u00a0de se ranger du c\u00f4t\u00e9 d\u2019une \u00aborganisation terroriste\u00bb apr\u00e8s les critiques du pr\u00e9sident fran\u00e7ais sur la ligne suivie par le premier ministre isra\u00e9lien dans la bande de Gaza.<\/p>\n<p class=\"fig-paragraph\">Emmanuel \u00abMacron a de nouveau choisi de se ranger du c\u00f4t\u00e9 d\u2019une organisation terroriste islamiste meurtri\u00e8re et d\u2019en relayer la propagande ignoble, accusant Isra\u00ebl de crimes rituels\u00bb, a dit Benyamin Netanyahou dans un communiqu\u00e9 de ses services, au lendemain d\u2019un entretien t\u00e9l\u00e9vis\u00e9 au cours duquel le pr\u00e9sident fran\u00e7ais a dit que \u00abce que fait aujourd\u2019hui le gouvernement de Benyamin Netanyahou (\u00e0 Gaza) est inacceptable\u00bb et \u00abune honte\u00bb.<\/p>\n<p class=\"fig-paragraph\">Apr\u00e8s une tr\u00eave de deux mois, l\u2019arm\u00e9e isra\u00e9lienne a repris le 18 mars son offensive militaire dans la bande de Gaza avec l\u2019objectif d\u00e9clar\u00e9 de contraindre le Hamas \u00e0 lib\u00e9rer tous les otages qui y sont encore retenus depuis l\u2019attaque sans pr\u00e9c\u00e9dent perp\u00e9tr\u00e9e par le mouvement islamiste palestinien le 7 octobre 2023.<\/p>\n<p>\u00abAchever l\u2019op\u00e9ration et vaincre le Hamas\u00bb<\/p>\n<p class=\"fig-paragraph\">Isra\u00ebl bloque aussi depuis le 2 mars l\u2019entr\u00e9e de toute\u00a0<a href=\"http:\/\/www.lefigaro.fr\/international\/israel-revient-en-force-dans-la-bande-de-gaza-privee-depuis-un-mois-d-aide-humanitaire-20250402\" data-fig-type=\"Article\" data-gtm-custom-categorie=\"navigation\" data-gtm-custom-action=\"crossclick\" data-gtm-custom-label=\"Contextuel\" data-gtm-event=\"customEventSPE\" data-fig-domain=\"LEFIGARO\" target=\"_blank\" rel=\"noopener\">aide humanitaire<\/a>\u00a0dans Gaza, o\u00f9 elle est vitale pour les 2,4 millions d\u2019habitants. \u00abAu lieu de soutenir le camp d\u00e9mocratique occidental qui combat les organisations terroristes islamistes et appelle \u00e0 la lib\u00e9ration des otages, Macron exige une fois de plus qu\u2019Isra\u00ebl se rende et r\u00e9compense le terrorisme\u00bb, a ajout\u00e9 le premier ministre isra\u00e9lien.<\/p>\n<p class=\"fig-paragraph\">Lors d\u2019un discours devant des soldats r\u00e9servistes lundi, Benyamin Netanyahou a d\u00e9clar\u00e9 que \u00abdans les prochains jours, nous entrerons avec toute notre force pour achever l\u2019op\u00e9ration et vaincre le Hamas\u00bb.<\/p>\n<p class=\"fig-paragraph\">Il a ajout\u00e9 que ses services s\u2019employaient \u00e0 trouver des pays pr\u00eats \u00e0 accepter des habitants de Gaza, se disant convaincu que \u00abplus de 50%\u00bb partiraient, et \u00abm\u00eame bien davantage\u00bb. Le 5 mai, Isra\u00ebl avait annonc\u00e9 une nouvelle campagne militaire pr\u00e9voyant la\u00a0<a href=\"http:\/\/www.lefigaro.fr\/international\/jean-noel-barrot-condamne-de-maniere-tres-ferme-le-plan-israelien-prevoyant-la-conquete-de-gaza-20250506\" data-fig-type=\"NewsFlash\" data-gtm-custom-categorie=\"navigation\" data-gtm-custom-action=\"crossclick\" data-gtm-custom-label=\"Contextuel\" data-gtm-event=\"customEventSPE\" data-fig-domain=\"LEFIGARO\" target=\"_blank\" rel=\"noopener\">\u00abconqu\u00eate\u00bb de Gaza<\/a>\u00a0et n\u00e9cessitant le d\u00e9placement interne de \u00abla plupart\u00bb des 2,4 millions d\u2019habitants.<\/p>\n<p>L\u2019arm\u00e9e isra\u00e9lienne \u00abagit avec une moralit\u00e9 sans \u00e9gale\u00bb<\/p>\n<p class=\"fig-paragraph\">Le ministre isra\u00e9lien de la D\u00e9fense, Isra\u00ebl Katz, a quant \u00e0 lui affirm\u00e9 ce mercredi qu\u2019Emmanuel Macron n\u2019a \u00abpas de le\u00e7ons de morale \u00e0 nous donner\u00bb, au lendemain de critiques du pr\u00e9sident fran\u00e7ais \u00e0 l\u2019\u00e9gard de la politique du gouvernement isra\u00e9lien \u00e0 Gaza.<\/p>\n<p class=\"fig-paragraph\">\u00abNous nous souvenons tr\u00e8s bien de ce qui est arriv\u00e9 aux\u00a0<a href=\"http:\/\/www.lefigaro.fr\/vox\/societe\/guillaume-erner-je-ne-connais-pas-un-juif-en-france-qui-ne-se-soit-pas-dit-un-jour-on-se-leve-et-on-se-casse-20250122\" data-fig-type=\"Article\" data-gtm-custom-categorie=\"navigation\" data-gtm-custom-action=\"crossclick\" data-gtm-custom-label=\"Contextuel\" data-gtm-event=\"customEventSPE\" data-fig-domain=\"LEFIGARO\" target=\"_blank\" rel=\"noopener\">Juifs en France<\/a> \u00a0lorsqu\u2019ils ne pouvaient pas se d\u00e9fendre. Le pr\u00e9sident Macron n\u2019a pas de le\u00e7ons de morale \u00e0 nous donner\u00bb, a-t-il ajout\u00e9, dans un communiqu\u00e9 de son minist\u00e8re.<\/p>\n<p class=\"fig-paragraph\">L\u2019arm\u00e9e isra\u00e9lienne \u00abagit avec une moralit\u00e9 sans \u00e9gale dans des circonstances difficiles et complexes &#8211; bien plus que ce que la France a fait dans ses propres guerres par le pass\u00e9\u00bb, a-t-il affirm\u00e9.<\/p>\n","protected":false},"excerpt":{"rendered":"Le premier ministre isra\u00e9lien n\u2019a pas cach\u00e9 sa col\u00e8re ce mercredi apr\u00e8s les critiques du pr\u00e9sident fran\u00e7ais prononc\u00e9es&hellip;\n","protected":false},"author":2,"featured_media":99659,"comment_status":"","ping_status":"","sticky":false,"template":"","format":"standard","meta":{"footnotes":""},"categories":[2],"tags":[259,11,260,952,1073,1011,27,14,664,261,12,262,25],"class_list":{"0":"post-99658","1":"post","2":"type-post","3":"status-publish","4":"format-standard","5":"has-post-thumbnail","7":"category-actualites","8":"tag-actualite-internationale","9":"tag-actualites","10":"tag-affaires-etrangeres","11":"tag-benyamin-netanyahou","12":"tag-emmanuel-macron","13":"tag-fr","14":"tag-france","15":"tag-international","16":"tag-israel","17":"tag-ministere-des-affaires-etrangeres","18":"tag-news","19":"tag-politique-etrangere","20":"tag-republique-francaise"},"share_on_mastodon":{"url":"https:\/\/pubeurope.com\/@fr\/114506878363282370","error":""},"_links":{"self":[{"href":"https:\/\/www.europesays.com\/fr\/wp-json\/wp\/v2\/posts\/99658","targetHints":{"allow":["GET"]}}],"collection":[{"href":"https:\/\/www.europesays.com\/fr\/wp-json\/wp\/v2\/posts"}],"about":[{"href":"https:\/\/www.europesays.com\/fr\/wp-json\/wp\/v2\/types\/post"}],"author":[{"embeddable":true,"href":"https:\/\/www.europesays.com\/fr\/wp-json\/wp\/v2\/users\/2"}],"replies":[{"embeddable":true,"href":"https:\/\/www.europesays.com\/fr\/wp-json\/wp\/v2\/comments?post=99658"}],"version-history":[{"count":0,"href":"https:\/\/www.europesays.com\/fr\/wp-json\/wp\/v2\/posts\/99658\/revisions"}],"wp:featuredmedia":[{"embeddable":true,"href":"https:\/\/www.europesays.com\/fr\/wp-json\/wp\/v2\/media\/99659"}],"wp:attachment":[{"href":"https:\/\/www.europesays.com\/fr\/wp-json\/wp\/v2\/media?parent=99658"}],"wp:term":[{"taxonomy":"category","embeddable":true,"href":"https:\/\/www.europesays.com\/fr\/wp-json\/wp\/v2\/categories?post=99658"},{"taxonomy":"post_tag","embeddable":true,"href":"https:\/\/www.europesays.com\/fr\/wp-json\/wp\/v2\/tags?post=99658"}],"curies":[{"name":"wp","href":"https:\/\/api.w.org\/{rel}","templated":true}]}}