{"id":996622,"date":"2026-06-13T03:15:27","date_gmt":"2026-06-13T03:15:27","guid":{"rendered":"https:\/\/www.europesays.com\/fr\/996622\/"},"modified":"2026-06-13T03:15:27","modified_gmt":"2026-06-13T03:15:27","slug":"lalbanie-nest-pas-a-vendre-scandent-a-tirana-les-manifestants-et-le-premier-ministre-actualites","status":"publish","type":"post","link":"https:\/\/www.europesays.com\/fr\/996622\/","title":{"rendered":"\u00ab\u00a0L&rsquo;Albanie n&rsquo;est pas \u00e0 vendre\u00a0\u00bb scandent \u00e0 Tirana, les manifestants&#8230; et le Premier ministre : Actualit\u00e9s"},"content":{"rendered":"<p class=\"lead \">Vendredi soir \u00e0 Tirana : d&rsquo;un c\u00f4t\u00e9, Edi Rama sur sc\u00e8ne devant des milliers de partisans, de l&rsquo;autre, des milliers de manifestants venus comme chaque soir manifester contre un projet touristique li\u00e9 \u00e0 la famille Trump, et demander la d\u00e9mission du Premier ministre.<\/p>\n<p class=\"lead \">Depuis presque deux semaines, les manifestations se succ\u00e8dent dans la capitale albanaise, contre un projet de complexe touristique de luxe, li\u00e9 \u00e0 la fille du pr\u00e9sident am\u00e9ricain Donald Trump, Ivanka, et \u00e0 son mari Jared Kushner.<\/p>\n<p class=\"lead \"> Si les associations de d\u00e9fense de l&rsquo;environnement \u00e9voquaient depuis longtemps ce projet pr\u00e9vu pr\u00e8s d&rsquo;une lagune o\u00f9 nichent de nombreux flamants roses, c&rsquo;est quand des barbel\u00e9s sont apparus sur les plages d&rsquo;une r\u00e9serve prot\u00e9g\u00e9e \u00e0 150km au sud-ouest de Tirana, que la col\u00e8re a explos\u00e9. Une manifestation r\u00e9prim\u00e9e par des gardes de s\u00e9curit\u00e9 priv\u00e9s \u00e0 mis le feu aux poudres. <\/p>\n<p class=\"lead \">Les manifestations catalysent d\u00e9sormais la col\u00e8re d&rsquo;une partie de la population contre la situation du pays et son Premier ministre, au pouvoir depuis 13 ans. <\/p>\n<p class=\"lead \">\u00ab\u00a0Le probl\u00e8me n&rsquo;est pas qu&rsquo;ils essaient de construire un complexe touristique, le probl\u00e8me c&rsquo;est le manque de transparence et de responsabilit\u00e9 envers la population\u00a0\u00bb, explique dans le cort\u00e8ge Kaltrina Hyka, militante pour l&rsquo;ONG Eco Albania.<\/p>\n<p class=\"lead \">&#8211; &lsquo;Pas \u00e0 vendre&rsquo; &#8211;<\/p>\n<p class=\"lead \">Edi Rama, reconnaissable \u00e0 ses deux m\u00e8tres et son sens de la communication, fait face \u00e0 l&rsquo;un des d\u00e9fis les plus s\u00e9rieux de sa carri\u00e8re, et les \u00ab\u00a0Rama d\u00e9mission\u00a0\u00bb se m\u00ealent chaque soir aux slogans criant que \u00ab\u00a0l&rsquo;Albanie n&rsquo;est pas \u00e0 vendre\u00a0\u00bb sous les fen\u00eatres de son bureau. <\/p>\n<p class=\"lead \">\u00ab\u00a0L&rsquo;Albanie n&rsquo;a jamais \u00e9t\u00e9 \u00e0 vendre\u00a0\u00bb, a-t-il r\u00e9pondu devant ses partisans, \u00e0 l&rsquo;occasion du 35e anniversaire de la cr\u00e9ation du parti socialiste, dont il est pr\u00e9sident.<\/p>\n<p class=\"lead \">A quelques centaines de m\u00e8tres \u00e0 peine des manifestants, il a r\u00e9p\u00e9t\u00e9 ce qu&rsquo;il affirme depuis des jours &#8211; qu&rsquo;il s&rsquo;agit d&rsquo;une \u00ab\u00a0guerre politique et id\u00e9ologique qui ne concerne pas l&rsquo;Albanie\u00a0\u00bb.<\/p>\n<p class=\"lead \">\u00ab\u00a0Toute cette peur exprim\u00e9e en langues \u00e9trang\u00e8res en soutien \u00e0 la manifestation est la projection d&rsquo;une guerre politique et id\u00e9ologique qui n&rsquo;est pas la n\u00f4tre\u00a0\u00bb, a-t-il martel\u00e9. <\/p>\n<p class=\"lead \">Le Premier ministre affirmait d\u00e9j\u00e0 la semaine derni\u00e8re qu&rsquo;il \u00ab\u00a0n&rsquo;y a rien \u00e0 craindre, puisqu&rsquo;il n&rsquo;y a pas de projet\u00a0\u00bb, accusant la d\u00e9sinformation d&rsquo;\u00eatre derri\u00e8re les manifestations. <\/p>\n<p class=\"lead \">Ivanka Trump a cependant r\u00e9cemment affirm\u00e9 dans un podcast \u00ab\u00a0nous avons cinq miles [8km, ndlr] de front de mer directement en face de l&rsquo;\u00eele, cette magnifique p\u00e9ninsule avec un lagon d&rsquo;un c\u00f4t\u00e9, l&rsquo;oc\u00e9an de l&rsquo;autre, de magnifiques plages de sable blanc\u00a0\u00bb.  <\/p>\n<p class=\"lead \">&#8211; Corruption ? &#8211;<\/p>\n<p class=\"lead \">Au-dessus de ces projets plane la crainte, pour les manifestants, d&rsquo;un nouveau scandale de corruption dans un pays qui en souffre d\u00e9j\u00e0. <\/p>\n<p class=\"lead \">Plusieurs responsables du gouvernement d&rsquo;Edi Rama, le chef du principal parti d&rsquo;opposition et ancien premier ministre Sali Berisha, l&rsquo;ancien maire de Tirana &#8230; sont vis\u00e9s dans diff\u00e9rentes affaires de corruption.<\/p>\n<p class=\"lead \">Parmi les demandes des manifestants &#8211; outre l&rsquo;abandon du projet de Zvernec &#8211; on trouve une enqu\u00eate ind\u00e9pendante sur l&rsquo;attribution des terrains, une v\u00e9ritable protection des aires prot\u00e9g\u00e9es, l&rsquo;abrogation de la loi sur les investissements strat\u00e9giques, et la d\u00e9mission du Premier ministre ainsi que des responsables impliqu\u00e9s dans l&rsquo;approbation des constructions.<\/p>\n<p class=\"lead \">\u00ab\u00a0Le d\u00e9clencheur, \u00e7a a \u00e9t\u00e9 le projet dans la r\u00e9serve naturelle de Zvernec, mais en r\u00e9alit\u00e9, il y a beaucoup de raisons pour lesquelles nous manifestons ici aujourd&rsquo;hui\u00a0\u00bb, explique \u00e0 l&rsquo;AFP Fadel Dia.<\/p>\n<p class=\"lead \">\u00ab\u00a0Depuis 36 ans, nous sommes dirig\u00e9s par des gouvernements corrompus, les uns apr\u00e8s les autres. Aucun de ces gouvernements n&rsquo;a fait quoi que ce soit pour le peuple albanais. Ils n&rsquo;ont fait que s&rsquo;enrichir et nous d\u00e9pouiller. Nous n&rsquo;avons pas de syst\u00e8me de sant\u00e9, nous n&rsquo;avons pas&#8230; enfin, une des plus grandes parties de Tirana n&rsquo;a m\u00eame pas d&rsquo;\u00e9cole publique&#8230;\u00a0\u00bb ajoute le jeune homme de 26 ans qui travaille dans l&rsquo;informatique.<\/p>\n<p class=\"lead \">Ce qui ne l&#8217;emp\u00eache pas de vouloir rester en Albanie &#8211; un pays qui a vu des centaines de milliers de jeunes le quitter ces derni\u00e8res ann\u00e9es.<\/p>\n<p class=\"lead \">\u00ab\u00a0Toute ma vie, on m&rsquo;a dit de ne pas vivre ici, que \u00e7a n&rsquo;en valait pas la peine, qu&rsquo;on ne pouvait pas se construire un avenir ici. Mais en r\u00e9alit\u00e9, l&rsquo;Albanie est un pays formidable : nous avons beaucoup de ressources naturelles, de beaut\u00e9, les gens sont extraordinaires, et la seule chose qui ne va pas dans notre pays, c&rsquo;est le gouvernement. Et c&rsquo;est \u00e7a que nous voulons changer, parce que je veux vivre dans mon pays et pas ailleurs\u00a0\u00bb.<\/p>\n<p class=\"small font-weight-bold text-gray3 \"> publi\u00e9 le 12 juin \u00e0 20h42, AFP<\/p>\n<p>                             Partager<\/p>\n","protected":false},"excerpt":{"rendered":"Vendredi soir \u00e0 Tirana : d&rsquo;un c\u00f4t\u00e9, Edi Rama sur sc\u00e8ne devant des milliers de partisans, de l&rsquo;autre,&hellip;\n","protected":false},"author":2,"featured_media":996623,"comment_status":"","ping_status":"","sticky":false,"template":"","format":"standard","meta":{"footnotes":"","_share_on_mastodon":"0"},"categories":[5],"tags":[11,5230,1770,1011,27,14,2088,12,316,602,308,28],"class_list":["post-996622","post","type-post","status-publish","format-standard","has-post-thumbnail","category-international","tag-actualites","tag-albanie","tag-corruption","tag-fr","tag-france","tag-international","tag-manifestation","tag-news","tag-politique","tag-tourisme","tag-usa","tag-world"],"share_on_mastodon":{"url":"https:\/\/pubeurope.com\/@fr\/116740628597255051","error":""},"_links":{"self":[{"href":"https:\/\/www.europesays.com\/fr\/wp-json\/wp\/v2\/posts\/996622","targetHints":{"allow":["GET"]}}],"collection":[{"href":"https:\/\/www.europesays.com\/fr\/wp-json\/wp\/v2\/posts"}],"about":[{"href":"https:\/\/www.europesays.com\/fr\/wp-json\/wp\/v2\/types\/post"}],"author":[{"embeddable":true,"href":"https:\/\/www.europesays.com\/fr\/wp-json\/wp\/v2\/users\/2"}],"replies":[{"embeddable":true,"href":"https:\/\/www.europesays.com\/fr\/wp-json\/wp\/v2\/comments?post=996622"}],"version-history":[{"count":0,"href":"https:\/\/www.europesays.com\/fr\/wp-json\/wp\/v2\/posts\/996622\/revisions"}],"wp:featuredmedia":[{"embeddable":true,"href":"https:\/\/www.europesays.com\/fr\/wp-json\/wp\/v2\/media\/996623"}],"wp:attachment":[{"href":"https:\/\/www.europesays.com\/fr\/wp-json\/wp\/v2\/media?parent=996622"}],"wp:term":[{"taxonomy":"category","embeddable":true,"href":"https:\/\/www.europesays.com\/fr\/wp-json\/wp\/v2\/categories?post=996622"},{"taxonomy":"post_tag","embeddable":true,"href":"https:\/\/www.europesays.com\/fr\/wp-json\/wp\/v2\/tags?post=996622"}],"curies":[{"name":"wp","href":"https:\/\/api.w.org\/{rel}","templated":true}]}}