{"id":99674,"date":"2025-05-14T15:34:09","date_gmt":"2025-05-14T15:34:09","guid":{"rendered":"https:\/\/www.europesays.com\/fr\/99674\/"},"modified":"2025-05-14T15:34:09","modified_gmt":"2025-05-14T15:34:09","slug":"a-cannes-la-reaction-devenue-virale-de-bella-hadid-quand-elle-voit-robert-de-niro-sur-le-tapis-rouge","status":"publish","type":"post","link":"https:\/\/www.europesays.com\/fr\/99674\/","title":{"rendered":"\u00c0 Cannes, la r\u00e9action devenue virale de Bella Hadid quand elle voit Robert De Niro sur le tapis rouge"},"content":{"rendered":"<p>La mannequin de 28 ans n\u2019a pas pu contenir sa joie quand elle a aper\u00e7u la l\u00e9gende du cin\u00e9ma am\u00e9ricain fouler le tapis rouge du Festival de Cannes.<\/p>\n<p class=\"fig-paragraph\">Le visage de\u00a0<a href=\"https:\/\/madame.lefigaro.fr\/tag\/bella-hadid\" target=\"_blank\" rel=\"noopener nofollow\" data-gtm-custom-categorie=\"navigation\" data-gtm-custom-action=\"crossclick\" data-gtm-custom-label=\"Contextuel\" data-gtm-event=\"customEventSPE\">Bella Hadid\u00a0<\/a>s\u2019est soudain m\u00e9tamorphos\u00e9, mardi soir, sur le tapis rouge du Festival de Cannes lorsqu\u2019elle a aper\u00e7u, \u00e0 seulement quelques m\u00e8tres d\u2019elle, Robert De Niro posant pour les photographes aux c\u00f4t\u00e9s de sa compagne, Tiffany Chen. Le top model de 28 ans, connu pour sa moue boudeuse et son regard per\u00e7ant, a compl\u00e8tement l\u00e2ch\u00e9 prise, laissant son \u00e2me de fan s\u2019exprimer librement.<\/p>\n<p class=\"fig-paragraph\">Sur ce m\u00eame tapis rouge o\u00f9 elle prend habituellement la pose totalement impassible, la petite s\u0153ur de\u00a0<a href=\"https:\/\/madame.lefigaro.fr\/tag\/gigi-hadid\" target=\"_blank\" rel=\"noopener nofollow\" data-gtm-custom-categorie=\"navigation\" data-gtm-custom-action=\"crossclick\" data-gtm-custom-label=\"Contextuel\" data-gtm-event=\"customEventSPE\">Gigi Hadid<\/a>\u00a0a cette fois-ci souri \u00e0 pleines dents, avant de mimer un cri de joie.<\/p>\n<p>\u00a0\u00bb<br \/>\n        data-script=\u00a0\u00bbhttps:\/\/static.lefigaro.fr\/widget-video\/short-ttl\/video\/index.js\u00a0\u00bb<br \/>\n    &gt;<\/p>\n<p class=\"fig-body-link&#10;    \">\n            \u00c0 lire aussi<br \/>\n        <a class=\"fig-body-link__link\" href=\"http:\/\/madame.lefigaro.fr\/celebrites\/en-robe-noire-saint-laurent-bella-hadid-defie-habilement-les-interdits-vestimentaires-du-tapis-rouge-de-cannes-20250513\" data-fig-type=\"Article\" data-gtm-custom-categorie=\"navigation\" data-gtm-custom-action=\"crossclick\" data-gtm-custom-label=\"Contextuel\" data-gtm-event=\"customEventSPE\" data-fig-domain=\"MADAME\" rel=\"nofollow noopener\" target=\"_blank\">En robe noire Saint Laurent, Bella Hadid d\u00e9fie habilement les interdits vestimentaires du tapis rouge de Cannes<\/a>\n<\/p>\n<p>L\u2019unanimit\u00e9<\/p>\n<p class=\"fig-paragraph\">Une r\u00e9action spontan\u00e9e de Bella Hadid, qui a rapidement fait le tour des r\u00e9seaux sociaux, donnant \u00e0 d\u00e9couvrir le capital sympathie de la jeune femme. Depuis son arriv\u00e9e sur la Croisette ce mardi 13 mai, elle encha\u00eene les petits succ\u00e8s. Sa nouvelle couleur de cheveux, un blond miel qui adoucit les traits de son visage, loin de son brun signature, a par exemple fait l\u2019unanimit\u00e9. Tout comme la tenue qu\u2019elle a choisie pour fouler le tapis rouge de l\u2019ouverture du Festival\u00a0: une robe en soie noire sign\u00e9e Saint Laurent avec un col drap\u00e9, et une fente d\u00e9voilant sa jambe. C\u00f4t\u00e9 bijoux, la star a opt\u00e9 pour une parure Chopard sobre et raffin\u00e9e.<\/p>\n<p class=\"fig-paragraph\">Avant la mont\u00e9e des marches, la mannequin a ravi ses admirateurs en leur lan\u00e7ant des roses blanches depuis le balcon de l\u2019h\u00f4tel Martinez. Une sc\u00e8ne qui lui a valu d\u2019\u00eatre compar\u00e9e \u00e0 Lady Di &#8211; par ses fans. Une chose est s\u00fbre\u00a0: \u00e0 Cannes, pour l\u2019instant, la princesse, c\u2019est elle.<\/p>\n<p>    <a href=\"https:\/\/photo-madame.lefigaro.fr\/celebrites\/cinema\/la-montee-des-marches-du-13-mai-2025-20250513\" rel=\"nofollow noopener\" target=\"_blank\"><\/p>\n<p class=\"fig-slideshow__title\">\n                    La mont\u00e9e des marches du 13 mai 2025\n                <\/p>\n<p>    <\/a><\/p>\n","protected":false},"excerpt":{"rendered":"La mannequin de 28 ans n\u2019a pas pu contenir sa joie quand elle a aper\u00e7u la l\u00e9gende du&hellip;\n","protected":false},"author":2,"featured_media":99675,"comment_status":"","ping_status":"","sticky":false,"template":"","format":"standard","meta":{"footnotes":""},"categories":[1359],"tags":[976,21268,972,58,59,638,1011,27,977,973,975,17008,974],"class_list":{"0":"post-99674","1":"post","2":"type-post","3":"status-publish","4":"format-standard","5":"has-post-thumbnail","7":"category-people","8":"tag-actu-people","9":"tag-bella-hadid","10":"tag-celebrite","11":"tag-divertissement","12":"tag-entertainment","13":"tag-figaro","14":"tag-fr","15":"tag-france","16":"tag-madame","17":"tag-people","18":"tag-potain-de-stars","19":"tag-robert-de-niro","20":"tag-star"},"share_on_mastodon":{"url":"https:\/\/pubeurope.com\/@fr\/114506921734400951","error":""},"_links":{"self":[{"href":"https:\/\/www.europesays.com\/fr\/wp-json\/wp\/v2\/posts\/99674","targetHints":{"allow":["GET"]}}],"collection":[{"href":"https:\/\/www.europesays.com\/fr\/wp-json\/wp\/v2\/posts"}],"about":[{"href":"https:\/\/www.europesays.com\/fr\/wp-json\/wp\/v2\/types\/post"}],"author":[{"embeddable":true,"href":"https:\/\/www.europesays.com\/fr\/wp-json\/wp\/v2\/users\/2"}],"replies":[{"embeddable":true,"href":"https:\/\/www.europesays.com\/fr\/wp-json\/wp\/v2\/comments?post=99674"}],"version-history":[{"count":0,"href":"https:\/\/www.europesays.com\/fr\/wp-json\/wp\/v2\/posts\/99674\/revisions"}],"wp:featuredmedia":[{"embeddable":true,"href":"https:\/\/www.europesays.com\/fr\/wp-json\/wp\/v2\/media\/99675"}],"wp:attachment":[{"href":"https:\/\/www.europesays.com\/fr\/wp-json\/wp\/v2\/media?parent=99674"}],"wp:term":[{"taxonomy":"category","embeddable":true,"href":"https:\/\/www.europesays.com\/fr\/wp-json\/wp\/v2\/categories?post=99674"},{"taxonomy":"post_tag","embeddable":true,"href":"https:\/\/www.europesays.com\/fr\/wp-json\/wp\/v2\/tags?post=99674"}],"curies":[{"name":"wp","href":"https:\/\/api.w.org\/{rel}","templated":true}]}}