{"id":996756,"date":"2026-06-13T04:47:28","date_gmt":"2026-06-13T04:47:28","guid":{"rendered":"https:\/\/www.europesays.com\/fr\/996756\/"},"modified":"2026-06-13T04:47:28","modified_gmt":"2026-06-13T04:47:28","slug":"lhomme-en-blanc-de-lartiste-jerome-mesnager-une-fresque-au-couvent-des-jacobins","status":"publish","type":"post","link":"https:\/\/www.europesays.com\/fr\/996756\/","title":{"rendered":"\u00ab\u00a0L\u2019homme en blanc\u00a0\u00bb de l\u2019artiste J\u00e9r\u00f4me Mesnager\u00a0: une fresque au couvent des Jacobins"},"content":{"rendered":"<p>L\u2019artiste de rue J\u00e9r\u00f4me Mesnager a r\u00e9alis\u00e9 une nouvelle fresque sur le mur de la rue d\u2019\u00c9change du <a href=\"https:\/\/rennes.maville.com\/actu\/actudet_-a-rennes-le-couvent-des-jacobins-devoile-son-cloitre-et-ses-jardins-_7-7191015_actu.Htm\" target=\"_self\" rel=\"nofollow noopener\">Couvent des Jacobins \u00e0 Rennes.<\/a> Sur trente m\u00e8tres de long, son c\u00e9l\u00e8bre \u00ab\u00a0Corps blanc\u00a0\u00bb dialogue avec l\u2019univers du livre, en lien avec deux grands rendez-vous professionnels accueillis au centre des congr\u00e8s\u00a0: les Rencontres nationales de la librairie\u00a0fran\u00e7aise, qui s\u2019y est tenu les 7 et 8 juin, et le congr\u00e8s de l\u2019Association des biblioth\u00e9caires de France qui\u00a0r\u00e9unira pr\u00e8s de 2\u00a0200\u00a0participants du 17 au 19\u00a0juin.<\/p>\n<p>\t<img decoding=\"async\" src=\"https:\/\/www.europesays.com\/fr\/wp-content\/uploads\/2026\/06\/P35968346D7358526G_px_640_.jpg\" alt=\"photo pionnier du street art parisien, j\u00e9r\u00f4me mesnager est le cr\u00e9ateur de \u00ab\u00a0l\u2019homme en blanc\u00a0\u00bb.  \u00a9  julien mignot\" width=\"640\" title=\" Pionnier du street art parisien, J\u00e9r\u00f4me Mesnager est le cr\u00e9ateur de \u00ab\u00a0l\u2019Homme en blanc\u00a0\u00bb.   Julien Mignot \" loading=\"lazy\"\/><\/p>\n<p class=\"elmt-legende\"> Pionnier du street art parisien, J\u00e9r\u00f4me Mesnager est le cr\u00e9ateur de \u00ab\u00a0l\u2019Homme en blanc\u00a0\u00bb.   Julien Mignot <\/p>\n<p>Pionnier du street art parisien, J\u00e9r\u00f4me Mesnager est le cr\u00e9ateur de \u00ab\u00a0l\u2019Homme en blanc\u00a0\u00bb, silhouette apparue pour la premi\u00e8re fois en 1983 sur un mur de la petite ceinture ferroviaire \u00e0 Paris. L\u2019artiste la d\u00e9crit comme un symbole de lumi\u00e8re, de force et de paix. Depuis plus de quarante ans, cette figure embl\u00e9matique s\u2019est d\u00e9ploy\u00e9e sur les murs du monde entier, de Paris \u00e0 Moscou, en passant par la Chine.<\/p>\n<p>L\u2019\u0153uvre est visible sur le mur d\u2019enceinte du Couvent des Jacobins. Cette \u0153uvre veut rendre visible les \u00e9v\u00e9nements qui s\u2019y tiennent. Depuis 2023, Destination Rennes et l\u2019association <a href=\"https:\/\/rennes.maville.com\/actu\/actudet_-a-rennes-le-couvent-des-jacobins-devoile-son-cloitre-et-ses-jardins-_7-7191015_actu.Htm\" target=\"_self\" rel=\"nofollow noopener\">M.U.R.<\/a> Rennes assurent ensemble\u00a0la direction artistique de cet espace d\u00e9di\u00e9 \u00e0 l\u2019art urbain.<\/p>\n<p>\u00a0<\/p>\n","protected":false},"excerpt":{"rendered":"L\u2019artiste de rue J\u00e9r\u00f4me Mesnager a r\u00e9alis\u00e9 une nouvelle fresque sur le mur de la rue d\u2019\u00c9change du&hellip;\n","protected":false},"author":2,"featured_media":996757,"comment_status":"","ping_status":"","sticky":false,"template":"","format":"standard","meta":{"footnotes":"","_share_on_mastodon":"0"},"categories":[2821],"tags":[1111,11,2593,15021,829,29930,1777,674,1011,27,23001,4933,41264,9806,104592,12,584,25],"class_list":["post-996756","post","type-post","status-publish","format-standard","has-post-thumbnail","category-rennes","tag-actu","tag-actualites","tag-artiste","tag-blanc","tag-bretagne","tag-couvent","tag-eu","tag-europe","tag-fr","tag-france","tag-fresque","tag-homme","tag-jacobins","tag-jerome","tag-mesnager","tag-news","tag-rennes","tag-republique-francaise"],"share_on_mastodon":{"url":"https:\/\/pubeurope.com\/@fr\/116740991681439257","error":""},"_links":{"self":[{"href":"https:\/\/www.europesays.com\/fr\/wp-json\/wp\/v2\/posts\/996756","targetHints":{"allow":["GET"]}}],"collection":[{"href":"https:\/\/www.europesays.com\/fr\/wp-json\/wp\/v2\/posts"}],"about":[{"href":"https:\/\/www.europesays.com\/fr\/wp-json\/wp\/v2\/types\/post"}],"author":[{"embeddable":true,"href":"https:\/\/www.europesays.com\/fr\/wp-json\/wp\/v2\/users\/2"}],"replies":[{"embeddable":true,"href":"https:\/\/www.europesays.com\/fr\/wp-json\/wp\/v2\/comments?post=996756"}],"version-history":[{"count":0,"href":"https:\/\/www.europesays.com\/fr\/wp-json\/wp\/v2\/posts\/996756\/revisions"}],"wp:featuredmedia":[{"embeddable":true,"href":"https:\/\/www.europesays.com\/fr\/wp-json\/wp\/v2\/media\/996757"}],"wp:attachment":[{"href":"https:\/\/www.europesays.com\/fr\/wp-json\/wp\/v2\/media?parent=996756"}],"wp:term":[{"taxonomy":"category","embeddable":true,"href":"https:\/\/www.europesays.com\/fr\/wp-json\/wp\/v2\/categories?post=996756"},{"taxonomy":"post_tag","embeddable":true,"href":"https:\/\/www.europesays.com\/fr\/wp-json\/wp\/v2\/tags?post=996756"}],"curies":[{"name":"wp","href":"https:\/\/api.w.org\/{rel}","templated":true}]}}