{"id":996842,"date":"2026-06-13T05:51:48","date_gmt":"2026-06-13T05:51:48","guid":{"rendered":"https:\/\/www.europesays.com\/fr\/996842\/"},"modified":"2026-06-13T05:51:48","modified_gmt":"2026-06-13T05:51:48","slug":"oise-delphine-pinto-condamnee-a-30-ans-de-prison-pour-avoir-provoque-le-meurtre-de-son-mari","status":"publish","type":"post","link":"https:\/\/www.europesays.com\/fr\/996842\/","title":{"rendered":"Oise\u00a0: Delphine Pinto condamn\u00e9e \u00e0 30 ans de prison pour avoir provoqu\u00e9 le meurtre de son mari"},"content":{"rendered":"<p><a href=\"https:\/\/www.20minutes.fr\/faits_divers\/4225668-20260528-oise-delphine-pinto-soupconnee-avoir-organise-amant-meurtre-mari-jugee-assises\" target=\"_blank\" class=\"c-link c-link--is-underlined\" rel=\"nofollow noopener\">Delphine Pinto<\/a> a \u00e9t\u00e9 fix\u00e9e sur son sort dans la nuit de vendredi \u00e0 samedi. La cour d\u2019assises sp\u00e9ciale de l\u2019Oise l\u2019a condamn\u00e9e \u00e0 30 ans de r\u00e9clusion criminelle. Elle a \u00e9t\u00e9 reconnue coupable d\u2019avoir provoqu\u00e9 le meurtre en bande organis\u00e9e de <a href=\"https:\/\/www.20minutes.fr\/justice\/4186562-20251119-eure-femme-condamnee-18-ans-reclusion-criminelle-meurtre-mari\" target=\"_blank\" class=\"c-link c-link--is-underlined\" rel=\"nofollow noopener\">son mari<\/a>, Jean-Christophe Piel, en\u00a02021. Une <a href=\"https:\/\/www.20minutes.fr\/faits_divers\/4177672-20251007-avignon-soupconnee-avoir-commandite-assassinat-mari-sexagenaire-renvoyee-assises\" target=\"_blank\" class=\"c-link c-link--is-underlined\" rel=\"nofollow noopener\">affaire lourde<\/a>, qui m\u00eale commanditaire et ex\u00e9cution sur fond de plan pr\u00e9m\u00e9dit\u00e9.<\/p>\n<\/p>\n<p>Jug\u00e9 \u00e0 ses c\u00f4t\u00e9s, Yassine Zekri a \u00e9t\u00e9 d\u00e9clar\u00e9 coupable d\u2019avoir tu\u00e9 M. Piel sur commande. Il a \u00e9galement \u00e9cop\u00e9 de 30 ans de r\u00e9clusion criminelle, mais avec une peine de s\u00fbret\u00e9 des deux tiers. Les d\u00e9lib\u00e9rations ont dur\u00e9 pr\u00e8s de cinq heures, mais la salle d\u2019audience \u00e9tait toujours comble \u00e0 l\u2019heure du verdict, tomb\u00e9 peu avant minuit. Jeudi, l\u2019avocat g\u00e9n\u00e9ral avait requis la perp\u00e9tuit\u00e9 pour Mme Pinto et M. Zekri, avec une peine de s\u00fbret\u00e9 de 22 ans pour chacun. \u00ab\u00a0Je n\u2019ai rien \u00e0 voir avec le d\u00e9c\u00e8s de Jean-Christophe\u00a0\u00bb, avait r\u00e9p\u00e9t\u00e9 d\u2019une toute petite voix Delphine Pinto dans ses derni\u00e8res d\u00e9clarations vendredi avant que la cour ne se retire pour d\u00e9lib\u00e9rer, peu avant 19H00.<\/p>\n<p>Une femme d\u00e9crite comme men\u00e7ante et manipulatrice<\/p>\n<p>Cette femme de 48 ans, d\u00e9crite comme mena\u00e7ante et manipulatrice par beaucoup de t\u00e9moins au proc\u00e8s, avait toutefois reconnu mercredi avoir pu \u00ab\u00a0souhaiter\u00a0\u00bb la mort de son mari, avec qui elle \u00e9tait en instance de divorce, et le faire savoir \u00e0 son amant. Yassine Zekri avait lui aussi d\u00e9clar\u00e9 n\u2019avoir \u00ab\u00a0rien \u00e0 voir\u00a0\u00bb avec la mort de Jean-Christophe Piel. Trois autres personnes \u00e9taient jug\u00e9es \u00e0 leurs c\u00f4t\u00e9s depuis le 29\u00a0mai.<\/p>\n<p>Un amant de Mme Pinto a \u00e9t\u00e9 condamn\u00e9 \u00e0 16 ans de r\u00e9clusion criminelle &#8211; deux ans de moins que les r\u00e9quisitions &#8211; pour avoir sciemment facilit\u00e9 le meurtre, et un autre homme, reconnu coupable d\u2019avoir fourni l\u2019arme du crime et en \u00e9tat de r\u00e9cidive l\u00e9gale, a pris 10 ans, soit quatre ans de moins que la demande de l\u2019avocat g\u00e9n\u00e9ral. Poursuivi pour avoir \u00e9t\u00e9 mis dans la confidence du plan meurtrier, le fils de Mme Pinto, n\u00e9 d\u2019une pr\u00e9c\u00e9dente union, a quant \u00e0 lui \u00e9t\u00e9 acquitt\u00e9, alors que l\u2019avocat g\u00e9n\u00e9ral avait requis quatre ans ferme \u00e0 son encontre.<\/p>\n<p>De lourdes accusations contre le d\u00e9funt mari<\/p>\n<p>Une semaine avant son meurtre, Jean-Christophe Piel avait b\u00e9n\u00e9fici\u00e9 d\u2019une ordonnance de non-lieu par rapport \u00e0 de lourdes accusations, port\u00e9es contre lui par sa femme, de violences envers elle et d\u2019agression sexuelle sur l\u2019une de leurs deux petites filles. Ce kin\u00e9sith\u00e9rapeute de 41 ans \u00e9tait \u00e9galement accus\u00e9 d\u2019agressions sexuelles par deux des trois autres enfants de Mme Pinto, tous n\u00e9s d\u2019une pr\u00e9c\u00e9dente relation mais qu\u2019il avait adopt\u00e9s. Sa mort avait entra\u00een\u00e9 l\u2019extinction des poursuites dans ce dossier. Selon le parquet, la proc\u00e9dure n\u2019avait alors pas permis d\u2019\u00e9tablir \u00ab\u00a0des charges suffisantes\u00a0\u00bb.<\/p>\n","protected":false},"excerpt":{"rendered":"Delphine Pinto a \u00e9t\u00e9 fix\u00e9e sur son sort dans la nuit de vendredi \u00e0 samedi. La cour d\u2019assises&hellip;\n","protected":false},"author":2,"featured_media":996843,"comment_status":"","ping_status":"","sticky":false,"template":"","format":"standard","meta":{"footnotes":"","_share_on_mastodon":"0"},"categories":[2],"tags":[47,11,118,1011,27,811,777,12,1940,812],"class_list":["post-996842","post","type-post","status-publish","format-standard","has-post-thumbnail","category-actualites","tag-actualite","tag-actualites","tag-faits-divers","tag-fr","tag-france","tag-hauts-de-france","tag-meurtre","tag-news","tag-oise","tag-picardie"],"share_on_mastodon":{"url":"https:\/\/pubeurope.com\/@fr\/116741242026355425","error":""},"_links":{"self":[{"href":"https:\/\/www.europesays.com\/fr\/wp-json\/wp\/v2\/posts\/996842","targetHints":{"allow":["GET"]}}],"collection":[{"href":"https:\/\/www.europesays.com\/fr\/wp-json\/wp\/v2\/posts"}],"about":[{"href":"https:\/\/www.europesays.com\/fr\/wp-json\/wp\/v2\/types\/post"}],"author":[{"embeddable":true,"href":"https:\/\/www.europesays.com\/fr\/wp-json\/wp\/v2\/users\/2"}],"replies":[{"embeddable":true,"href":"https:\/\/www.europesays.com\/fr\/wp-json\/wp\/v2\/comments?post=996842"}],"version-history":[{"count":0,"href":"https:\/\/www.europesays.com\/fr\/wp-json\/wp\/v2\/posts\/996842\/revisions"}],"wp:featuredmedia":[{"embeddable":true,"href":"https:\/\/www.europesays.com\/fr\/wp-json\/wp\/v2\/media\/996843"}],"wp:attachment":[{"href":"https:\/\/www.europesays.com\/fr\/wp-json\/wp\/v2\/media?parent=996842"}],"wp:term":[{"taxonomy":"category","embeddable":true,"href":"https:\/\/www.europesays.com\/fr\/wp-json\/wp\/v2\/categories?post=996842"},{"taxonomy":"post_tag","embeddable":true,"href":"https:\/\/www.europesays.com\/fr\/wp-json\/wp\/v2\/tags?post=996842"}],"curies":[{"name":"wp","href":"https:\/\/api.w.org\/{rel}","templated":true}]}}