{"id":99696,"date":"2025-05-14T15:45:12","date_gmt":"2025-05-14T15:45:12","guid":{"rendered":"https:\/\/www.europesays.com\/fr\/99696\/"},"modified":"2025-05-14T15:45:12","modified_gmt":"2025-05-14T15:45:12","slug":"guerre-en-ukraine-gaza-armee-allemande-ce-quil-faut-retenir-des-annonces-de-friedrich-merz-devant-le-bundestag","status":"publish","type":"post","link":"https:\/\/www.europesays.com\/fr\/99696\/","title":{"rendered":"Guerre en Ukraine, Gaza, arm\u00e9e allemande\u2026 Ce qu\u2019il faut retenir des annonces de Friedrich Merz devant le Bundestag"},"content":{"rendered":"<p>Le chancelier allemand pronon\u00e7ait mercredi 14 mai sa premi\u00e8re d\u00e9claration gouvernementale lors d\u2019une session au Bundestag, la chambre basse du parlement allemand, \u00e0 Berlin.<\/p>\n<p class=\"fig-paragraph\">Le chancelier allemand\u00a0<a href=\"http:\/\/www.lefigaro.fr\/flash-eco\/friedrich-merz-plaide-pour-renoncer-a-une-loi-europeenne-sur-le-devoir-de-vigilance-des-entreprises-20250509\" data-fig-type=\"NewsFlash\" data-gtm-custom-categorie=\"navigation\" data-gtm-custom-action=\"crossclick\" data-gtm-custom-label=\"Contextuel\" data-gtm-event=\"customEventSPE\" data-fig-domain=\"LEFIGARO\" rel=\"nofollow noopener\" target=\"_blank\">Friedrich Merz<\/a>\u00a0pronon\u00e7ait mercredi 14 mai sa premi\u00e8re d\u00e9claration gouvernementale, lors d\u2019une session pl\u00e9ni\u00e8re au Bundestag, la chambre basse du parlement allemand, \u00e0 Berlin.<\/p>\n<p><strong>Merz exhorte \u00e0 refuser toute \u00abpaix dict\u00e9e\u00bb par Moscou \u00e0 Kiev<\/strong><\/p>\n<p class=\"fig-paragraph\">Le chancelier allemand Friedrich Merz a exhort\u00e9 mercredi Europ\u00e9ens et Am\u00e9ricains \u00e0 refuser une \u00abpaix dict\u00e9e\u00bb par la\u00a0<a href=\"http:\/\/www.lefigaro.fr\/international\/le-sentiment-qu-ils-vont-se-mettre-d-accord-trump-dit-envisager-se-rendre-en-turquie-jeudi-pour-des-discussions-entre-l-ukraine-et-la-russie-20250513\" data-fig-type=\"NewsFlash\" data-gtm-custom-categorie=\"navigation\" data-gtm-custom-action=\"crossclick\" data-gtm-custom-label=\"Contextuel\" data-gtm-event=\"customEventSPE\" data-fig-domain=\"LEFIGARO\" rel=\"nofollow noopener\" target=\"_blank\">Russie\u00a0<\/a>\u00e0 l\u2019Ukraine, qui ne doit pas selon lui \u00eatre soumise \u00abcontre sa volont\u00e9\u00bb \u00e0 des concessions territoriales. Dans son discours de politique g\u00e9n\u00e9rale au parlement, le nouveau dirigeant allemand a jug\u00e9 d\u2019une \u00abimportance capitale\u00bb que les Occidentaux \u00abne se laissent pas diviser\u00bb sur ce conflit, et appel\u00e9 \u00e0 \u00abmaintenir la plus grande unit\u00e9 possible entre les partenaires europ\u00e9ens et am\u00e9ricains\u00bb.<\/p>\n<p>\u00a0\u00bb<br \/>\n        data-script=\u00a0\u00bbhttps:\/\/static.lefigaro.fr\/widget-video\/short-ttl\/video\/index.js\u00a0\u00bb<br \/>\n    &gt;<\/p>\n<p class=\"fig-paragraph\">Depuis son retour au pouvoir en janvier, le pr\u00e9sident am\u00e9ricain\u00a0<a href=\"https:\/\/www.lefigaro.fr\/tag\/donald-trump\" target=\"_blank\" rel=\"noopener nofollow\" data-gtm-custom-categorie=\"navigation\" data-gtm-custom-action=\"crossclick\" data-gtm-custom-label=\"Contextuel\" data-gtm-event=\"customEventSPE\">Donald Trump<\/a>\u00a0cherche \u00e0 relancer les discussions entre Ukrainiens et Russes, apr\u00e8s plus de\u00a0<a href=\"http:\/\/www.lefigaro.fr\/conjoncture\/avoirs-russes-geles-trois-ans-apres-le-debut-de-la-guerre-pourquoi-les-europeens-sont-ils-toujours-divises-20250313\" data-fig-type=\"Article\" data-gtm-custom-categorie=\"navigation\" data-gtm-custom-action=\"crossclick\" data-gtm-custom-label=\"Contextuel\" data-gtm-event=\"customEventSPE\" data-fig-domain=\"LEFIGARO\" rel=\"nofollow noopener\" target=\"_blank\">trois ans de guerre<\/a>\u00a0qui ont fait plusieurs dizaines de milliers de morts, civils et militaires.<\/p>\n<p class=\"fig-paragraph\">Le week-end dernier, Kiev et ses alli\u00e9s europ\u00e9ens &#8211; Paris, Berlin, Londres et Varsovie &#8211; ont appel\u00e9 le pr\u00e9sident russe Poutine\u00a0<a href=\"http:\/\/www.lefigaro.fr\/flash-actu\/ukraine-europeens-et-americains-tentent-de-finaliser-un-projet-de-cessez-le-feu-d-apres-une-source-diplomatique-20250509\" data-fig-type=\"NewsFlash\" data-gtm-custom-categorie=\"navigation\" data-gtm-custom-action=\"crossclick\" data-gtm-custom-label=\"Contextuel\" data-gtm-event=\"customEventSPE\" data-fig-domain=\"LEFIGARO\" rel=\"nofollow noopener\" target=\"_blank\">\u00e0 accepter un cessez-le-feu de 30 jours<\/a>, sous peine de \u00absanctions massives\u00bb. \u00abNotre aide \u00e0 l\u2019Ukraine reste un effort commun des Europ\u00e9ens, des Am\u00e9ricains et d\u2019autres amis et alli\u00e9s\u00bb, a affirm\u00e9 mercredi Friedrich Merz, alors que Donald Trump cherche \u00e0 rapprocher les \u00c9tats-Unis de la Russie.<\/p>\n<p class=\"fig-paragraph\">\u00abAucune paix dict\u00e9e et aucune soumission \u00e0 des faits \u00e9tablis militairement contre la volont\u00e9 de l\u2019Ukraine n\u2019est tol\u00e9rable\u00bb, a-t-il encore dit, soulignant l\u2019effort de Berlin pour \u00abque cette position claire soit repr\u00e9sent\u00e9e partout en Europe, mais aussi par nos partenaires am\u00e9ricains\u00bb. Outre la non-adh\u00e9sion de l\u2019Ukraine \u00e0\u00a0<a href=\"http:\/\/www.lefigaro.fr\/economie\/il-est-temps-de-creer-une-institution-internationale-bancaire-le-projet-de-creation-d-une-banque-de-l-otan-suscite-des-doutes-en-europe-20250429\" data-fig-type=\"Article\" data-gtm-custom-categorie=\"navigation\" data-gtm-custom-action=\"crossclick\" data-gtm-custom-label=\"Contextuel\" data-gtm-event=\"customEventSPE\" data-fig-domain=\"LEFIGARO\" rel=\"nofollow noopener\" target=\"_blank\">l\u2019Otan<\/a>,\u00a0<a href=\"https:\/\/www.lefigaro.fr\/tag\/vladimir-poutine\" target=\"_blank\" rel=\"noopener nofollow\" data-gtm-custom-categorie=\"navigation\" data-gtm-custom-action=\"crossclick\" data-gtm-custom-label=\"Contextuel\" data-gtm-event=\"customEventSPE\">Vladimir Poutine<\/a>\u00a0r\u00e9clame inlassablement la d\u00e9militarisation de l\u2019Ukraine et l\u2019assurance que la Russie garde les territoires ukrainiens annex\u00e9s en 2022, en plus de la Crim\u00e9e occup\u00e9e depuis 2014. \u00abCeux qui croient que la Russie se contentera d\u2019une victoire sur l\u2019Ukraine ou de l\u2019annexion d\u2019une partie du pays se trompent\u00bb, a mis en garde le chancelier.<\/p>\n<p><strong>Le chancelier Merz veut doter l\u2019Allemagne de l\u2019arm\u00e9e \u00abla plus puissante d\u2019Europe\u00bb<\/strong><\/p>\n<p>\u00a0\u00bb<br \/>\n        data-script=\u00a0\u00bbhttps:\/\/static.lefigaro.fr\/widget-video\/short-ttl\/video\/index.js\u00a0\u00bb<br \/>\n    &gt;<\/p>\n<p class=\"fig-paragraph\">Face \u00e0 la menace russe sur le continent europ\u00e9en, le chancelier a jug\u00e9 primordial de doter l\u2019Allemagne de \u00abl\u2019arm\u00e9e conventionnelle la plus puissante d\u2019Europe\u00bb gr\u00e2ce notamment aux centaines de milliards d\u2019euros d\u2019investissement d\u00e9bloqu\u00e9s par son gouvernement.<\/p>\n<p class=\"fig-paragraph\">Le renforcement de la\u00a0<a href=\"http:\/\/www.lefigaro.fr\/conjoncture\/c-est-comme-si-nous-penetrions-en-terre-inconnue-en-allemagne-l-agence-de-l-emploi-recrute-pour-la-bundeswehr-20241106\" data-fig-type=\"Article\" data-gtm-custom-categorie=\"navigation\" data-gtm-custom-action=\"crossclick\" data-gtm-custom-label=\"Contextuel\" data-gtm-event=\"customEventSPE\" data-fig-domain=\"LEFIGARO\" rel=\"nofollow noopener\" target=\"_blank\">Bundeswehr<\/a>, longtemps sous-financ\u00e9e, est \u00abnotre priorit\u00e9 absolue\u00bb, a d\u00e9clar\u00e9 le dirigeant allemand soulignant que \u00abc\u2019est ce qu\u2019attend le pays le plus peupl\u00e9 et le plus puissant d\u2019Europe. Nos amis et partenaires l\u2019attendent \u00e9galement de nous. En fait, ils l\u2019exigent pratiquement\u00bb.<\/p>\n<p class=\"fig-body-link\">\n            \u00c0 lire aussi<br \/>\n        <a class=\"fig-body-link__link fig-premium-mark\" href=\"https:\/\/www.lefigaro.fr\/vox\/monde\/jean-pierre-robin-comment-la-france-finance-l-armee-allemande-20240123\" data-fig-type=\"Article\" data-gtm-custom-categorie=\"navigation\" data-gtm-custom-action=\"crossclick\" data-gtm-custom-label=\"Contextuel\" data-gtm-event=\"customEventSPE\" data-fig-domain=\"LEFIGARO\" rel=\"nofollow noopener\" target=\"_blank\">Jean-Pierre Robin: \u00abComment la France finance l\u2019arm\u00e9e allemande\u00bb<br \/>\n    <\/a>\n<\/p>\n<p><strong>Le chancelier allemand appelle \u00e0 des mesures rapides pour \u00e9viter \u00abla famine\u00bb \u00e0 Gaza<\/strong><\/p>\n<p>\u00a0\u00bb<br \/>\n        data-script=\u00a0\u00bbhttps:\/\/static.lefigaro.fr\/widget-video\/short-ttl\/video\/index.js\u00a0\u00bb<br \/>\n    &gt;<\/p>\n<p class=\"fig-paragraph\">Le chancelier allemand a exhort\u00e9 mercredi \u00abtoutes les parties concern\u00e9es\u00bb \u00e0 \u00e9viter au plus vite une \u00abfamine\u00bb \u00e0 Gaza, o\u00f9 Isra\u00ebl bloque depuis le 2 mars l\u2019entr\u00e9e de toute\u00a0<a href=\"http:\/\/www.lefigaro.fr\/international\/israel-revient-en-force-dans-la-bande-de-gaza-privee-depuis-un-mois-d-aide-humanitaire-20250402\" data-fig-type=\"Article\" data-gtm-custom-categorie=\"navigation\" data-gtm-custom-action=\"crossclick\" data-gtm-custom-label=\"Contextuel\" data-gtm-event=\"customEventSPE\" data-fig-domain=\"LEFIGARO\" rel=\"nofollow noopener\" target=\"_blank\">aide humanitaire<\/a>.<\/p>\n<p class=\"fig-paragraph\">\u00abC\u2019est une obligation humanitaire pour toutes les parties&#8230; et j\u2019insiste aupr\u00e8s de toutes les parties pour que la famine dans la r\u00e9gion soit \u00e9vit\u00e9e le plus rapidement possible\u00bb, a d\u00e9clar\u00e9 devant les d\u00e9put\u00e9s le chef du gouvernement allemand, alli\u00e9 sans faille d\u2019Isra\u00ebl.<\/p>\n<p><strong>L\u2019Allemagne en crise \u00abpeut redevenir une locomotive \u00e9conomique\u00bb<\/strong><\/p>\n<p class=\"fig-paragraph\">L\u2019Allemagne \u00abpeut redevenir une locomotive \u00e9conomique que le monde admire\u00bb, a assur\u00e9 mercredi Friedrich Merz lors de son discours de politique g\u00e9n\u00e9rale, d\u00e9termin\u00e9 \u00e0 \u00abtout faire\u00bb pour retrouver \u00able chemin de la\u00a0<a href=\"http:\/\/www.lefigaro.fr\/conjoncture\/michel-cicurel-il-faut-relancer-la-croissance-avant-de-faire-des-coupes-budgetaires-20250509\" data-fig-type=\"Article\" data-gtm-custom-categorie=\"navigation\" data-gtm-custom-action=\"crossclick\" data-gtm-custom-label=\"Contextuel\" data-gtm-event=\"customEventSPE\" data-fig-domain=\"LEFIGARO\" rel=\"nofollow noopener\" target=\"_blank\">croissance<\/a> \u00bb dans un pays toujours plus englu\u00e9 dans la crise.<\/p>\n<p class=\"fig-paragraph\">Moteur de la croissance de la zone euro pendant longtemps, l\u2019Allemagne sort de deux ann\u00e9es cons\u00e9cutives de r\u00e9cession, \u00e0 la tra\u00eene de ses partenaires europ\u00e9ens, et la\u00a0<a href=\"http:\/\/www.lefigaro.fr\/flash-eco\/l-economie-allemande-devrait-stagner-en-2025-selon-le-gouvernement-20250424\" data-fig-type=\"NewsFlash\" data-gtm-custom-categorie=\"navigation\" data-gtm-custom-action=\"crossclick\" data-gtm-custom-label=\"Contextuel\" data-gtm-event=\"customEventSPE\" data-fig-domain=\"LEFIGARO\" rel=\"nofollow noopener\" target=\"_blank\">stagnation\u00a0<\/a>guette la premi\u00e8re \u00e9conomie europ\u00e9enne en 2025. \u00abNous n\u2019avons jamais connu une p\u00e9riode aussi longue sans croissance \u00e9conomique dans l\u2019histoire de notre pays\u00bb, a observ\u00e9 le chancelier conservateur devant les d\u00e9put\u00e9s allemands. \u00abNotre \u00e9conomie est encore en grande partie comp\u00e9titive, mais les conditions-cadres ne le sont plus\u00bb, a-t-il ajout\u00e9, promettant un m\u00e9lange de baisses d\u2019imp\u00f4ts, du prix de l\u2019\u00e9nergie et des co\u00fbts de la bureaucratie pour les entreprises.<\/p>\n<p class=\"fig-paragraph\">Le chef de la coalition constitu\u00e9e entre conservateurs et sociaux-d\u00e9mocrates veut aussi investir dans les infrastructures d\u00e9grad\u00e9es du pays, notamment via un fonds public in\u00e9dit de 500 milliards d\u2019euros.<\/p>\n<p class=\"fig-paragraph\">Le gouvernement doit cependant \u00abg\u00e9rer ces nouveaux fonds avec une extr\u00eame prudence\u00bb et ces dettes \u00abdoivent \u00e9galement \u00eatre rembours\u00e9es\u00bb, a pr\u00e9venu Friedrich Merz, qui est contest\u00e9 dans son parti conservateur pour \u00eatre revenu sur un engagement majeur de campagne en assouplissant les r\u00e8gles allemandes de d\u00e9penses budg\u00e9taires.<\/p>\n<p class=\"fig-paragraph\">L\u2019avalanche de droits de douane du pr\u00e9sident am\u00e9ricain Donald Trump pose aussi une menace existentielle \u00e0 l\u2019Allemagne, tr\u00e8s d\u00e9pendante de ses exportations. Friedrich Merz a r\u00e9p\u00e9t\u00e9 mercredi qu\u2019il voulait \u00abr\u00e9gler rapidement\u00bb les diff\u00e9rends avec le pr\u00e9sident Trump, apr\u00e8s un \u00e9change t\u00e9l\u00e9phonique jeudi. En parall\u00e8le, le conservateur allemand souhaite que l\u2019UE conclue \u00abautant de nouveaux accords commerciaux que possible\u00bb et ratifie rapidement l\u2019accord de libre-\u00e9change avec les pays du\u00a0<a href=\"http:\/\/www.lefigaro.fr\/international\/nucleaire-mercosur-defense-paris-veut-resynchroniser-la-relation-franco-allemande-20250505\" data-fig-type=\"Article\" data-gtm-custom-categorie=\"navigation\" data-gtm-custom-action=\"crossclick\" data-gtm-custom-label=\"Contextuel\" data-gtm-event=\"customEventSPE\" data-fig-domain=\"LEFIGARO\" rel=\"nofollow noopener\" target=\"_blank\">Mercosur<\/a>.<\/p>\n","protected":false},"excerpt":{"rendered":"Le chancelier allemand pronon\u00e7ait mercredi 14 mai sa premi\u00e8re d\u00e9claration gouvernementale lors d\u2019une session au Bundestag, la chambre&hellip;\n","protected":false},"author":2,"featured_media":99697,"comment_status":"","ping_status":"","sticky":false,"template":"","format":"standard","meta":{"footnotes":""},"categories":[5],"tags":[259,11,260,672,1011,27,4710,131,14,261,12,262,28],"class_list":{"0":"post-99696","1":"post","2":"type-post","3":"status-publish","4":"format-standard","5":"has-post-thumbnail","7":"category-international","8":"tag-actualite-internationale","9":"tag-actualites","10":"tag-affaires-etrangeres","11":"tag-allemagne","12":"tag-fr","13":"tag-france","14":"tag-friedrich-merz","15":"tag-guerre-en-ukraine","16":"tag-international","17":"tag-ministere-des-affaires-etrangeres","18":"tag-news","19":"tag-politique-etrangere","20":"tag-world"},"share_on_mastodon":{"url":"https:\/\/pubeurope.com\/@fr\/114506964899088702","error":""},"_links":{"self":[{"href":"https:\/\/www.europesays.com\/fr\/wp-json\/wp\/v2\/posts\/99696","targetHints":{"allow":["GET"]}}],"collection":[{"href":"https:\/\/www.europesays.com\/fr\/wp-json\/wp\/v2\/posts"}],"about":[{"href":"https:\/\/www.europesays.com\/fr\/wp-json\/wp\/v2\/types\/post"}],"author":[{"embeddable":true,"href":"https:\/\/www.europesays.com\/fr\/wp-json\/wp\/v2\/users\/2"}],"replies":[{"embeddable":true,"href":"https:\/\/www.europesays.com\/fr\/wp-json\/wp\/v2\/comments?post=99696"}],"version-history":[{"count":0,"href":"https:\/\/www.europesays.com\/fr\/wp-json\/wp\/v2\/posts\/99696\/revisions"}],"wp:featuredmedia":[{"embeddable":true,"href":"https:\/\/www.europesays.com\/fr\/wp-json\/wp\/v2\/media\/99697"}],"wp:attachment":[{"href":"https:\/\/www.europesays.com\/fr\/wp-json\/wp\/v2\/media?parent=99696"}],"wp:term":[{"taxonomy":"category","embeddable":true,"href":"https:\/\/www.europesays.com\/fr\/wp-json\/wp\/v2\/categories?post=99696"},{"taxonomy":"post_tag","embeddable":true,"href":"https:\/\/www.europesays.com\/fr\/wp-json\/wp\/v2\/tags?post=99696"}],"curies":[{"name":"wp","href":"https:\/\/api.w.org\/{rel}","templated":true}]}}