{"id":99700,"date":"2025-05-14T15:47:09","date_gmt":"2025-05-14T15:47:09","guid":{"rendered":"https:\/\/www.europesays.com\/fr\/99700\/"},"modified":"2025-05-14T15:47:09","modified_gmt":"2025-05-14T15:47:09","slug":"ancelotti-fait-une-annonce-a-marquinhos-actualite","status":"publish","type":"post","link":"https:\/\/www.europesays.com\/fr\/99700\/","title":{"rendered":"Ancelotti fait une annonce \u00e0 Marquinhos &#8211; Actualite"},"content":{"rendered":"<p>Ce n\u2019est plus une utopie, c\u2019est d\u00e9sormais officiel. L\u2019ancien entra\u00eeneur du PSG, <strong>Carlo Ancelotti<\/strong>, va prendre les commandes de la s\u00e9lection br\u00e9silienne. Apr\u00e8s un communiqu\u00e9 publi\u00e9 par la CBF, le technicien italien a confirm\u00e9 lui-m\u00eame la nouvelle : \u00ab Je vais quitter le Real Madrid et \u00e0 partir du 26 mai, je serai le s\u00e9lectionneur du Br\u00e9sil. \u00bb<\/p>\n<p>Une annonce marquante, notamment pour le capitaine du PSG et de la Sele\u00e7\u00e3o, <strong>Marquinhos<\/strong>. Le d\u00e9fenseur central parisien, qui f\u00eate ce mercredi ses 31 ans, n\u2019a jamais eu l\u2019occasion d\u2019\u00e9voluer sous les ordres d\u2019Ancelotti. Leurs trajectoires se sont crois\u00e9es de peu : Carletto a quitt\u00e9 Paris pour Madrid \u00e0 l\u2019\u00e9t\u00e9 2013, au moment m\u00eame o\u00f9 Marquinhos, alors \u00e2g\u00e9 de 19 ans, signait au PSG en provenance de l\u2019AS Roma.<\/p>\n<p>C\u2019est donc un nouveau chapitre fort de sa carri\u00e8re internationale qui s\u2019ouvre, sous la houlette d\u2019un coach reconnu pour son management et son palmar\u00e8s hors norme. Autre joueur du PSG potentiellement concern\u00e9 : <strong>Lucas Beraldo<\/strong>. Le jeune d\u00e9fenseur central br\u00e9silien devra d\u00e9sormais convaincre Ancelotti qu\u2019il peut faire partie des plans de la Sele\u00e7\u00e3o pour les grands rendez-vous \u00e0 venir.<\/p>\n<p>L\u2019annonce intervient alors que le Br\u00e9sil pr\u00e9pare deux rencontres importantes en juin contre l\u2019\u00c9quateur (le 6) et le Paraguay (le 11), en vue des qualifications pour la Coupe du Monde 2026, avant la Coupe du Monde des clubs, que les hommes d\u2019Ancelotti viseront avec ambition.<\/p>\n","protected":false},"excerpt":{"rendered":"Ce n\u2019est plus une utopie, c\u2019est d\u00e9sormais officiel. L\u2019ancien entra\u00eeneur du PSG, Carlo Ancelotti, va prendre les commandes&hellip;\n","protected":false},"author":2,"featured_media":99701,"comment_status":"","ping_status":"","sticky":false,"template":"","format":"standard","meta":{"footnotes":""},"categories":[2],"tags":[11,20050,2562,21415,21,1011,27,791,12,21416,471,3051,3107],"class_list":{"0":"post-99700","1":"post","2":"type-post","3":"status-publish","4":"format-standard","5":"has-post-thumbnail","7":"category-actualites","8":"tag-actualites","9":"tag-ancelotti","10":"tag-annonce","11":"tag-carlo","12":"tag-fait","13":"tag-fr","14":"tag-france","15":"tag-marquinhos","16":"tag-news","17":"tag-ordres","18":"tag-pour","19":"tag-premiere","20":"tag-sous"},"share_on_mastodon":{"url":"https:\/\/pubeurope.com\/@fr\/114506972852666955","error":""},"_links":{"self":[{"href":"https:\/\/www.europesays.com\/fr\/wp-json\/wp\/v2\/posts\/99700","targetHints":{"allow":["GET"]}}],"collection":[{"href":"https:\/\/www.europesays.com\/fr\/wp-json\/wp\/v2\/posts"}],"about":[{"href":"https:\/\/www.europesays.com\/fr\/wp-json\/wp\/v2\/types\/post"}],"author":[{"embeddable":true,"href":"https:\/\/www.europesays.com\/fr\/wp-json\/wp\/v2\/users\/2"}],"replies":[{"embeddable":true,"href":"https:\/\/www.europesays.com\/fr\/wp-json\/wp\/v2\/comments?post=99700"}],"version-history":[{"count":0,"href":"https:\/\/www.europesays.com\/fr\/wp-json\/wp\/v2\/posts\/99700\/revisions"}],"wp:featuredmedia":[{"embeddable":true,"href":"https:\/\/www.europesays.com\/fr\/wp-json\/wp\/v2\/media\/99701"}],"wp:attachment":[{"href":"https:\/\/www.europesays.com\/fr\/wp-json\/wp\/v2\/media?parent=99700"}],"wp:term":[{"taxonomy":"category","embeddable":true,"href":"https:\/\/www.europesays.com\/fr\/wp-json\/wp\/v2\/categories?post=99700"},{"taxonomy":"post_tag","embeddable":true,"href":"https:\/\/www.europesays.com\/fr\/wp-json\/wp\/v2\/tags?post=99700"}],"curies":[{"name":"wp","href":"https:\/\/api.w.org\/{rel}","templated":true}]}}