{"id":997024,"date":"2026-06-13T07:42:18","date_gmt":"2026-06-13T07:42:18","guid":{"rendered":"https:\/\/www.europesays.com\/fr\/997024\/"},"modified":"2026-06-13T07:42:18","modified_gmt":"2026-06-13T07:42:18","slug":"paris-mise-sur-la-societe-civile-pour-faciliter-la-solution-a-deux-etats","status":"publish","type":"post","link":"https:\/\/www.europesays.com\/fr\/997024\/","title":{"rendered":"Paris mise sur la soci\u00e9t\u00e9 civile pour faciliter la solution \u00e0 deux \u00c9tats"},"content":{"rendered":"<p>Paris : \u00c0 Paris, dans le cadre symbolique de l\u2019Institut du monde arabe (IMA), la France a accueilli vendredi la deuxi\u00e8me \u00e9dition de \u00ab l\u2019Appel de Paris \u00bb, une initiative singuli\u00e8re port\u00e9e non pas par les seuls \u00c9tats, mais par des acteurs de la soci\u00e9t\u00e9 civile isra\u00e9lienne et palestinienne.<\/p>\n<p>Un an apr\u00e8s une premi\u00e8re rencontre tenue le 13 juin dans la capitale fran\u00e7aise, ce nouveau rendez-vous s\u2019inscrit dans une volont\u00e9 assum\u00e9e de maintenir vivante la perspective d\u2019une solution politique et de faire avancer la solution \u00e0 deux \u00c9tats, dont la possibilit\u00e9 semble s\u2019\u00e9loigner chaque jour.<\/p>\n<p>Le premier \u00ab Appel de Paris \u00bb \u00e9tait n\u00e9 dans un contexte diplomatique marqu\u00e9 par une dynamique internationale en faveur de la solution \u00e0 deux \u00c9tats. Port\u00e9e conjointement par la France et l\u2019Arabie saoudite \u00e0 l\u2019ONU, cette initiative avait trouv\u00e9 un \u00e9cho significatif avec l\u2019adoption de la \u00ab D\u00e9claration de New York \u00bb par 142 pays et avait permis de tracer les contours d\u2019un cadre politique cr\u00e9dible, tout en contribuant \u00e0 une s\u00e9rie de reconnaissances de l\u2019\u00c9tat de Palestine.<\/p>\n<p>Mais un an plus tard, tout a bascul\u00e9 : la guerre \u00e0 Gaza, l\u2019expansion continue des colonies en Cisjordanie et l\u2019enlisement des initiatives internationales ont profond\u00e9ment assombri l\u2019horizon.<\/p>\n<p>Dans ce contexte, la r\u00e9union parisienne prend une dimension presque contre-courant : celle d\u2019un effort pour emp\u00eacher l\u2019effacement pur et simple de la solution \u00e0 deux \u00c9tats.\u00a0<\/p>\n<p><img decoding=\"async\" alt=\"--\" data-entity-type=\"file\" data-entity-uuid=\"8fe48426-5d03-4134-9b69-0088244ec9db\" src=\"https:\/\/www.europesays.com\/fr\/wp-content\/uploads\/2026\/06\/AFP__20260612__B6WJ7Z3__v1__HighRes__FrancePoliticsDiplomacyIsraelPalestinianConflic_0.jpg\" width=\"6812\" height=\"4541\" loading=\"lazy\"\/>Le ministre fran\u00e7ais des Affaires \u00e9trang\u00e8res Jean-No\u00ebl Barrot tient une conf\u00e9rence de presse dans le cadre de l\u2019Appel de Paris pour la solution \u00e0 deux \u00c9tats, avec des groupes de la soci\u00e9t\u00e9 civile isra\u00e9lienne et palestinienne, \u00e0 l\u2019Institut du monde arabe (IMA) \u00e0 Paris, le 12 juin 2026. (AFP)\u00a0<\/p>\n<p>Inaugur\u00e9e par deux mots de bienvenue prononc\u00e9s respectivement par le ministre des Affaires \u00e9trang\u00e8res Jean-No\u00ebl Barrot et la pr\u00e9sidente de l\u2019IMA Anne-Claire Legendre, suivis par la projection d\u2019une vid\u00e9o en hommage \u00e0 Ofer Bronchtein, le militant associatif engag\u00e9 pour la paix, d\u00e9c\u00e9d\u00e9 r\u00e9cemment \u00e0 Paris.<\/p>\n<p>La rencontre s\u2019est organis\u00e9e autour de trois groupes de travail, r\u00e9unissant des repr\u00e9sentants de la soci\u00e9t\u00e9 civile. Puis, l\u2019apr\u00e8s-midi, la conf\u00e9rence s\u2019est \u00e9largie \u00e0 l\u2019ensemble des participants, parmi lesquels une quinzaine de ministres dont le ministre des Affaires \u00e9trang\u00e8res des \u00c9mirats arabes unis Khalifa Shaheen Al Marar et la ministre de la Coop\u00e9ration du Qatar Mariam bint Ali bin Nasser Al-Misnad, ainsi que des figures europ\u00e9ennes comme Kaja Kallas et de nombreux diplomates.<\/p>\n<p>Fait significatif dans le contexte actuel : l\u2019ambassadeur isra\u00e9lien \u00e0 Paris, Joshua Zarka, a d\u00e9clin\u00e9 l\u2019invitation, refl\u00e9tant l\u2019opposition persistante de son pays \u00e0 la solution \u00e0 deux \u00c9tats. Les autorit\u00e9s palestiniennes, quant \u00e0 elles, \u00e9taient repr\u00e9sent\u00e9es par l\u2019ambassadrice de Palestine Hala Bouhassira.<\/p>\n<p>Le moment central de la journ\u00e9e a \u00e9t\u00e9 la lecture du nouvel \u00ab Appel de Paris \u00bb, confi\u00e9e \u00e0 deux jeunes voix, une Palestinienne et un Isra\u00e9lien, incarnant cette soci\u00e9t\u00e9 civile que la France entend mettre au premier plan.<\/p>\n<p>Le texte, dense et structur\u00e9, s\u2019adresse directement aux dirigeants internationaux, en particulier \u00e0 ceux du G7, qui doivent se r\u00e9unir \u00e0 \u00c9vian quelques jours plus tard, et constitue un message clair : il est temps de passer des d\u00e9clarations aux actes.<\/p>\n<p>Parmi les principales demandes figurent : la r\u00e9affirmation sans ambigu\u00eft\u00e9 de l\u2019engagement en faveur d\u2019une solution n\u00e9goci\u00e9e \u00e0 deux \u00c9tats fond\u00e9e sur le droit international, la reconnaissance de l\u2019\u00c9tat de Palestine et son admission pleine \u00e0 l\u2019ONU.<\/p>\n<p>L\u2019appel insiste sur l\u2019exigence d\u2019un cessez-le-feu permanent \u00e0 Gaza et d\u2019un acc\u00e8s humanitaire imm\u00e9diat, et demande la fin des mesures unilat\u00e9rales compromettant la solution \u00e0 deux \u00c9tats, notamment la colonisation, le renforcement de l\u2019Autorit\u00e9 palestinienne, ainsi que des garanties de s\u00e9curit\u00e9 pour Isra\u00ebl dans un cadre r\u00e9gional et international.<\/p>\n<p>Il souligne la n\u00e9cessit\u00e9 d\u2019un soutien actif aux initiatives de la soci\u00e9t\u00e9 civile et la cr\u00e9ation d\u2019un m\u00e9canisme international de suivi.<\/p>\n<p>Au-del\u00e0 de ces propositions, le texte se distingue par son ton : grave, pressant, presque inquiet. \u00ab Chaque jour qui passe sans solution politique aggrave les souffrances \u00bb, avertissent ses auteurs, insistant sur l\u2019urgence d\u2019un sursaut politique.<\/p>\n<p>L\u2019un des aspects les plus marquants de cette journ\u00e9e r\u00e9side dans la place accord\u00e9e aux acteurs non \u00e9tatiques tels que les artistes, militants et intellectuels, qui ont pris la parole pour porter un discours souvent absent des ar\u00e8nes diplomatiques traditionnelles.<\/p>\n<p>La chanteuse isra\u00e9lienne Noa et la Palestinienne Mira Awad ont livr\u00e9 une intervention particuli\u00e8rement \u00e9mouvante. \u00c9voquant plus de deux d\u00e9cennies d\u2019engagement commun, elles ont plaid\u00e9 pour une \u00ab r\u00e9humanisation \u00bb du conflit, au-del\u00e0 des slogans et des postures.<\/p>\n<p>Leur message, \u00e0 la fois simple et puissant, repose sur une id\u00e9e fondamentale : celle de la possibilit\u00e9 de ne pas \u00eatre d\u2019accord sur le pass\u00e9, \u00e0 condition de s\u2019accorder sur l\u2019avenir.<\/p>\n<p>D\u2019autres intervenants ont insist\u00e9 sur les valeurs communes identifi\u00e9es lors des travaux, dont la dignit\u00e9, la s\u00e9curit\u00e9 et l\u2019autod\u00e9termination, des principes qui, selon eux, pourraient constituer le socle d\u2019une paix durable, \u00e0 l\u2019image de ce qui a permis la construction europ\u00e9enne.<\/p>\n<p>Pourquoi un tel accent sur la soci\u00e9t\u00e9 civile ? Les autorit\u00e9s fran\u00e7aises avancent plusieurs arguments. D\u2019abord, la n\u00e9cessit\u00e9 de maintenir une dynamique internationale initi\u00e9e \u00e0 l\u2019ONU.<\/p>\n<p>Ensuite, celle de garder la question isra\u00e9lo-palestinienne \u00e0 l\u2019agenda, alors que d\u2019autres crises, notamment li\u00e9es \u00e0 l\u2019Iran, monopolisent l\u2019attention mondiale.<\/p>\n<p>Mais surtout, Paris consid\u00e8re que la soci\u00e9t\u00e9 civile peut jouer un r\u00f4le de catalyseur. Dans un contexte de radicalisation croissante, il s\u2019agit de montrer que des voix existent, des deux c\u00f4t\u00e9s, pour d\u00e9fendre la coexistence et proposer des solutions concr\u00e8tes.<\/p>\n<p>Cette approche n\u2019est pas sans limites, comme le reconnaissent en priv\u00e9 certains diplomates : l\u2019exp\u00e9rience montre que ces initiatives peinent \u00e0 infl\u00e9chir les positions isra\u00e9liennes, notamment en raison du soutien am\u00e9ricain et de la fragmentation de la position europ\u00e9enne.<\/p>\n<p>La rencontre s\u2019est achev\u00e9e par une intervention du ministre Jean-No\u00ebl Barrot, qui a insist\u00e9 sur l\u2019importance de l\u2019int\u00e9gration r\u00e9gionale, condition selon lui indispensable \u00e0 toute paix durable. Il a \u00e9galement repris \u00e0 son compte l\u2019id\u00e9e que des valeurs communes existent et peuvent servir de base \u00e0 une solution.<\/p>\n<p>Sans annoncer de mesures concr\u00e8tes imm\u00e9diates, il a n\u00e9anmoins r\u00e9affirm\u00e9 la volont\u00e9 de la France de maintenir la pression diplomatique, y compris \u00e0 travers des sanctions cibl\u00e9es contre certains colons et responsables isra\u00e9liens.<\/p>\n<p>Au final, ce deuxi\u00e8me \u00ab Appel de Paris \u00bb appara\u00eet \u00e0 la fois comme un acte de r\u00e9sistance et un pari : r\u00e9sister alors que la r\u00e9alit\u00e9 du terrain semble condamner la solution \u00e0 deux \u00c9tats, et parier sur la capacit\u00e9 de la soci\u00e9t\u00e9 civile \u00e0 rouvrir des perspectives l\u00e0 o\u00f9 les \u00c9tats \u00e9chouent.<\/p>\n<p>Reste \u00e0 savoir si cet appel sera entendu. \u00c0 l\u2019approche du sommet du G7, la France esp\u00e8re qu\u2019il contribuera \u00e0 replacer le conflit isra\u00e9lo-palestinien au c\u0153ur des priorit\u00e9s internationales.<\/p>\n<p>C\u2019est en tout cas le v\u0153u exprim\u00e9 par les participants, qui se sont rassembl\u00e9s autour de Barrot sur le Pont de la Tournelle pr\u00e8s du si\u00e8ge de l\u2019IMA, o\u00f9 ils ont d\u00e9roul\u00e9 une banderole pour la paix et \u00e9cout\u00e9 une performance de Noa et Mira Awad.<\/p>\n","protected":false},"excerpt":{"rendered":"Paris : \u00c0 Paris, dans le cadre symbolique de l\u2019Institut du monde arabe (IMA), la France a accueilli&hellip;\n","protected":false},"author":2,"featured_media":997025,"comment_status":"","ping_status":"","sticky":false,"template":"","format":"standard","meta":{"footnotes":"","_share_on_mastodon":"0"},"categories":[1888],"tags":[1111,1928,11,1927,1777,674,1011,27,12,1926,626,1925,25],"class_list":["post-997024","post","type-post","status-publish","format-standard","has-post-thumbnail","category-paris","tag-actu","tag-actu-paris","tag-actualites","tag-actualites-paris","tag-eu","tag-europe","tag-fr","tag-france","tag-news","tag-news-paris","tag-paris","tag-paris-news","tag-republique-francaise"],"share_on_mastodon":{"url":"https:\/\/pubeurope.com\/@fr\/116741679743460312","error":""},"_links":{"self":[{"href":"https:\/\/www.europesays.com\/fr\/wp-json\/wp\/v2\/posts\/997024","targetHints":{"allow":["GET"]}}],"collection":[{"href":"https:\/\/www.europesays.com\/fr\/wp-json\/wp\/v2\/posts"}],"about":[{"href":"https:\/\/www.europesays.com\/fr\/wp-json\/wp\/v2\/types\/post"}],"author":[{"embeddable":true,"href":"https:\/\/www.europesays.com\/fr\/wp-json\/wp\/v2\/users\/2"}],"replies":[{"embeddable":true,"href":"https:\/\/www.europesays.com\/fr\/wp-json\/wp\/v2\/comments?post=997024"}],"version-history":[{"count":0,"href":"https:\/\/www.europesays.com\/fr\/wp-json\/wp\/v2\/posts\/997024\/revisions"}],"wp:featuredmedia":[{"embeddable":true,"href":"https:\/\/www.europesays.com\/fr\/wp-json\/wp\/v2\/media\/997025"}],"wp:attachment":[{"href":"https:\/\/www.europesays.com\/fr\/wp-json\/wp\/v2\/media?parent=997024"}],"wp:term":[{"taxonomy":"category","embeddable":true,"href":"https:\/\/www.europesays.com\/fr\/wp-json\/wp\/v2\/categories?post=997024"},{"taxonomy":"post_tag","embeddable":true,"href":"https:\/\/www.europesays.com\/fr\/wp-json\/wp\/v2\/tags?post=997024"}],"curies":[{"name":"wp","href":"https:\/\/api.w.org\/{rel}","templated":true}]}}