{"id":997026,"date":"2026-06-13T07:43:13","date_gmt":"2026-06-13T07:43:13","guid":{"rendered":"https:\/\/www.europesays.com\/fr\/997026\/"},"modified":"2026-06-13T07:43:13","modified_gmt":"2026-06-13T07:43:13","slug":"le-chien-doit-etre-valorise-une-conseillere-de-paris-plaide-pour-louverture-des-parcs-et-jardins-aux-animaux-en-periode-de-fortes-chaleurs","status":"publish","type":"post","link":"https:\/\/www.europesays.com\/fr\/997026\/","title":{"rendered":"\u00abLe chien doit \u00eatre valoris\u00e9\u00bb : une conseill\u00e8re de Paris plaide pour l\u2019ouverture des parcs et jardins aux animaux en p\u00e9riode de fortes chaleurs"},"content":{"rendered":"<p class=\"dm_article-chapeau\">La conseill\u00e8re de Paris Julie Boillot va d\u00e9fendre, lors du prochain Conseil de Paris, l\u2019ouverture exceptionnelle de tous les parcs et jardins aux chiens lors des \u00e9pisodes de fortes chaleurs.\u00a0<\/p>\n<p>\u00abLe chien doit \u00eatre per\u00e7u comme un citoyen \u00e0 part enti\u00e8re\u00bb. Alors qu\u2019une partie du mois de mai a \u00e9t\u00e9 marqu\u00e9e par un important \u00e9pisode de chaleur dans la capitale, et dans toute la France, les propri\u00e9taires parisiens de chiens ont \u00e9t\u00e9 contraints de s\u2019adapter \u00e0 la canicule. Celle-ci affecte particuli\u00e8rement les animaux notamment en raison de la surchauffe des sols, pouvant provoquer des br\u00fblures.\u00a0<\/p>\n<p>De ce constat, <a href=\"https:\/\/www.paris.fr\/pages\/boillot-julie-2230\" target=\"_blank\" rel=\"nofollow noopener\">la conseill\u00e8re de Paris Julie Boillot<\/a>, membre du groupe Paris Apais\u00e9, class\u00e9 au centre-droit, d\u00e9fendra un v\u0153u lors du prochain <a href=\"https:\/\/www.cnews.fr\/france\/2026-04-14\/conseil-de-paris-quelles-sont-les-forces-politiques-representees-lhotel-de-ville\" target=\"_blank\" rel=\"nofollow noopener\">Conseil de Paris<\/a>, du 16 au 19 juin, permettant l\u2019ouverture exceptionnelle de tous les parcs et jardins aux chiens lors des \u00e9pisodes de fortes chaleurs.\u00a0<\/p>\n<p>\u00abA Paris, la vision de l\u2019animal est n\u00e9gative, a-t-elle d\u00e9plor\u00e9 dans un entretien accord\u00e9 \u00e0 CNEWS. On voit le chien comme une nuisance, en termes de propret\u00e9, de bruit, de s\u00e9curit\u00e9, l\u00e0 o\u00f9 on devrait le voir comme un \u00eatre \u00e0 valoriser\u00bb.<\/p>\n<p>Concr\u00e8tement, ce v\u0153u, adopt\u00e9 lors du Conseil d\u2019arrondissement de Paris Centre, qui regroupe le 1er, 2e, 3e et 4e arrondissement, propose que cette ouverture soit encadr\u00e9e par \u00abdes r\u00e8gles simples\u00bb : que les chiens soient tenus en laisse, l\u2019obligation pour les propri\u00e9taires de ramasser les d\u00e9jections et de respecter les zones sensibles, \u00e0 l\u2019image des aires de jeux pour enfants.<\/p>\n<p>Des complexit\u00e9s administratives\u00a0<\/p>\n<p>Avec 100.000 chiens, Paris est l\u2019une des villes qui dispose de la plus forte densit\u00e9 de canid\u00e9s au km2. Un \u00e9lectorat potentiel qui n\u2019avait pas \u00e9t\u00e9 n\u00e9glig\u00e9 lors de la pr\u00e9c\u00e9dente campagne municipale.\u00a0<\/p>\n<p>\u00abIl est n\u00e9cessaire de respecter les engagements pris par toutes les forces politiques vis-\u00e0-vis des \u00e9lecteurs parisiens. Il est n\u00e9cessaire de maintenir ce lien de confiance\u00bb, a jug\u00e9 Julie Boillot, ancienne directrice de la campagne de Pierre-Yves Bournazel, candidat Horizons-Renaissance.\u00a0<\/p>\n<p>Cette ouverture pourrait cependant \u00eatre frein\u00e9e par les r\u00e8glements des parcs et jardins de la Ville de Paris, qui ne permet pas en r\u00e8gle g\u00e9n\u00e9rale l\u2019acc\u00e8s aux chiens, m\u00eame tenus en laisse. La conseill\u00e8re a ainsi appel\u00e9 \u00e0 \u00absortir du carcan administratif\u00bb et \u00e0 faire preuve de \u00abpragmatisme\u00bb en faveur du bien-\u00eatre animal et des propri\u00e9taires.\u00a0<\/p>\n<p>Selon la conseill\u00e8re, Aminata Niakat\u00e9, adjointe au maire de Paris, charg\u00e9e notamment de la condition animale, ne se serait \u00abpas montr\u00e9e hostile \u00e0 ce v\u0153u de bon sens\u00bb.<\/p>\n","protected":false},"excerpt":{"rendered":"La conseill\u00e8re de Paris Julie Boillot va d\u00e9fendre, lors du prochain Conseil de Paris, l\u2019ouverture exceptionnelle de tous&hellip;\n","protected":false},"author":2,"featured_media":997027,"comment_status":"","ping_status":"","sticky":false,"template":"","format":"standard","meta":{"footnotes":"","_share_on_mastodon":"0"},"categories":[1888],"tags":[11,1867,4850,2617,1777,674,1011,27,12,626,316,25],"class_list":["post-997026","post","type-post","status-publish","format-standard","has-post-thumbnail","category-paris","tag-actualites","tag-animaux","tag-chien","tag-conseil-de-paris","tag-eu","tag-europe","tag-fr","tag-france","tag-news","tag-paris","tag-politique","tag-republique-francaise"],"share_on_mastodon":{"url":"https:\/\/pubeurope.com\/@fr\/116741682456220281","error":""},"_links":{"self":[{"href":"https:\/\/www.europesays.com\/fr\/wp-json\/wp\/v2\/posts\/997026","targetHints":{"allow":["GET"]}}],"collection":[{"href":"https:\/\/www.europesays.com\/fr\/wp-json\/wp\/v2\/posts"}],"about":[{"href":"https:\/\/www.europesays.com\/fr\/wp-json\/wp\/v2\/types\/post"}],"author":[{"embeddable":true,"href":"https:\/\/www.europesays.com\/fr\/wp-json\/wp\/v2\/users\/2"}],"replies":[{"embeddable":true,"href":"https:\/\/www.europesays.com\/fr\/wp-json\/wp\/v2\/comments?post=997026"}],"version-history":[{"count":0,"href":"https:\/\/www.europesays.com\/fr\/wp-json\/wp\/v2\/posts\/997026\/revisions"}],"wp:featuredmedia":[{"embeddable":true,"href":"https:\/\/www.europesays.com\/fr\/wp-json\/wp\/v2\/media\/997027"}],"wp:attachment":[{"href":"https:\/\/www.europesays.com\/fr\/wp-json\/wp\/v2\/media?parent=997026"}],"wp:term":[{"taxonomy":"category","embeddable":true,"href":"https:\/\/www.europesays.com\/fr\/wp-json\/wp\/v2\/categories?post=997026"},{"taxonomy":"post_tag","embeddable":true,"href":"https:\/\/www.europesays.com\/fr\/wp-json\/wp\/v2\/tags?post=997026"}],"curies":[{"name":"wp","href":"https:\/\/api.w.org\/{rel}","templated":true}]}}