{"id":997055,"date":"2026-06-13T08:03:17","date_gmt":"2026-06-13T08:03:17","guid":{"rendered":"https:\/\/www.europesays.com\/fr\/997055\/"},"modified":"2026-06-13T08:03:17","modified_gmt":"2026-06-13T08:03:17","slug":"soen-le-pann-fixe-sur-son-avenir-actualite","status":"publish","type":"post","link":"https:\/\/www.europesays.com\/fr\/997055\/","title":{"rendered":"Soen Le Pann fix\u00e9 sur son avenir &#8211; Actualit\u00e9"},"content":{"rendered":"<p>Soen Le Pann a choisi la fid\u00e9lit\u00e9. Membre de l\u2019\u00e9quipe Juniors depuis 2025, le Breton s&rsquo;est engag\u00e9 pour ses d\u00e9buts dans la cat\u00e9gorie Espoirs en 2027 avec la Continentale de Decathlon CMA CGM, a appris DirectVelo. <\/p>\n<p><strong><a href=\"https:\/\/www.directvelo.com\/coureur\/53241\/soen-le-pann\" target=\"_blank\" rel=\"noopener nofollow\">Soen Le Pann<\/a><\/strong>, qui est licenci\u00e9 au sein du club de l\u2019EC Plestin Pays du Tr\u00e9gor, est l\u2019actuel leader du<strong> <a href=\"https:\/\/www.directvelo.com\/challenge\/coureur\/juniors\/2026\/6\" target=\"_blank\" rel=\"noopener nofollow\">Challenge Juniors Legend Wheels<\/a><\/strong>. Il a remport\u00e9 cette ann\u00e9e deux manches de la Coupe de France, la Fr\u00e9d\u00e9ric Moncassin Classic et le Tour du Carmausin S\u00e9gala U19, ainsi qu\u2019une \u00e9tape du Tour du Bocage de l\u2019Ern\u00e9e o\u00f9 il a fini 2e du classement g\u00e9n\u00e9ral.\u00a0 <\/p>\n<p>Il s\u2019est aussi class\u00e9 2e de la Classique des Alpes, 3e du Tour du Pays de Vaud, 5e de la Course de la Paix, 8e de la P\u00e9v\u00e8le Carembault Classic ou encore 17e de Paris-Roubaix. <\/p>\n<p>Soen Le Pann est \u00e9galement un sp\u00e9cialiste de cyclo-cross. L\u2019hiver dernier, il a termin\u00e9 2e du Championnat de France et 5e du Championnat du Monde. En Coupe du Monde, il avait fini 6e \u00e0 Hoogerheide et 7e \u00e0 Benidorm.\u00a0<\/p>\n","protected":false},"excerpt":{"rendered":"Soen Le Pann a choisi la fid\u00e9lit\u00e9. Membre de l\u2019\u00e9quipe Juniors depuis 2025, le Breton s&rsquo;est engag\u00e9 pour&hellip;\n","protected":false},"author":2,"featured_media":997056,"comment_status":"","ping_status":"","sticky":false,"template":"","format":"standard","meta":{"footnotes":"","_share_on_mastodon":"0"},"categories":[1411],"tags":[834,828,836,829,837,827,83,826,824,823,1154,207,814,817,815,816,822,821,832,211,839,1011,27,820,818,819,835,831,830,833,838,60,212,208,825],"class_list":["post-997055","post","type-post","status-publish","format-standard","has-post-thumbnail","category-cyclisme","tag-attaque","tag-belgique","tag-braquet","tag-bretagne","tag-chute","tag-competition","tag-coupe-de-france","tag-coureur","tag-course-cyclisme","tag-course-cycliste","tag-cycling","tag-cyclisme","tag-direct","tag-direct-velo","tag-directvelo","tag-directvelo-com","tag-epreuve","tag-epreuve-cycliste","tag-federation-francaise-de-cyclisme","tag-ffc","tag-flandres","tag-fr","tag-france","tag-live","tag-live-course","tag-live-epreuve","tag-peloton","tag-radio-peloton","tag-radio-tour","tag-ravitaillement","tag-relance","tag-sports","tag-uci","tag-velo","tag-velos"],"share_on_mastodon":{"url":"https:\/\/pubeurope.com\/@fr\/116741761112037975","error":""},"_links":{"self":[{"href":"https:\/\/www.europesays.com\/fr\/wp-json\/wp\/v2\/posts\/997055","targetHints":{"allow":["GET"]}}],"collection":[{"href":"https:\/\/www.europesays.com\/fr\/wp-json\/wp\/v2\/posts"}],"about":[{"href":"https:\/\/www.europesays.com\/fr\/wp-json\/wp\/v2\/types\/post"}],"author":[{"embeddable":true,"href":"https:\/\/www.europesays.com\/fr\/wp-json\/wp\/v2\/users\/2"}],"replies":[{"embeddable":true,"href":"https:\/\/www.europesays.com\/fr\/wp-json\/wp\/v2\/comments?post=997055"}],"version-history":[{"count":0,"href":"https:\/\/www.europesays.com\/fr\/wp-json\/wp\/v2\/posts\/997055\/revisions"}],"wp:featuredmedia":[{"embeddable":true,"href":"https:\/\/www.europesays.com\/fr\/wp-json\/wp\/v2\/media\/997056"}],"wp:attachment":[{"href":"https:\/\/www.europesays.com\/fr\/wp-json\/wp\/v2\/media?parent=997055"}],"wp:term":[{"taxonomy":"category","embeddable":true,"href":"https:\/\/www.europesays.com\/fr\/wp-json\/wp\/v2\/categories?post=997055"},{"taxonomy":"post_tag","embeddable":true,"href":"https:\/\/www.europesays.com\/fr\/wp-json\/wp\/v2\/tags?post=997055"}],"curies":[{"name":"wp","href":"https:\/\/api.w.org\/{rel}","templated":true}]}}