{"id":99706,"date":"2025-05-14T15:50:18","date_gmt":"2025-05-14T15:50:18","guid":{"rendered":"https:\/\/www.europesays.com\/fr\/99706\/"},"modified":"2025-05-14T15:50:18","modified_gmt":"2025-05-14T15:50:18","slug":"voici-ce-qui-est-interdit-en-lorraine-et-franche-comte","status":"publish","type":"post","link":"https:\/\/www.europesays.com\/fr\/99706\/","title":{"rendered":"voici ce qui est interdit en Lorraine et Franche-Comt\u00e9"},"content":{"rendered":"<p>La m\u00e9saventure v\u00e9cue par cette Parisienne\u00a0a suscit\u00e9 de nombreuses r\u00e9actions. Samedi 3 mai, une\u00a0jeune femme s&rsquo;est vue adresser une amende de 150 euros <a href=\"https:\/\/www.estrepublicain.fr\/transport\/2025\/05\/06\/verbalisee-pour-une-plante-dans-le-metro-quels-bagages-sont-interdits-dans-les-transports\" target=\"_blank\" rel=\"noopener\">pour avoir transport\u00e9 une plante assez haute dans le m\u00e9tro<\/a>.\u00a0Apr\u00e8s avoir d\u00e9fendu et d\u00e9taill\u00e9 sa politique en mati\u00e8re \u00ab\u00a0d&rsquo;objets encombrants\u00a0\u00bb, la RATP a finalement d\u00e9cid\u00e9 de rembourser la passag\u00e8re.<\/p>\n<p>Il est vrai que les objets encombrants sont interdits dans la plupart des transports en commun. Cependant, \u00e0 la lecture des r\u00e8glements int\u00e9rieurs, la d\u00e9finition de ce qui est\u00a0consid\u00e9r\u00e9 comme encombrant reste souvent assez floue. L&rsquo;infraction se fait alors \u00e0 l&rsquo;appr\u00e9ciation du contr\u00f4leur, et l&rsquo;amende peut co\u00fbter cher.\u00a0<\/p>\n<p><strong>V\u00e9lo, rollers, objets encombrants et dangereux, animaux\u00a0:\u00a0voici ce que disent les r\u00e8glements des r\u00e9seaux de transport en commun de Nancy, Besan\u00e7on, Metz, Belfort et Epinal.<\/strong><\/p>\n<p>  Le r\u00e9seau Stan, \u00e0 Nancy\u00a0<\/p>\n<p>Le r\u00e9seau Stan, dans le grand Nancy, l&rsquo;a rappel\u00e9 r\u00e9cemment sur ses r\u00e9seaux sociaux \u00a0: \u00ab\u00a0<strong>les objets encombrants dans les bus, c&rsquo;est non !\u00a0\u00bb<\/strong>.\u00a0Dans son r\u00e8glement, les bus nanc\u00e9iens ne pr\u00e9cisent cependant pas les dimensions autoris\u00e9es ou non. Contact\u00e9s, ils citent\u00a0comme exemple armoires, matelas, et r\u00e9frig\u00e9rateurs. Les objets dangereux comme les bonbonnes de gaz sont \u00e9galement interdits.<\/p>\n<p>Ce contenu est bloqu\u00e9 car vous n&rsquo;avez pas accept\u00e9 les cookies et autres traceurs.<\/p>\n<p>En cliquant sur \u00ab J\u2019accepte \u00bb, les cookies et autres traceurs seront d\u00e9pos\u00e9s et vous pourrez visualiser les contenus  (<a href=\"\" class=\"consentModule_policy\" target=\"_blank\" title=\"Consulter la politique de protection des donn\u00e9es du fournisseur\">plus d&rsquo;informations<\/a>).<\/p>\n<p>En cliquant sur \u00ab J\u2019accepte tous les cookies \u00bb, vous autorisez des d\u00e9p\u00f4ts de cookies et autres traceurs pour le stockage de vos donn\u00e9es sur nos sites et applications \u00e0 des fins de personnalisation et de ciblage publicitaire.<\/p>\n<p class=\"consentModule_secondaryText\">Vous gardez la possibilit\u00e9 de retirer votre consentement \u00e0 tout moment en consultant notre <a href=\"https:\/\/www.estrepublicain.fr\/protection-des-donnees\" target=\"_blank\" title=\"Consulter notre politique de protection des donn\u00e9es\" rel=\"noopener\">politique de protection des donn\u00e9es<\/a>. <br \/>&#13;<br \/>\n            <a href=\"https:\/\/www.estrepublicain.fr\/transport\/2025\/05\/14\/javascript:Didomi.notice.show()\" class=\"consentModule_cmp\" target=\"_blank\" rel=\"noopener\">G\u00e9rer mes choix<\/a>&#13;\n        <\/p>\n<p>&#13;<br \/>\n                        J&rsquo;accepte&#13;<br \/>\n            J&rsquo;accepte tous les cookies&#13;\n        <\/p>\n<p>\t<img class=\"placeholder-svg\" loading=\"lazy\" decoding=\"async\" src=\"https:\/\/www.europesays.com\/fr\/wp-content\/uploads\/2025\/04\/twitter-X.svg.svg+xml\" alt=\"Twitter PlaceHolder\"\/><\/p>\n<p>Les rollers sont interdits sur le r\u00e9seau Stan.\u00a0Les v\u00e9los sont autoris\u00e9s sur les lignes T1, T2 et T3 mais uniquement aux heures creuses et\u00a0\u00e0 condition d\u2019\u00eatre plac\u00e9s dans l\u2019emplacement ad\u00e9quat.<\/p>\n<p>Si vous avez l&rsquo;habitude de vous d\u00e9placer avec votre compagnon \u00e0 quatre pattes, m\u00e9fiance. A Nancy, les animaux sont interdits sauf les chiens d&rsquo;assistance et les animaux de petite taille plac\u00e9s dans un panier.\u00a0<\/p>\n<p>Le r\u00e9seau du MET&rsquo;, \u00e0 Metz<\/p>\n<p>Le MET&rsquo; pr\u00e9cise que <strong>sont admis \u00ab\u00a0les colis et bagages peu encombrants qui n\u2019occupent pas la place d\u2019un client\u00a0\u00bb.<\/strong> Le conducteur peut refuser les bagages ou colis susceptibles de g\u00eaner les autres clients en cas d\u2019affluence.<\/p>\n<p>Les rollers et les v\u00e9los sont interdits \u00e0 Metz, \u00e0 l&rsquo;exception des v\u00e9los pliants. Les petits chariots \u00e0 provisions sont autoris\u00e9s.<\/p>\n<p>Le MET&rsquo; autorise la pr\u00e9sence d&rsquo;animaux domestiques\u00a0\u00e0 condition qu&rsquo;ils ne constituent aucune g\u00e8ne, ni aucun danger pour les autres voyageurs et de ne pas occuper les si\u00e8ges. Les chiens de premi\u00e8re cat\u00e9gorie sont interdits et les chiens de deuxi\u00e8me cat\u00e9gorie doivent \u00eatre musel\u00e9s.<\/p>\n<p>  Le r\u00e9seau Ginko, \u00e0 Besan\u00e7on<\/p>\n<p>Le r\u00e8glement du r\u00e9seau Ginko indique <strong>\u00ab\u00a0qu&rsquo;il\u00a0est interdit de transporter des objets encombrants<\/strong>, coupants\u00a0\u00bb. Il pr\u00e9cise que \u00ab\u00a0les objets qui par leur forme, leur nature, leur odeur, leur destination peuvent g\u00eaner, incommoder, effrayer les voyageurs, pr\u00e9senter des dangers ou nuire \u00e0 la sant\u00e9 sont interdits dans les v\u00e9hicules\u00a0\u00bb, citant comme exemples les armes, bouteilles de gaz, batteries, vitres, t\u00e9l\u00e9viseurs, objets contondants, objets ou produits inflammables.<\/p>\n<p>    &#13;<br \/>\n    &#13;<br \/>\n    &#13;<br \/>\n    <a href=\"https:\/\/cdn-s-www.estrepublicain.fr\/images\/e7178195-f7ca-43c7-ab49-f4b3c5513374\/NW_raw\/un-bus-du-reseau-ginko-a-besancon-photo-d-illustration-ludovic-laude-1746990329.jpg\" title=\"Un bus du r\u00e9seau Ginko \u00e0 Besan\u00e7on. Photo d&#039;illustration Ludovic Laude\" class=\"chocolat-image GA-tracking\" data-ga_type=\"click\" data-ga_category=\"D\u00e9tail\" data-ga_action=\"zoomer\" data-ga_label=\"aggrandir image\" target=\"_blank\" rel=\"noopener\">&#13;<br \/>\n        <img src=\"https:\/\/www.europesays.com\/fr\/wp-content\/uploads\/2025\/05\/un-bus-du-reseau-ginko-a-besancon-photo-d-illustration-ludovic-laude-1746990329.jpg\"   alt=\"Un bus du r\u00e9seau Ginko \u00e0 Besan\u00e7on. Photo d'illustration Ludovic Laude\" fetchpriority=\"high\" decoding=\"async\" data-mobile=\"NW_listA_M|1746990329\" data-base=\"NW_listA|1746990329\"\/>&#13;<br \/>\n    <\/a>&#13;<\/p>\n<p>Un bus du r\u00e9seau Ginko \u00e0 Besan\u00e7on. Photo d&rsquo;illustration Ludovic Laude<\/p>\n<p>Les v\u00e9los sont interdits \u00e0 bord des bus bisontins, hors v\u00e9los pliants pli\u00e9s. Ceux-ci, ainsi que les rollers, skates et trottinettes doivent \u00eatre port\u00e9s \u00e0 la main. Dans le tram, les v\u00e9los sont autoris\u00e9s lors des heures creuses (de 9 h \u00e0 16 h 30, et apr\u00e8s 18 h 30).<\/p>\n<p>Les petits animaux doivent \u00eatre transport\u00e9s dans un panier et les petits chiens tenus en laisse dans les bras de leur propri\u00e9taire.\u00a0Les gros chiens ne sont pas accept\u00e9s, hors chiens d&rsquo;assistance.\u00a0<\/p>\n<p>  Le r\u00e9seau Optymo, \u00e0 Belfort<\/p>\n<p>Dans les bus du r\u00e9seau Optymo, <strong>il est interdit de transporter des objets encombrants,<\/strong> coupants, contondants, dangereux (bonbonne de gaz, jerrican de carburant, ski\u2026). Les v\u00e9los ne sont pas autoris\u00e9s.\u00a0<\/p>\n<p>Les animaux sont interdits, hormis les animaux de petite taille transport\u00e9s dans des paniers, et les chiens guides d&rsquo;aveugles.\u00a0<\/p>\n<p>    &#13;<br \/>\n    &#13;<br \/>\n    &#13;<br \/>\n    <a href=\"https:\/\/cdn-s-www.estrepublicain.fr\/images\/6f86d1e4-d713-49e2-8e06-2bfe463657a6\/NW_raw\/un-bus-du-reseau-optymo-a-belfort-photo-d-illustration-christine-dumas-1732125699.jpg\" title=\"Un bus du r\u00e9seau Optymo \u00e0 Belfort. Photo d&#039;illustration Christine Dumas\" class=\"chocolat-image GA-tracking\" data-ga_type=\"click\" data-ga_category=\"D\u00e9tail\" data-ga_action=\"zoomer\" data-ga_label=\"aggrandir image\" target=\"_blank\" rel=\"noopener\">&#13;<br \/>\n        <img src=\"https:\/\/www.europesays.com\/fr\/wp-content\/uploads\/2025\/05\/un-bus-du-reseau-optymo-a-belfort-photo-d-illustration-christine-dumas-1743413192.jpg\"   alt=\"Un bus du r\u00e9seau Optymo \u00e0 Belfort. Photo d'illustration Christine Dumas\" fetchpriority=\"high\" decoding=\"async\" data-mobile=\"NW_listA_M|1732125699\" data-base=\"NW_listA|1743413192\"\/>&#13;<br \/>\n    <\/a>&#13;<\/p>\n<p>Un bus du r\u00e9seau Optymo \u00e0 Belfort. Photo d&rsquo;illustration Christine Dumas<\/p>\n<p>  Le r\u00e9seau Imagine, \u00e0 Epinal<\/p>\n<p><strong>Les colis et bagages encombrants, dangereux ou incommodants ne sont pas admis.\u00a0<\/strong><\/p>\n<p>Les v\u00e9los et rollers sont interdits dans le r\u00e9seau de transports en commun spinalien. En revanche, les trottinettes sont autoris\u00e9es, sous la responsabilit\u00e9 du propri\u00e9taire.\u00a0<\/p>\n<p>Les petits animaux, transport\u00e9s dans un panier, sont autoris\u00e9s, ainsi que les chiens d&rsquo;assistance.<\/p>\n","protected":false},"excerpt":{"rendered":"La m\u00e9saventure v\u00e9cue par cette Parisienne\u00a0a suscit\u00e9 de nombreuses r\u00e9actions. Samedi 3 mai, une\u00a0jeune femme s&rsquo;est vue adresser&hellip;\n","protected":false},"author":2,"featured_media":99707,"comment_status":"","ping_status":"","sticky":false,"template":"","format":"standard","meta":{"footnotes":""},"categories":[9635],"tags":[1111,11,10332,14383,1704,1777,674,107,1011,27,775,3457,1702,12,3456,25,273,2803],"class_list":{"0":"post-99706","1":"post","2":"type-post","3":"status-publish","4":"format-standard","5":"has-post-thumbnail","7":"category-nancy","8":"tag-actu","9":"tag-actualites","10":"tag-edition-belfort-hericourt-montbeliard","11":"tag-edition-besancon","12":"tag-edition-nancy-et-agglomeration","13":"tag-eu","14":"tag-europe","15":"tag-fil-info","16":"tag-fr","17":"tag-france","18":"tag-grand-est","19":"tag-meurthe-et-moselle","20":"tag-nancy","21":"tag-news","22":"tag-region-lorraine","23":"tag-republique-francaise","24":"tag-selection-de-la-redaction","25":"tag-transport"},"share_on_mastodon":{"url":"https:\/\/pubeurope.com\/@fr\/114506984762579108","error":""},"_links":{"self":[{"href":"https:\/\/www.europesays.com\/fr\/wp-json\/wp\/v2\/posts\/99706","targetHints":{"allow":["GET"]}}],"collection":[{"href":"https:\/\/www.europesays.com\/fr\/wp-json\/wp\/v2\/posts"}],"about":[{"href":"https:\/\/www.europesays.com\/fr\/wp-json\/wp\/v2\/types\/post"}],"author":[{"embeddable":true,"href":"https:\/\/www.europesays.com\/fr\/wp-json\/wp\/v2\/users\/2"}],"replies":[{"embeddable":true,"href":"https:\/\/www.europesays.com\/fr\/wp-json\/wp\/v2\/comments?post=99706"}],"version-history":[{"count":0,"href":"https:\/\/www.europesays.com\/fr\/wp-json\/wp\/v2\/posts\/99706\/revisions"}],"wp:featuredmedia":[{"embeddable":true,"href":"https:\/\/www.europesays.com\/fr\/wp-json\/wp\/v2\/media\/99707"}],"wp:attachment":[{"href":"https:\/\/www.europesays.com\/fr\/wp-json\/wp\/v2\/media?parent=99706"}],"wp:term":[{"taxonomy":"category","embeddable":true,"href":"https:\/\/www.europesays.com\/fr\/wp-json\/wp\/v2\/categories?post=99706"},{"taxonomy":"post_tag","embeddable":true,"href":"https:\/\/www.europesays.com\/fr\/wp-json\/wp\/v2\/tags?post=99706"}],"curies":[{"name":"wp","href":"https:\/\/api.w.org\/{rel}","templated":true}]}}