{"id":997140,"date":"2026-06-13T08:51:31","date_gmt":"2026-06-13T08:51:31","guid":{"rendered":"https:\/\/www.europesays.com\/fr\/997140\/"},"modified":"2026-06-13T08:51:31","modified_gmt":"2026-06-13T08:51:31","slug":"sumo-a-paris-les-coulisses-dune-logistique-hors-norme-pour-un-tournoi-inedit-depuis-30-ans","status":"publish","type":"post","link":"https:\/\/www.europesays.com\/fr\/997140\/","title":{"rendered":"Sumo \u00e0 Paris : les coulisses d\u2019une logistique hors norme pour un tournoi in\u00e9dit depuis 30 ans"},"content":{"rendered":"<p>                    Par<br \/>\n        <strong><br \/>\n            <a href=\"https:\/\/actu.fr\/auteur\/thomas-martin\" title=\"Consulter tous les articles de Thomas Martin\" rel=\"nofollow noopener\" target=\"_blank\">Thomas Martin<\/a><br \/>\n                    <\/strong><\/p>\n<p>        Publi\u00e9 le<\/p>\n<p>            13 juin 2026 \u00e0 8h42        <\/p>\n<p>Ne rien laisser au hasard. La fine fleur du <a href=\"https:\/\/actu.fr\/ile-de-france\/paris_75056\/traditions-combats-billets-tout-savoir-sur-les-grandes-finales-de-sumo-a-l-accor-arena-de-bercy-a-paris_64248294.html\" rel=\"nofollow noopener\" target=\"_blank\">sumo japonais<\/a> se d\u00e9place \u00e0 Paris ce week-end pour un tournoi exhibition de deux jours \u00e0 <a href=\"https:\/\/actu.fr\/tag\/accor-arena-bercy\" rel=\"nofollow noopener\" target=\"_blank\">l\u2019Accor Arena Bercy<\/a>, le premier en plus de 30 ans dans la capitale fran\u00e7aise. Voici quelques exemples insolites de la logistique mise en place autour de l\u2019\u00e9v\u00e9nement.\u00a0<\/p>\n<p>\u00a0L\u2019eau du robinet au peigne fin<\/p>\n<p class=\" wall-content\">Les coiffures \u00e9labor\u00e9es des lutteurs sont un symbole du sumo : leurs cheveux sont manipul\u00e9s uniquement par des professionnels qui les enduisent de g\u00e9n\u00e9reuses quantit\u00e9s d\u2019une huile sp\u00e9ciale \u00e0 l\u2019odeur vanill\u00e9e caract\u00e9ristique et les appr\u00eatent en \u00ab\u00a0chignons\u00a0\u00bb dont la forme rappelle une feuille de ginkgo biloba. Pour ne prendre aucun risque, des responsables de l\u2019Association japonaise de sumo sont venus il y a quelques mois s\u2019assurer que l\u2019eau du robinet parisienne conviendrait pour leurs shampoings, en v\u00e9rifiant notamment sa teneur en calcaire, explique \u00e0 l\u2019AFP David Rothschild, promoteur du tournoi de ce week-end.\u00a0<br \/>Le verdict \u00e9tait positif. Sans quoi ils auraient d\u00fb utiliser de l\u2019eau min\u00e9rale.<\/p>\n<p>Doubles si\u00e8ges et toilettes renforc\u00e9es<\/p>\n<p class=\" wall-content\">La d\u00e9l\u00e9gation de poids \u2013150 personnes dont une soixantaine de sumotoris\u2013 qui a fait le voyage depuis Tokyo a \u00e9t\u00e9 r\u00e9partie \u00e0 bord de deux avions, pour des questions de capacit\u00e9 mais aussi de s\u00e9curit\u00e9, \u00ab\u00a0comme pour les Premiers ministres et pr\u00e9sidents qui doivent voyager s\u00e9par\u00e9ment\u00a0\u00bb, explique M. Rothschild.<br \/>Les lutteurs, dont tous les aspects de la vie sont r\u00e9gis par leur classement, \u00e9taient assis en premi\u00e8re classe pour les champions, en business pour les suivants et en classe \u00e9conomique pour les moins biens class\u00e9s, qui disposaient tout de m\u00eame de deux si\u00e8ges pour loger leur imposante carrure.<br \/>Les toilettes de l\u2019Accor Arena de Bercy, o\u00f9 a lieu l\u2019\u00e9v\u00e9nement, et de l\u2019h\u00f4tel des sumotoris, ont \u00e9galement d\u00fb \u00eatre renforc\u00e9es pour supporter leur poids.<\/p>\n<p>10 tonnes de terre francilienne<\/p>\n<p class=\" wall-content\">Les organisateurs ont fait analyser par un ing\u00e9nieur agronome la terre employ\u00e9e au Japon \u00e0 la construction du dohyo \u2013 le gigantesque podium surmont\u00e9 d\u2019un cercle de 4,55 m\u00e8tres de diam\u00e8tre o\u00f9 se d\u00e9roulent les combats- pour chercher un \u00e9quivalent en France. Ils ont trouv\u00e9 en r\u00e9gion parisienne la perle rare, dont 10 tonnes seront utilis\u00e9es \u00e0 l\u2019Accor Arena de Bercy, avec aussi 150 kg de sable et autant de ciment.<\/p>\n<p>200 kg de sel de Gu\u00e9rande<\/p>\n<p class=\" wall-content\">Le sel occupe une place pr\u00e9pond\u00e9rante dans la religion shinto\u00efste d\u2019o\u00f9 sont issus les rituels du sumo, jet\u00e9 notamment par poign\u00e9es par les lutteurs avant un combat. Quelque 200 kg de sel de Gu\u00e9rande ont \u00e9t\u00e9 achemin\u00e9s \u00e0 cet effet depuis Le Croisic.<\/p>\n<p>Costumes sous haute surveillance<\/p>\n<p class=\" wall-content\">La derni\u00e8re venue des lutteurs de sumo \u00e0 Paris en 1995 avait \u00e9t\u00e9 marqu\u00e9e par la destruction de leurs tenues d\u2019apparat dans l\u2019incendie d\u2019un entrep\u00f4t \u00e0 l\u2019a\u00e9roport, quelques jours avant l\u2019\u00e9v\u00e9nement, qui avait oblig\u00e9 les instances du sumo \u00e0 se faire envoyer en urgence des remplacements.<\/p>\n<p class=\" wall-content\">\u00ab\u00a0Ils m\u2019ont tous parl\u00e9 de cet incendie et de comment \u00e7a avait \u00e9t\u00e9 je pense assez traumatisant\u00a0\u00bb, raconte David Rothschild. Il y a donc eu \u00ab\u00a0vraiment des pr\u00e9cautions qui ont \u00e9t\u00e9 prises sur l\u2019acheminement du mat\u00e9riel\u00a0\u00bb.<\/p>\n<p class=\" wall-content\"><strong>AFP<\/strong><\/p>\n<p class=\" wall-content\">Personnalisez votre actualit\u00e9 en ajoutant vos villes et m\u00e9dias en favori avec <a href=\"https:\/\/moncompte.actu.fr\" title=\"D\u00e9couvez Mon Actu\" rel=\"nofollow noopener\" data-trk=\"{&quot;cta&quot;:{&quot;action&quot;:&quot;https:\\\/\\\/moncompte.actu.fr&quot;,&quot;category&quot;:&quot;mon compte&quot;,&quot;from&quot;:&quot;article footer&quot;,&quot;name&quot;:&quot;Mon actu&quot;,&quot;type&quot;:&quot;cta&quot;}}\" target=\"_blank\">Mon Actu<\/a>.<\/p>\n","protected":false},"excerpt":{"rendered":"Par Thomas Martin Publi\u00e9 le 13 juin 2026 \u00e0 8h42 Ne rien laisser au hasard. La fine fleur&hellip;\n","protected":false},"author":2,"featured_media":997141,"comment_status":"","ping_status":"","sticky":false,"template":"","format":"standard","meta":{"footnotes":"","_share_on_mastodon":"0"},"categories":[1888],"tags":[29225,1111,1928,11,1927,3062,1777,674,1011,27,1757,12,1926,626,1925,25,517,60],"class_list":["post-997140","post","type-post","status-publish","format-standard","has-post-thumbnail","category-paris","tag-accor-arena-bercy","tag-actu","tag-actu-paris","tag-actualites","tag-actualites-paris","tag-autres-sports","tag-eu","tag-europe","tag-fr","tag-france","tag-insolite","tag-news","tag-news-paris","tag-paris","tag-paris-news","tag-republique-francaise","tag-sport","tag-sports"],"share_on_mastodon":{"url":"https:\/\/pubeurope.com\/@fr\/116741949798230885","error":""},"_links":{"self":[{"href":"https:\/\/www.europesays.com\/fr\/wp-json\/wp\/v2\/posts\/997140","targetHints":{"allow":["GET"]}}],"collection":[{"href":"https:\/\/www.europesays.com\/fr\/wp-json\/wp\/v2\/posts"}],"about":[{"href":"https:\/\/www.europesays.com\/fr\/wp-json\/wp\/v2\/types\/post"}],"author":[{"embeddable":true,"href":"https:\/\/www.europesays.com\/fr\/wp-json\/wp\/v2\/users\/2"}],"replies":[{"embeddable":true,"href":"https:\/\/www.europesays.com\/fr\/wp-json\/wp\/v2\/comments?post=997140"}],"version-history":[{"count":0,"href":"https:\/\/www.europesays.com\/fr\/wp-json\/wp\/v2\/posts\/997140\/revisions"}],"wp:featuredmedia":[{"embeddable":true,"href":"https:\/\/www.europesays.com\/fr\/wp-json\/wp\/v2\/media\/997141"}],"wp:attachment":[{"href":"https:\/\/www.europesays.com\/fr\/wp-json\/wp\/v2\/media?parent=997140"}],"wp:term":[{"taxonomy":"category","embeddable":true,"href":"https:\/\/www.europesays.com\/fr\/wp-json\/wp\/v2\/categories?post=997140"},{"taxonomy":"post_tag","embeddable":true,"href":"https:\/\/www.europesays.com\/fr\/wp-json\/wp\/v2\/tags?post=997140"}],"curies":[{"name":"wp","href":"https:\/\/api.w.org\/{rel}","templated":true}]}}