{"id":99721,"date":"2025-05-14T15:58:08","date_gmt":"2025-05-14T15:58:08","guid":{"rendered":"https:\/\/www.europesays.com\/fr\/99721\/"},"modified":"2025-05-14T15:58:08","modified_gmt":"2025-05-14T15:58:08","slug":"grenoble-ces-ecoles-font-greve-cette-semaine-et-ca-va-durer-des-profs-remontes","status":"publish","type":"post","link":"https:\/\/www.europesays.com\/fr\/99721\/","title":{"rendered":"Grenoble. Ces \u00e9coles font gr\u00e8ve cette semaine et \u00e7a va durer, des profs remont\u00e9s"},"content":{"rendered":"<p>            Par<br \/>\n        <strong><br \/>\n            <a href=\"https:\/\/actu.fr\/auteur\/lisa-rodrigues\" title=\"Consulter tous les articles de Lisa Rodrigues\" target=\"_blank\" rel=\"noopener\">Lisa Rodrigues<\/a><br \/>\n        <\/strong><\/p>\n<p>        Publi\u00e9 le<\/p>\n<p>            14 mai 2025 \u00e0 17h12        <\/p>\n<p>Mardi 13 mai, c\u2019\u00e9tait <strong>jour de gr\u00e8ve<\/strong> nationale dans la fonction publique. \u00c0 <a href=\"https:\/\/actu.fr\/auvergne-rhone-alpes\/grenoble_38185\" target=\"_blank\" rel=\"noopener\">Grenoble<\/a>, les professeurs et personnels \u00e9ducatifs \u00e9taient particuli\u00e8rement repr\u00e9sent\u00e9s, en particulier ceux des <a href=\"https:\/\/actu.fr\/auvergne-rhone-alpes\/grenoble_38185\/grenoble-pas-assez-de-moyens-pour-certains-eleves-ces-ecoles-poussent-un-cri-d-alarme_62262690.html\" target=\"_blank\" rel=\"noopener\">\u00e9coles de la Villeneuve<\/a>, mobilis\u00e9s depuis plusieurs mois pour r\u00e9clamer des moyens concernant l\u2019accueil d\u2019\u00e9l\u00e8ves en situation de handicap.<br \/>Le recteur d\u2019acad\u00e9mie a re\u00e7u des repr\u00e9sentants syndicaux dans l\u2019apr\u00e8s-midi, pour \u00e9changer \u00e0 ce sujet.<\/p>\n<p>Rencontre au rectorat<\/p>\n<p class=\" wall-content\">\u00ab\u00a0L\u2019audience a permis de r\u00e9affirmer une volont\u00e9 partag\u00e9e de dialogue et d\u2019\u00e9coute\u00a0\u00bb et \u00ab\u00a0de formaliser les pr\u00e9occupations remont\u00e9es du terrain, de partager les constats et de d\u00e9gager des pistes d\u2019actions communes\u00a0\u00bb, expliquent les services du rectorat par voie de communiqu\u00e9 de presse.<\/p>\n<p class=\" wall-content\">Des <a href=\"https:\/\/actu.fr\/auvergne-rhone-alpes\/grenoble_38185\/grenoble-greve-dans-les-ecoles-le-rectorat-annonce-du-changement-pour-la-rentree_62594735.html\" target=\"_blank\" rel=\"noopener\">changements pour la rentr\u00e9e<\/a> ont d\u2019ores et d\u00e9j\u00e0 \u00e9t\u00e9 annonc\u00e9s \u00e0 la suite d\u2019une pr\u00e9c\u00e9dente mobilisation d\u2019une soixantaine d\u2019\u00e9coles \u00e0 travers l\u2019Is\u00e8re, d\u00e9but mai. Au terme de cette rencontre, des formations compl\u00e9mentaires sont au programme et pourront \u00ab\u00a0\u00eatre activ\u00e9[es] sans d\u00e9lai\u00a0\u00bb en fonction des besoins des \u00e9tablissements, continue le rectorat.<\/p>\n<p>Les enseignants pas enti\u00e8rement convaincus<\/p>\n<p class=\" wall-content\">Concernant les \u00e9coles de <a href=\"https:\/\/actu.fr\/auvergne-rhone-alpes\/grenoble_38185\/grenoble-ou-en-est-on-du-chantier-du-siecle-a-la-villeneuve_60449360.html\" target=\"_blank\" rel=\"noopener\">la Villeneuve<\/a>, ces annonces sont accueillies avec <strong>scepticisme<\/strong> par les \u00e9quipes \u00e9ducatives.<\/p>\n<p class=\" wall-content\">Le recteur et le directeur acad\u00e9mique sont venus la veille, lundi 12 mai, \u00e0 la rencontre des \u00e9coles du quartier \u00ab\u00a0pour mesurer la temp\u00e9rature\u00a0\u00bb, estime ce petit groupe d\u2019un \u00e9tablissement de la Villeneuve, rencontr\u00e9 par la r\u00e9daction. \u00ab\u00a0On lui a expos\u00e9 nos arguments, il a \u00e9cout\u00e9, mais il n\u2019y a <strong>pas eu d\u2019annonce<\/strong>. On nous a dit que les dispositifs annonc\u00e9s suffiront\u2026\u00a0\u00bb<\/p>\n<p class=\" wall-content\">Une nouvelle enseignante r\u00e9f\u00e9rente handicap est bien arriv\u00e9e sur le secteur de la Villeneuve, mais doit composer avec deux ans de dossiers en attente. \u00ab\u00a0Il a quand m\u00eame fallu qu\u2019on fasse deux jours de gr\u00e8ve pour avoir quelqu\u2019un sur le poste, glisse un autre enseignant. Elle n\u2019est l\u00e0 que jusqu\u2019en septembre pour le moment. \u00c0 voir s\u2019il la maintienne en poste.\u00a0\u00bb\u00a0<\/p>\n<p>La mobilisation continue<\/p>\n<p class=\" wall-content\">\u00c0 la Villeneuve, un appel \u00e0 deux autres journ\u00e9es de gr\u00e8ve a \u00e9t\u00e9 lanc\u00e9e pour mercredi 14 et jeudi 15 mai et <strong>est maintenu<\/strong>.<\/p>\n<p class=\" wall-content\">\u00ab\u00a0Nos coll\u00e8gues restent mobilis\u00e9s et mobilisables. [\u2026] Nous attendons \u00e0 ce que les engagements de M. le Recteur soient traduits en actes et nous souhaitons que les promesses de moyens faites \u00e0 la Villeneuve s\u2019\u00e9largissent aux autres territoires en tension\u00a0\u00bb, indique ce mercredi \u00e0 <a href=\"https:\/\/actu.fr\/grenoble\/\" target=\"_blank\" rel=\"noopener\">actu Grenoble<\/a> les repr\u00e9sentants du collectif d\u2019\u00e9tablissements grenoblois.<\/p>\n<p class=\" wall-content\">D\u2019autres mobilisations sont pr\u00e9vues d\u2019ici la fin de l\u2019ann\u00e9e et \u00ab\u00a0des suites le jour de la rentr\u00e9e 2025-2026 restent envisageables\u00a0\u00bb.<\/p>\n<p class=\" wall-content\">Suivez toute l\u2019actualit\u00e9 de vos villes et m\u00e9dias favoris en vous inscrivant \u00e0 <a href=\"https:\/\/moncompte.actu.fr\" title=\"D\u00e9couvez Mon Actu\" rel=\"nofollow noopener\" data-trk=\"{&quot;cta&quot;:{&quot;action&quot;:&quot;https:\\\/\\\/moncompte.actu.fr&quot;,&quot;category&quot;:&quot;mon compte&quot;,&quot;from&quot;:&quot;article footer&quot;,&quot;name&quot;:&quot;Mon actu&quot;,&quot;type&quot;:&quot;cta&quot;}}\" target=\"_blank\">Mon Actu<\/a>.<\/p>\n","protected":false},"excerpt":{"rendered":"Par Lisa Rodrigues Publi\u00e9 le 14 mai 2025 \u00e0 17h12 Mardi 13 mai, c\u2019\u00e9tait jour de gr\u00e8ve nationale&hellip;\n","protected":false},"author":2,"featured_media":99722,"comment_status":"","ping_status":"","sticky":false,"template":"","format":"standard","meta":{"footnotes":""},"categories":[9566],"tags":[1111,11,2430,1057,1777,674,1011,27,2731,6151,12,25,104],"class_list":{"0":"post-99721","1":"post","2":"type-post","3":"status-publish","4":"format-standard","5":"has-post-thumbnail","7":"category-grenoble","8":"tag-actu","9":"tag-actualites","10":"tag-auvergne-rhone-alpes","11":"tag-education","12":"tag-eu","13":"tag-europe","14":"tag-fr","15":"tag-france","16":"tag-grenoble","17":"tag-greve","18":"tag-news","19":"tag-republique-francaise","20":"tag-societe"},"share_on_mastodon":{"url":"https:\/\/pubeurope.com\/@fr\/114507016130005250","error":""},"_links":{"self":[{"href":"https:\/\/www.europesays.com\/fr\/wp-json\/wp\/v2\/posts\/99721","targetHints":{"allow":["GET"]}}],"collection":[{"href":"https:\/\/www.europesays.com\/fr\/wp-json\/wp\/v2\/posts"}],"about":[{"href":"https:\/\/www.europesays.com\/fr\/wp-json\/wp\/v2\/types\/post"}],"author":[{"embeddable":true,"href":"https:\/\/www.europesays.com\/fr\/wp-json\/wp\/v2\/users\/2"}],"replies":[{"embeddable":true,"href":"https:\/\/www.europesays.com\/fr\/wp-json\/wp\/v2\/comments?post=99721"}],"version-history":[{"count":0,"href":"https:\/\/www.europesays.com\/fr\/wp-json\/wp\/v2\/posts\/99721\/revisions"}],"wp:featuredmedia":[{"embeddable":true,"href":"https:\/\/www.europesays.com\/fr\/wp-json\/wp\/v2\/media\/99722"}],"wp:attachment":[{"href":"https:\/\/www.europesays.com\/fr\/wp-json\/wp\/v2\/media?parent=99721"}],"wp:term":[{"taxonomy":"category","embeddable":true,"href":"https:\/\/www.europesays.com\/fr\/wp-json\/wp\/v2\/categories?post=99721"},{"taxonomy":"post_tag","embeddable":true,"href":"https:\/\/www.europesays.com\/fr\/wp-json\/wp\/v2\/tags?post=99721"}],"curies":[{"name":"wp","href":"https:\/\/api.w.org\/{rel}","templated":true}]}}