{"id":99723,"date":"2025-05-14T15:59:10","date_gmt":"2025-05-14T15:59:10","guid":{"rendered":"https:\/\/www.europesays.com\/fr\/99723\/"},"modified":"2025-05-14T15:59:10","modified_gmt":"2025-05-14T15:59:10","slug":"isere-accusee-de-racisme-anti-blancs-luniversite-de-grenoble-fait-retirer-des-messages-2","status":"publish","type":"post","link":"https:\/\/www.europesays.com\/fr\/99723\/","title":{"rendered":"Is\u00e8re. Accus\u00e9e de \u00ab\u00a0racisme anti-blancs\u00a0\u00bb, l&rsquo;universit\u00e9 de Grenoble fait retirer des messages"},"content":{"rendered":"<p>C&rsquo;est le syndicat \u00e9tudiant UNI, class\u00e9 \u00e0 droite, qui avait lanc\u00e9 l&rsquo;alerte lundi sur le r\u00e9seau social X, rapporte <a href=\"https:\/\/www.ledauphine.com\/societe\/2025\/05\/14\/isere-racisme-anti-blancs-l-universite-grenoble-alpes-retire-des-messages-polemiques\" target=\"_blank\" rel=\"nofollow noopener\">Le Dauphin\u00e9 Lib\u00e9r\u00e9<\/a>.<\/p>\n<p>Des messages \u00ab\u00a0artistiques\u00a0\u00bb inscrits sur les vitres d&rsquo;une galerie de l&rsquo;universit\u00e9 de Grenoble Alpes (UGA) proclamaient par exemple \u00ab Le monde a mal. Normal, il est dirig\u00e9 par les Blancs et les m\u00e2les \u00bb, \u00ab Aux \u00e9checs comme dans la vie, les Blancs ont un coup d\u2019avance \u00bb ou encore \u00ab Le racisme est juste blanc \u00bb.<\/p>\n<p>Ces phrases ont \u00e9t\u00e9 \u00e9labor\u00e9es \u00ab lors d&rsquo;ateliers artistiques par des personnels et des \u00e9tudiants \u00bb dans le cadre du Mois de l\u2019\u00c9galit\u00e9, \u00ab malheureusement certains messages ont \u00e9chapp\u00e9 \u00e0 la vigilance de l&rsquo;UGA et sont incompatibles avec les valeurs \u00bb de l\u2019universit\u00e9, a-t-elle rapidement r\u00e9pondu dans un communiqu\u00e9.<\/p>\n<p>Sur son <a href=\"https:\/\/www.univ-grenoble-alpes.fr\/des-ateliers-street-art-contre-le-racisme-avec-l-artiste-petite-poissone--1573369.kjsp\" target=\"_blank\" rel=\"nofollow noopener\">site<\/a>, la fac \u00e9voquait d\u00e9but avril \u00ab des ateliers street art contre le racisme avec l&rsquo;artiste (grenobloise) Petite Poissone\u00a0\u00bb le mois pr\u00e9c\u00e9dent avec, \u00ab parmi les participants, six \u00e9tudiantes et \u00e9tudiants, et 15 personnels administratifs et enseignants-chercheurs\u00a0\u00bb.<\/p>\n<p>Des messages effac\u00e9s \u00ab dans les plus brefs d\u00e9lais \u00bb<\/p>\n<p>Ces messages, qui \u00ab ne refl\u00e8tent pas la position de l&rsquo;universit\u00e9 \u00bb, seront effac\u00e9s \u00ab dans les plus brefs d\u00e9lais \u00bb, a ajout\u00e9 l&rsquo;\u00e9tablissement, en regrettant qu&rsquo;ils \u00ab aient pu susciter des incompr\u00e9hensions ou heurter la sensibilit\u00e9 de certaines personnes \u00bb.<\/p>\n<p>L&rsquo;UNI avait auparavant d\u00e9nonc\u00e9 dans un communiqu\u00e9 des messages \u00ab racistes et sexistes \u00e0 l&rsquo;encontre des personnes blanches et des hommes \u00bb, qui viseraient selon elle \u00ab \u00e0 propager l\u2019id\u00e9e selon laquelle nous vivrions dans une soci\u00e9t\u00e9 syst\u00e9matiquement raciste \u00bb. Le syndicat a \u00ab somm\u00e9 \u00bb la pr\u00e9sidence de l\u2019UGA de les effacer au plus vite et de \u00ab lancer une enqu\u00eate interne pour identifier les responsables de tels choix \u00bb.<\/p>\n<p class=\"note\">&gt;&gt; Lire l&rsquo;article du <a href=\"https:\/\/www.ledauphine.com\/societe\/2025\/05\/14\/isere-racisme-anti-blancs-l-universite-grenoble-alpes-retire-des-messages-polemiques\" target=\"_blank\" rel=\"nofollow noopener\">Dauphin\u00e9 Lib\u00e9r\u00e9<\/a>.<\/p>\n","protected":false},"excerpt":{"rendered":"C&rsquo;est le syndicat \u00e9tudiant UNI, class\u00e9 \u00e0 droite, qui avait lanc\u00e9 l&rsquo;alerte lundi sur le r\u00e9seau social X,&hellip;\n","protected":false},"author":2,"featured_media":99595,"comment_status":"","ping_status":"","sticky":false,"template":"","format":"standard","meta":{"footnotes":""},"categories":[9566],"tags":[1111,11,2430,1057,4854,1777,674,274,107,1011,27,329,2731,12,25,104],"class_list":{"0":"post-99723","1":"post","2":"type-post","3":"status-publish","4":"format-standard","5":"has-post-thumbnail","7":"category-grenoble","8":"tag-actu","9":"tag-actualites","10":"tag-auvergne-rhone-alpes","11":"tag-education","12":"tag-enseignement-superieur","13":"tag-eu","14":"tag-europe","15":"tag-faits-divers-justice","16":"tag-fil-info","17":"tag-fr","18":"tag-france","19":"tag-france-monde","20":"tag-grenoble","21":"tag-news","22":"tag-republique-francaise","23":"tag-societe"},"share_on_mastodon":{"url":"https:\/\/pubeurope.com\/@fr\/114507019939644585","error":""},"_links":{"self":[{"href":"https:\/\/www.europesays.com\/fr\/wp-json\/wp\/v2\/posts\/99723","targetHints":{"allow":["GET"]}}],"collection":[{"href":"https:\/\/www.europesays.com\/fr\/wp-json\/wp\/v2\/posts"}],"about":[{"href":"https:\/\/www.europesays.com\/fr\/wp-json\/wp\/v2\/types\/post"}],"author":[{"embeddable":true,"href":"https:\/\/www.europesays.com\/fr\/wp-json\/wp\/v2\/users\/2"}],"replies":[{"embeddable":true,"href":"https:\/\/www.europesays.com\/fr\/wp-json\/wp\/v2\/comments?post=99723"}],"version-history":[{"count":0,"href":"https:\/\/www.europesays.com\/fr\/wp-json\/wp\/v2\/posts\/99723\/revisions"}],"wp:featuredmedia":[{"embeddable":true,"href":"https:\/\/www.europesays.com\/fr\/wp-json\/wp\/v2\/media\/99595"}],"wp:attachment":[{"href":"https:\/\/www.europesays.com\/fr\/wp-json\/wp\/v2\/media?parent=99723"}],"wp:term":[{"taxonomy":"category","embeddable":true,"href":"https:\/\/www.europesays.com\/fr\/wp-json\/wp\/v2\/categories?post=99723"},{"taxonomy":"post_tag","embeddable":true,"href":"https:\/\/www.europesays.com\/fr\/wp-json\/wp\/v2\/tags?post=99723"}],"curies":[{"name":"wp","href":"https:\/\/api.w.org\/{rel}","templated":true}]}}