{"id":9973,"date":"2025-04-08T10:35:12","date_gmt":"2025-04-08T10:35:12","guid":{"rendered":"https:\/\/www.europesays.com\/fr\/9973\/"},"modified":"2025-04-08T10:35:12","modified_gmt":"2025-04-08T10:35:12","slug":"le-monde-depasse-les-40-delectricite-propre-leurope-devenant-une-superpuissance-solaire","status":"publish","type":"post","link":"https:\/\/www.europesays.com\/fr\/9973\/","title":{"rendered":"Le monde d\u00e9passe les 40 % d&rsquo;\u00e9lectricit\u00e9 propre, l&rsquo;Europe devenant une \u00ab\u00a0superpuissance solaire\u00a0\u00bb"},"content":{"rendered":"<p><img decoding=\"async\" class=\"c-ad__placeholder__logo\" src=\"https:\/\/www.europesays.com\/fr\/wp-content\/uploads\/2025\/03\/logo-euronews-grey-6-180x22.svg.svg+xml\" width=\"180\" height=\"22\" alt=\"\" loading=\"lazy\"\/>PUBLICIT\u00c9<\/p>\n<p>L&rsquo;ann\u00e9e derni\u00e8re, le monde a produit plus de 40 % de son \u00e9lectricit\u00e9 \u00e0 partir de sources \u00e0 faible teneur en carbone, selon une nouvelle analyse du groupe de r\u00e9flexion sur l&rsquo;\u00e9nergie propre Ember. Il s&rsquo;agit d&rsquo;un record qui n&rsquo;a pas \u00e9t\u00e9 battu depuis les ann\u00e9es 1940, lorsque le r\u00e9seau \u00e9lectrique mondial \u00e9tait 50 fois plus petit qu&rsquo;aujourd&rsquo;hui et que l&rsquo;hydro\u00e9lectricit\u00e9 repr\u00e9sentait la plus grosse part.<\/p>\n<p>Aujourd&rsquo;hui, c&rsquo;est l&rsquo;\u00e9nergie solaire qui monte en fl\u00e8che dans une course cibl\u00e9e pour construire un syst\u00e8me \u00e9lectrique enti\u00e8rement propre. La production mondiale d&rsquo;\u00e9nergie solaire est devenue suffisamment importante pour alimenter l&rsquo;ensemble de l&rsquo;Inde, selon la derni\u00e8re <a href=\"https:\/\/eur03.safelinks.protection.outlook.com\/?url=https%3A%2F%2Fember-energy.org%2Flatest-insights%2Fglobal-electricity-review-2025%2F&amp;data=05%7C02%7Clottie.limb%40euronews.com%7Cabbf68415c744613022908dd75dbb529%7Ce59fa28a32ed49aca5a09c46118cfecf%7C0%7C0%7C638796309086566238%7CUnknown%7CTWFpbGZsb3d8eyJFbXB0eU1hcGkiOnRydWUsIlYiOiIwLjAuMDAwMCIsIlAiOiJXaW4zMiIsIkFOIjoiTWFpbCIsIldUIjoyfQ%3D%3D%7C0%7C%7C%7C&amp;sdata=9xUovQOtiHotD8jP9vQyIso9AKD1j%2BCPppVKYwDEoBE%3D&amp;reserved=0\" target=\"_blank\" rel=\"noreferrer noopener\"><strong>\u00e9tude<\/strong><\/a> d&rsquo;Ember <a href=\"https:\/\/eur03.safelinks.protection.outlook.com\/?url=https%3A%2F%2Fember-energy.org%2Flatest-insights%2Fglobal-electricity-review-2025%2F&amp;data=05%7C02%7Clottie.limb%40euronews.com%7Cabbf68415c744613022908dd75dbb529%7Ce59fa28a32ed49aca5a09c46118cfecf%7C0%7C0%7C638796309086566238%7CUnknown%7CTWFpbGZsb3d8eyJFbXB0eU1hcGkiOnRydWUsIlYiOiIwLjAuMDAwMCIsIlAiOiJXaW4zMiIsIkFOIjoiTWFpbCIsIldUIjoyfQ%3D%3D%7C0%7C%7C%7C&amp;sdata=9xUovQOtiHotD8jP9vQyIso9AKD1j%2BCPppVKYwDEoBE%3D&amp;reserved=0\" target=\"_blank\" rel=\"noreferrer noopener\"><strong>sur l&rsquo;\u00e9lectricit\u00e9 dans<\/strong><\/a> le monde.<\/p>\n<p><img decoding=\"async\" src=\"https:\/\/www.europesays.com\/fr\/wp-content\/uploads\/2025\/03\/icon-cross-10x10-grey-6.svg.svg+xml\" width=\"10\" height=\"10\" alt=\"Close advertising\" fetchpriority=\"high\" loading=\"lazy\"\/><\/p>\n<p>Les \u00e9missions du secteur de l&rsquo;\u00e9lectricit\u00e9 ont \u00e9galement atteint un niveau record l&rsquo;ann\u00e9e derni\u00e8re, avec 14,6 milliards de tonnes de CO2. Cela s&rsquo;explique principalement par la n\u00e9cessit\u00e9 de recourir \u00e0 des technologies de refroidissement en cas de canicule, l&rsquo;ann\u00e9e 2024 ayant \u00e9t\u00e9 la plus chaude jamais enregistr\u00e9e, ce qui souligne l&rsquo;urgence de la transition \u00e9nerg\u00e9tique.<\/p>\n<p>L&rsquo;UE est bien en avance sur la moyenne mondiale, puisqu&rsquo;elle produira 71 % de son \u00e9lectricit\u00e9 \u00e0 partir de sources propres en 2024, dont le nucl\u00e9aire.<\/p>\n<p>\u00ab\u00a0L&rsquo;Europe a consolid\u00e9 son leadership mondial en mati\u00e8re d&rsquo;\u00e9nergie propre\u00a0\u00bb, explique Beatrice Petrovich, analyste senior chez Ember, \u00e0 Euronews Green. En outre, \u00ab\u00a0elle montre au monde comment augmenter la part des \u00e9nergies renouvelables dans le mix\u00a0\u00bb, avec pr\u00e8s de la moiti\u00e9 (47 %) provenant du solaire, de l&rsquo;\u00e9olien et de l&rsquo;hydro\u00e9lectricit\u00e9 l&rsquo;ann\u00e9e derni\u00e8re.<\/p>\n<p>Le solaire n&rsquo;est pas l&rsquo;affaire d&rsquo;un seul pays<\/p>\n<p>La production d&rsquo;\u00e9nergie solaire dans l&rsquo;UE a presque doubl\u00e9 au cours des trois ann\u00e9es pr\u00e9c\u00e9dant 2024, pour repr\u00e9senter 11 % de l&rsquo;\u00e9lectricit\u00e9, d\u00e9passant le charbon pour la premi\u00e8re fois.<\/p>\n<p>Sept \u00c9tats membres se classent parmi les 15 pays o\u00f9 la part de l&rsquo;\u00e9nergie solaire est la plus \u00e9lev\u00e9e au monde. En bref, selon M. Petrovich, \u00ab\u00a0l&rsquo;UE est une superpuissance solaire\u00a0\u00bb.<\/p>\n<p>Certaines r\u00e9alisations nationales m\u00e9ritent d&rsquo;\u00eatre soulign\u00e9es. En termes absolus, l&rsquo;Allemagne a produit 71 TWh d&rsquo;\u00e9nergie solaire l&rsquo;ann\u00e9e derni\u00e8re, ce qui la place au sixi\u00e8me rang mondial, tous les pays \u00e9tant \u00e9clips\u00e9s par la production de 834 TWh de la Chine.<\/p>\n<p>La Hongrie est le pays o\u00f9 la part de l&rsquo;\u00e9nergie solaire dans le mix \u00e9lectrique est la plus \u00e9lev\u00e9e au monde, avec 25 %. \u00ab\u00a0Cela est d\u00fb \u00e0 un g\u00e9n\u00e9reux programme d&rsquo;incitation pour l&rsquo;\u00e9nergie solaire r\u00e9sidentielle qui a stimul\u00e9 la capacit\u00e9\u00a0\u00bb, explique M. Petrovich. \u00ab\u00a0C&rsquo;est fini maintenant, mais les panneaux continueront \u00e0 faire leur travail pendant des d\u00e9cennies.\u00a0\u00bb<\/p>\n<p>L&rsquo;Espagne, quant \u00e0 elle, remporte la palme de la plus forte augmentation de la production solaire en Europe l&rsquo;ann\u00e9e derni\u00e8re. Son augmentation de 10 TWh est \u00e0 nouveau \u00e9clips\u00e9e par les 250 TWh de la Chine. La Chine est \u00e0 l&rsquo;origine de plus de la moiti\u00e9 de l&rsquo;\u00e9volution mondiale de la production d&rsquo;\u00e9lectricit\u00e9, soit un pourcentage impressionnant de 53 %, en 2024.<\/p>\n<p>Mais, en Europe du moins, \u00ab\u00a0l&rsquo;\u00e9nergie solaire n&rsquo;est pas l&rsquo;affaire d&rsquo;un seul pays\u00a0\u00bb, souligne Beatrice Petrovich. \u00ab\u00a0La croissance g\u00e9n\u00e9ralis\u00e9e est r\u00e9v\u00e9latrice de la flexibilit\u00e9 et de l&rsquo;\u00e9volutivit\u00e9 de cette technologie\u00a0\u00bb, ajoute-t-elle. \u00ab\u00a0Il y a une sorte d&rsquo;histoire solaire dans tous les pays maintenant.<\/p>\n<p>M\u00eame avec des conditions m\u00e9t\u00e9orologiques moins optimales qu&rsquo;en 2023, l&rsquo;augmentation du nombre de panneaux, y compris sur les toits, a permis de produire plus d&rsquo;\u00e9lectricit\u00e9. La croissance de la capacit\u00e9 solaire de l&rsquo;UE ne s&rsquo;est pas encore ralentie, malgr\u00e9 un taux de p\u00e9n\u00e9tration \u00e9lev\u00e9.<\/p>\n<p>La Californie, un mod\u00e8le pour l&rsquo;UE ?<\/p>\n<p>Selon M. Petrovich, il est temps que l&rsquo;Europe montre au monde comment faire passer l&rsquo;\u00e9nergie propre \u00e0 la vitesse sup\u00e9rieure. Cela signifie qu&rsquo;elle doit disposer d&rsquo;encore plus d&rsquo;\u00e9nergie solaire et \u00e9olienne et de la flexibilit\u00e9 n\u00e9cessaire pour en tirer le meilleur parti.<\/p>\n<p>Cela implique un portefeuille de solutions, notamment des batteries pour le stockage de l&rsquo;\u00e9nergie, l&rsquo;\u00e9lectrification intelligente des transports, des b\u00e2timents et de l&rsquo;industrie, ainsi qu&rsquo;un r\u00e9seau am\u00e9lior\u00e9 pour d\u00e9placer l&rsquo;\u00e9lectricit\u00e9 d&rsquo;une r\u00e9gion \u00e0 l&rsquo;autre.<\/p>\n<p>\u00ab\u00a0Nous disposons du plus grand r\u00e9seau au monde. Nous devons maintenant le rendre plus intelligent\u00a0\u00bb, explique M. Petrovich, notamment en supprimant les obstacles.<\/p>\n<p><img decoding=\"async\" class=\"c-ad__placeholder__logo\" src=\"https:\/\/www.europesays.com\/fr\/wp-content\/uploads\/2025\/03\/logo-euronews-grey-6-180x22.svg.svg+xml\" width=\"180\" height=\"22\" alt=\"\" loading=\"lazy\"\/>PUBLICIT\u00c9<\/p>\n<p>Des solutions qui r\u00e9compensent les personnes qui modifient leur consommation \u00e0 des moments o\u00f9 les \u00e9nergies renouvelables sont abondantes pourraient \u00e9galement \u00eatre utiles &#8211; par exemple, des incitations tarifaires qui encouragent les conducteurs \u00e0 charger leurs v\u00e9hicules \u00e9lectriques pendant la journ\u00e9e plut\u00f4t que pendant la nuit.<\/p>\n<p>La technologie n\u00e9cessaire existe d\u00e9j\u00e0, ajoute Beatrice Petrovich, et la Californie en est un exemple. L&rsquo;ann\u00e9e derni\u00e8re, l&rsquo;association de l&rsquo;\u00e9nergie solaire et des batteries dans cet \u00c9tat am\u00e9ricain a permis de r\u00e9pondre \u00e0 un cinqui\u00e8me des pics de demande d&rsquo;\u00e9lectricit\u00e9 le soir gr\u00e2ce \u00e0 des batteries charg\u00e9es vers midi.<\/p>\n<p>Il y a trois ans, ce chiffre n&rsquo;\u00e9tait que de 2 %, ce qui est actuellement le cas de certains march\u00e9s cl\u00e9s en Europe qui se lancent dans la technologie des grandes batteries, comme l&rsquo;Irlande. \u00ab\u00a0La Californie est peut-\u00eatre un avant-go\u00fbt de ce que nous verrons en Europe dans trois ans\u00a0\u00bb, sugg\u00e8re-t-elle.<\/p>\n<p>L&rsquo;\u00e9nergie propre est \u00e0 la hauteur des d\u00e9fis mondiaux, de l&rsquo;IA \u00e0 la menace russe<\/p>\n<p>Il existe de nombreuses incertitudes quant \u00e0 ce que l&rsquo;avenir nous r\u00e9serve et \u00e0 la mani\u00e8re dont l&rsquo;histoire de l&rsquo;\u00e9nergie se d\u00e9roulera en 2025. Les technologies \u00e9mergentes telles que l&rsquo;IA, les data centers, les v\u00e9hicules \u00e9lectriques et les pompes \u00e0 chaleur contribuent d\u00e9j\u00e0 \u00e0 l&rsquo;augmentation de la demande mondiale, souligne le rapport.<\/p>\n<p><img decoding=\"async\" class=\"c-ad__placeholder__logo\" src=\"https:\/\/www.europesays.com\/fr\/wp-content\/uploads\/2025\/03\/logo-euronews-grey-6-180x22.svg.svg+xml\" width=\"180\" height=\"22\" alt=\"\" loading=\"lazy\"\/>PUBLICIT\u00c9<\/p>\n<p>Les deux premi\u00e8res sont particuli\u00e8rement \u00ab\u00a0inconnues\u00a0\u00bb, mais Ember pr\u00e9voit que la croissance de l&rsquo;\u00e9nergie propre est suffisamment rapide pour soutenir le taux d&rsquo;augmentation de la demande d&rsquo;\u00e9lectricit\u00e9.<\/p>\n<p>Les vagues de chaleur ont \u00e9t\u00e9 le principal moteur de la l\u00e9g\u00e8re augmentation de la consommation d&rsquo;\u00e9nergie fossile l&rsquo;ann\u00e9e derni\u00e8re et devraient s&rsquo;intensifier \u00e0 mesure que la crise climatique s&rsquo;aggrave. Mais cela ne doit pas signifier que l&rsquo;on doit se rabattre sur les combustibles fossiles.<\/p>\n<p>\u00ab\u00a0Chaque pays est en mesure de r\u00e9pondre \u00e0 l&rsquo;augmentation de la demande avec de l&rsquo;\u00e9lectricit\u00e9 propre\u00a0\u00bb, affirme Mme Petrovich. \u00ab\u00a0Quelques \u00e9quipements facilitent la t\u00e2che\u00a0\u00bb, ajoute-t-elle, \u00ab\u00a0tels que des appareils de refroidissement efficaces.\u00a0\u00bb<\/p>\n<p>L&rsquo;Europe a appris une \u00ab\u00a0dure le\u00e7on\u00a0\u00bb sur la s\u00e9curit\u00e9 \u00e9nerg\u00e9tique apr\u00e8s l&rsquo;invasion totale de l&rsquo;Ukraine par la Russie en 2022, et a depuis augment\u00e9 les \u00e9nergies renouvelables. \u00ab\u00a0Maintenant que la situation est plus tendue avec la Russie, je pense que les pr\u00e9occupations en mati\u00e8re de s\u00e9curit\u00e9 sont plus concr\u00e8tes qu&rsquo;auparavant et que les \u00e9nergies renouvelables sont consid\u00e9r\u00e9es comme une strat\u00e9gie de d\u00e9fense\u00a0\u00bb, explique M. Petrovich.<\/p>\n<p><img decoding=\"async\" class=\"c-ad__placeholder__logo\" src=\"https:\/\/www.europesays.com\/fr\/wp-content\/uploads\/2025\/03\/logo-euronews-grey-6-180x22.svg.svg+xml\" width=\"180\" height=\"22\" alt=\"\" loading=\"lazy\"\/>PUBLICIT\u00c9<\/p>\n<p>Les pays d&rsquo;Europe centrale et orientale sont \u00e0 surveiller en ce qui concerne l&rsquo;\u00e9nergie solaire et les batteries. Beatrice Petrovich se r\u00e9jouit \u00e9galement de voir l&rsquo;\u00e9nergie \u00e9olienne &#8211; qui a g\u00e9n\u00e9r\u00e9 18 % de l&rsquo;\u00e9lectricit\u00e9 de l&rsquo;UE &#8211; s&rsquo;acc\u00e9l\u00e9rer cette ann\u00e9e gr\u00e2ce \u00e0 des autorisations plus rapides et, esp\u00e9rons-le, \u00e0 des conditions plus favorables.<\/p>\n","protected":false},"excerpt":{"rendered":"PUBLICIT\u00c9 L&rsquo;ann\u00e9e derni\u00e8re, le monde a produit plus de 40 % de son \u00e9lectricit\u00e9 \u00e0 partir de sources&hellip;\n","protected":false},"author":2,"featured_media":9974,"comment_status":"","ping_status":"","sticky":false,"template":"","format":"standard","meta":{"footnotes":""},"categories":[1586],"tags":[11,891,579,4915,1777,674,1011,27,12,25,4426],"class_list":{"0":"post-9973","1":"post","2":"type-post","3":"status-publish","4":"format-standard","5":"has-post-thumbnail","7":"category-europe","8":"tag-actualites","9":"tag-batterie","10":"tag-electricite","11":"tag-energies-fossiles","12":"tag-eu","13":"tag-europe","14":"tag-fr","15":"tag-france","16":"tag-news","17":"tag-republique-francaise","18":"tag-transition-energetique"},"share_on_mastodon":{"url":"https:\/\/pubeurope.com\/@fr\/114301902825675005","error":""},"_links":{"self":[{"href":"https:\/\/www.europesays.com\/fr\/wp-json\/wp\/v2\/posts\/9973","targetHints":{"allow":["GET"]}}],"collection":[{"href":"https:\/\/www.europesays.com\/fr\/wp-json\/wp\/v2\/posts"}],"about":[{"href":"https:\/\/www.europesays.com\/fr\/wp-json\/wp\/v2\/types\/post"}],"author":[{"embeddable":true,"href":"https:\/\/www.europesays.com\/fr\/wp-json\/wp\/v2\/users\/2"}],"replies":[{"embeddable":true,"href":"https:\/\/www.europesays.com\/fr\/wp-json\/wp\/v2\/comments?post=9973"}],"version-history":[{"count":0,"href":"https:\/\/www.europesays.com\/fr\/wp-json\/wp\/v2\/posts\/9973\/revisions"}],"wp:featuredmedia":[{"embeddable":true,"href":"https:\/\/www.europesays.com\/fr\/wp-json\/wp\/v2\/media\/9974"}],"wp:attachment":[{"href":"https:\/\/www.europesays.com\/fr\/wp-json\/wp\/v2\/media?parent=9973"}],"wp:term":[{"taxonomy":"category","embeddable":true,"href":"https:\/\/www.europesays.com\/fr\/wp-json\/wp\/v2\/categories?post=9973"},{"taxonomy":"post_tag","embeddable":true,"href":"https:\/\/www.europesays.com\/fr\/wp-json\/wp\/v2\/tags?post=9973"}],"curies":[{"name":"wp","href":"https:\/\/api.w.org\/{rel}","templated":true}]}}