{"id":99738,"date":"2025-05-14T16:07:26","date_gmt":"2025-05-14T16:07:26","guid":{"rendered":"https:\/\/www.europesays.com\/fr\/99738\/"},"modified":"2025-05-14T16:07:26","modified_gmt":"2025-05-14T16:07:26","slug":"a-nantes-les-mediateurs-en-sante-au-plus-pres-des-habitants-des-quartiers","status":"publish","type":"post","link":"https:\/\/www.europesays.com\/fr\/99738\/","title":{"rendered":"\u00c0 Nantes, les m\u00e9diateurs en sant\u00e9 au plus pr\u00e8s des habitants des quartiers"},"content":{"rendered":"<p>Les m\u00e9diatrices et m\u00e9diateurs en sant\u00e9 se d\u00e9ploient progressivement dans l\u2019ensemble des quartiers nantais. La Ville missionne, depuis 2020, l\u2019association les Forges m\u00e9diation, afin d\u2019am\u00e9liorer l\u2019acc\u00e8s aux droits, \u00e0 la pr\u00e9vention et au soin des habitants. Initialement au nombre de trois, ils sont aujourd\u2019hui neuf, avec l\u2019arriv\u00e9e de deux nouveaux m\u00e9diateurs. Ces m\u00e9diateurs, qui travaillent avec <a href=\"https:\/\/nantes.maville.com\/actu\/actudet_-a-nantes-dans-les-maisons-de-quartier-les-salaries-sont-aussi-des-secouristes-en-sante-mentale-_52716-5855237_actu.Htm\" target=\"_blank\" rel=\"noopener\">les professionnels de sant\u00e9<\/a> des quartiers, sont pr\u00e9sents dans l\u2019espace public, aux \u00e9v\u00e9nements de quartier, lors d\u2019ateliers publics, pour aller \u00e0 la rencontre des habitants.<\/p>\n<p><strong>\u00ab\u00a0R\u00e9duire les in\u00e9galit\u00e9s d\u2019acc\u00e8s \u00e0 la sant\u00e9 est notre priorit\u00e9. Cela requiert parfois une approche individualis\u00e9e<\/strong>, pr\u00e9cise Marl\u00e8ne Collineau, adjointe \u00e0 la Ville, charg\u00e9e de la sant\u00e9. <strong>La m\u00e9diation en sant\u00e9 permet d\u2019accompagner des personnes seules, d\u00e9boussol\u00e9es ou r\u00e9ticentes \u00e0 l\u2019\u00e9gard du syst\u00e8me de soins, \u00e0 ouvrir leurs droits en sant\u00e9, \u00e0 recontacter un professionnel de sant\u00e9 et \u00e0 reprendre confiance, tout simplement.\u00a0\u00bb<\/strong><\/p>\n<p>Entre 2020 et 2024, les quartiers o\u00f9 se sont d\u00e9ploy\u00e9s les m\u00e9diateurs sont Bellevue-Chantenay-Sainte-Anne, Breil-Barberie, Nantes-Nord, \u00eele de Nantes, Nantes-Sud, Doulon-Botti\u00e8re, Malakoff-Saint-Donatien\u00a0; et depuis mars\u00a02025, Nantes-Erdre et centre-ville. Les m\u00e9diateurs tout juste recrut\u00e9s r\u00e9alisent d\u2019abord un \u00e9tat des lieux des besoins, en concertation avec les acteurs institutionnels et associatifs locaux, avant d\u2019intervenir aupr\u00e8s des habitants. Dervalli\u00e8res-Zola et Hauts-Pav\u00e9s-Saint-F\u00e9lix sont les deux derniers quartiers concern\u00e9s, \u00e0 partir de septembre\u00a02025. L\u2019\u00e9quipe de m\u00e9diateurs sera alors au complet.<\/p>\n<p>\u00a0<\/p>\n","protected":false},"excerpt":{"rendered":"Les m\u00e9diatrices et m\u00e9diateurs en sant\u00e9 se d\u00e9ploient progressivement dans l\u2019ensemble des quartiers nantais. La Ville missionne, depuis&hellip;\n","protected":false},"author":2,"featured_media":99739,"comment_status":"","ping_status":"","sticky":false,"template":"","format":"standard","meta":{"footnotes":""},"categories":[2818],"tags":[1111,11,1777,674,1011,27,4021,2047,7281,766,12,2636,3762,5116,25,71],"class_list":{"0":"post-99738","1":"post","2":"type-post","3":"status-publish","4":"format-standard","5":"has-post-thumbnail","7":"category-nantes","8":"tag-actu","9":"tag-actualites","10":"tag-eu","11":"tag-europe","12":"tag-fr","13":"tag-france","14":"tag-habitants","15":"tag-mans","16":"tag-mediateurs","17":"tag-nantes","18":"tag-news","19":"tag-pays-de-la-loire","20":"tag-pres","21":"tag-quartiers","22":"tag-republique-francaise","23":"tag-sante"},"share_on_mastodon":{"url":"https:\/\/pubeurope.com\/@fr\/114507051417081793","error":""},"_links":{"self":[{"href":"https:\/\/www.europesays.com\/fr\/wp-json\/wp\/v2\/posts\/99738","targetHints":{"allow":["GET"]}}],"collection":[{"href":"https:\/\/www.europesays.com\/fr\/wp-json\/wp\/v2\/posts"}],"about":[{"href":"https:\/\/www.europesays.com\/fr\/wp-json\/wp\/v2\/types\/post"}],"author":[{"embeddable":true,"href":"https:\/\/www.europesays.com\/fr\/wp-json\/wp\/v2\/users\/2"}],"replies":[{"embeddable":true,"href":"https:\/\/www.europesays.com\/fr\/wp-json\/wp\/v2\/comments?post=99738"}],"version-history":[{"count":0,"href":"https:\/\/www.europesays.com\/fr\/wp-json\/wp\/v2\/posts\/99738\/revisions"}],"wp:featuredmedia":[{"embeddable":true,"href":"https:\/\/www.europesays.com\/fr\/wp-json\/wp\/v2\/media\/99739"}],"wp:attachment":[{"href":"https:\/\/www.europesays.com\/fr\/wp-json\/wp\/v2\/media?parent=99738"}],"wp:term":[{"taxonomy":"category","embeddable":true,"href":"https:\/\/www.europesays.com\/fr\/wp-json\/wp\/v2\/categories?post=99738"},{"taxonomy":"post_tag","embeddable":true,"href":"https:\/\/www.europesays.com\/fr\/wp-json\/wp\/v2\/tags?post=99738"}],"curies":[{"name":"wp","href":"https:\/\/api.w.org\/{rel}","templated":true}]}}