{"id":99742,"date":"2025-05-14T16:09:09","date_gmt":"2025-05-14T16:09:09","guid":{"rendered":"https:\/\/www.europesays.com\/fr\/99742\/"},"modified":"2025-05-14T16:09:09","modified_gmt":"2025-05-14T16:09:09","slug":"la-sncf-annonce-que-la-ligne-est-fortement-impactee","status":"publish","type":"post","link":"https:\/\/www.europesays.com\/fr\/99742\/","title":{"rendered":"la SNCF annonce que la ligne est fortement impact\u00e9e"},"content":{"rendered":"<p>            Par<br \/>\n        <strong><br \/>\n            <a href=\"https:\/\/actu.fr\/auteur\/margotdelpech20\" title=\"Consulter tous les articles de Margot Delpech\" rel=\"nofollow noopener\" target=\"_blank\">Margot Delpech<\/a><br \/>\n        <\/strong><\/p>\n<p>        Publi\u00e9 le<\/p>\n<p>            14 mai 2025 \u00e0 17h52<br \/>\n        ; mis \u00e0 jour le 14 mai 2025 \u00e0 17h53    <\/p>\n<p>Il va falloir s\u2019armer de patience si des <strong>retards et suppressions de trains<\/strong> ont lieu ce jeudi 14 mai 2025 sur la ligne<a href=\"https:\/\/actu.fr\/la-rochelle\/\" rel=\"nofollow noopener\" target=\"_blank\"> La Rochelle<\/a> \u2013 <a href=\"https:\/\/actu.fr\/bordeaux\/\" rel=\"nofollow noopener\" target=\"_blank\">Bordeaux<\/a>. Un <strong>train est tomb\u00e9 en panne<\/strong> \u00e0 Saint-Savinien en d\u00e9but d\u2019apr\u00e8s-midi, sur le d\u00e9partement de la Charente-Maritime. De fait, la circulation sur cette ligne sera <strong>fortement perturb\u00e9e<\/strong> annonce la <a href=\"https:\/\/www.sncf-connect.com\/\" rel=\"nofollow noopener\" target=\"_blank\">SNCF<\/a>.<\/p>\n<p class=\" wall-content\">Il se peut m\u00eame que certains trains soient en retard ou m\u00eame supprim\u00e9s. Pour rester informer de la situation en temps r\u00e9el, rendez-vous <a href=\"https:\/\/www.sncf-connect.com\/billet-train\/horaires\" rel=\"nofollow noopener\" target=\"_blank\">sur le site de la SNCF. <\/a><\/p>\n<p class=\" wall-content\">\n<p class=\" wall-content\">Les \u00e9quipes techniques du transporteur tentent de r\u00e9tablir la situation \u00ab\u00a0au plus vite\u00a0\u00bb, annonce la SNCF sur son compte X en ce d\u00e9but de soir\u00e9e.<\/p>\n<p class=\" wall-content\">Suivez toute l\u2019actualit\u00e9 de vos villes et m\u00e9dias favoris en vous inscrivant \u00e0 <a href=\"https:\/\/moncompte.actu.fr\" title=\"D\u00e9couvez Mon Actu\" rel=\"nofollow noopener\" data-trk=\"{&quot;cta&quot;:{&quot;action&quot;:&quot;https:\\\/\\\/moncompte.actu.fr&quot;,&quot;category&quot;:&quot;mon compte&quot;,&quot;from&quot;:&quot;article footer&quot;,&quot;name&quot;:&quot;Mon actu&quot;,&quot;type&quot;:&quot;cta&quot;}}\" target=\"_blank\">Mon Actu<\/a>.<\/p>\n","protected":false},"excerpt":{"rendered":"Par Margot Delpech Publi\u00e9 le 14 mai 2025 \u00e0 17h52 ; mis \u00e0 jour le 14 mai 2025&hellip;\n","protected":false},"author":2,"featured_media":99743,"comment_status":"","ping_status":"","sticky":false,"template":"","format":"standard","meta":{"footnotes":""},"categories":[2817],"tags":[1111,11,1997,3542,1777,674,1011,27,12,2219,25,2215,104],"class_list":{"0":"post-99742","1":"post","2":"type-post","3":"status-publish","4":"format-standard","5":"has-post-thumbnail","7":"category-bordeaux","8":"tag-actu","9":"tag-actualites","10":"tag-bordeaux","11":"tag-circulation","12":"tag-eu","13":"tag-europe","14":"tag-fr","15":"tag-france","16":"tag-news","17":"tag-nouvelle-aquitaine","18":"tag-republique-francaise","19":"tag-sncf","20":"tag-societe"},"share_on_mastodon":{"url":"https:\/\/pubeurope.com\/@fr\/114507059374192812","error":""},"_links":{"self":[{"href":"https:\/\/www.europesays.com\/fr\/wp-json\/wp\/v2\/posts\/99742","targetHints":{"allow":["GET"]}}],"collection":[{"href":"https:\/\/www.europesays.com\/fr\/wp-json\/wp\/v2\/posts"}],"about":[{"href":"https:\/\/www.europesays.com\/fr\/wp-json\/wp\/v2\/types\/post"}],"author":[{"embeddable":true,"href":"https:\/\/www.europesays.com\/fr\/wp-json\/wp\/v2\/users\/2"}],"replies":[{"embeddable":true,"href":"https:\/\/www.europesays.com\/fr\/wp-json\/wp\/v2\/comments?post=99742"}],"version-history":[{"count":0,"href":"https:\/\/www.europesays.com\/fr\/wp-json\/wp\/v2\/posts\/99742\/revisions"}],"wp:featuredmedia":[{"embeddable":true,"href":"https:\/\/www.europesays.com\/fr\/wp-json\/wp\/v2\/media\/99743"}],"wp:attachment":[{"href":"https:\/\/www.europesays.com\/fr\/wp-json\/wp\/v2\/media?parent=99742"}],"wp:term":[{"taxonomy":"category","embeddable":true,"href":"https:\/\/www.europesays.com\/fr\/wp-json\/wp\/v2\/categories?post=99742"},{"taxonomy":"post_tag","embeddable":true,"href":"https:\/\/www.europesays.com\/fr\/wp-json\/wp\/v2\/tags?post=99742"}],"curies":[{"name":"wp","href":"https:\/\/api.w.org\/{rel}","templated":true}]}}