{"id":99750,"date":"2025-05-14T16:13:10","date_gmt":"2025-05-14T16:13:10","guid":{"rendered":"https:\/\/www.europesays.com\/fr\/99750\/"},"modified":"2025-05-14T16:13:10","modified_gmt":"2025-05-14T16:13:10","slug":"pres-de-lille-une-grande-fete-de-la-biere-musicale-et-gratuite-aura-lieu-ce-dimanche-dans-un-magnifique-parc","status":"publish","type":"post","link":"https:\/\/www.europesays.com\/fr\/99750\/","title":{"rendered":"Pr\u00e8s de Lille. Une grande f\u00eate de la bi\u00e8re musicale et gratuite aura lieu ce dimanche dans un magnifique parc"},"content":{"rendered":"<p>            Par<br \/>\n        <strong><br \/>\n            <a href=\"https:\/\/actu.fr\/auteur\/nicolas-demollien\" title=\"Consulter tous les articles de Nicolas Demollien\" target=\"_blank\" rel=\"noopener\">Nicolas Demollien<\/a><br \/>\n        <\/strong><\/p>\n<p>        Publi\u00e9 le<\/p>\n<p>            14 mai 2025 \u00e0 17h40        <\/p>\n<p>Ce dimanche 18 mai 2025, c\u2019est <b>Wambierchies<\/b> ! Si vous ne connaissez pas cet \u00e9v\u00e9nement, c\u2019est le moment de le d\u00e9couvrir. Il s\u2019agit d\u2019une <b>grande f\u00eate de la bi\u00e8re musicale<\/b> qui se d\u00e9roule dans le <b>magnifique parc de Robersart<\/b> \u00e0 <a href=\"https:\/\/actu.fr\/hauts-de-france\/wambrechies_59636\" target=\"_blank\" rel=\"noopener\">Wambrechies<\/a>, tout pr\u00e8s de <a href=\"https:\/\/actu.fr\/hauts-de-france\/lille_59350\" target=\"_blank\" rel=\"noopener\">Lille<\/a> (Nord). Et comme une bonne nouvelle n\u2019arrive jamais seule, l\u2019<b>entr\u00e9e est gratuite<\/b> !<\/p>\n<p>Ce qui vous attend \u00e0 la f\u00eate de la bi\u00e8re Wambierchies ce dimanche<\/p>\n<p class=\" wall-content\">De 11h \u00e0 19h, vous pourrez rencontrer une dizaine de brasseurs et d\u00e9guster leurs pr\u00e9cieux breuvages. Ce qui est d\u00e9j\u00e0 tr\u00e8s sympa. Mais l\u2019\u00e9v\u00e9nement va bien au-del\u00e0. Sur place, vous trouverez Chicken et ses tatouages \u00e9ph\u00e9m\u00e8res tandis que Sabordage vous proposera de s\u00e9rigraphier vos propres sous-bocks.<\/p>\n<p class=\" wall-content\">Radio Cagette fera monter l\u2019ambiance tandis que trois foodtrucks vous proposeront leurs sp\u00e9cialit\u00e9s :\u00a0\u00a0<\/p>\n<ul class=\" wall-content\">\n<li>Le Petit Truck de Sam et ses frites saucisse,<\/li>\n<li>Cr\u00eaperie Ted avec ses cr\u00eapes sucr\u00e9es &amp; sal\u00e9es toute la journ\u00e9e,<\/li>\n<li>Monsieur Croque avec ses recettes classiques et originales de croque-monsieur.<\/li>\n<\/ul>\n<p class=\" wall-content\">Vous pourrez \u00e9galement assister \u00e0 plusieurs concerts d\u00e8s 14h avec sur la sc\u00e8ne du kiosque Matt Van T. et One-Man Band, avec ses notes d\u2019Hillbilly Country. Les Ukul\u00e9l\u00e9 Boboys seront aussi sur place avec un spectacle tr\u00e8s prometteur d\u00e8s 16h30.<\/p>\n<p>Vid\u00e9os : en ce moment sur Actu<\/p>\n<p class=\" wall-content\">De tr\u00e8s bons moments en perspective !<\/p>\n<p>    <a href=\"https:\/\/www.facebook.com\/plugins\/post.php?href=https%3A%2F%2Fwww.facebook.com%2Fmattvantmusic%2Fposts%2Fpfbid0uDxXu3GMjjZFyTHDyZfmdFuPh31JdVY496FPnLNg8RN19ukcN2Z3yZ8RQaqbC171l&amp;show_text=true&amp;width=350\" title=\"Ouvrie le lien\" target=\"_blank\" rel=\"noopener\">Cliquez ici pour visualiser le contenu<\/a><\/p>\n<p class=\" wall-content\">Plus d\u2019infos sur le site : <a href=\"https:\/\/www.wambrechies.fr\/sur-votre-agenda\/wambierchies\" target=\"_blank\" rel=\"noopener\">wambrechies.fr<\/a>.<\/p>\n<p class=\" wall-content\">Suivez toute l\u2019actualit\u00e9 de vos villes et m\u00e9dias favoris en vous inscrivant \u00e0 <a href=\"https:\/\/moncompte.actu.fr\" title=\"D\u00e9couvez Mon Actu\" rel=\"nofollow noopener\" data-trk=\"{&quot;cta&quot;:{&quot;action&quot;:&quot;https:\\\/\\\/moncompte.actu.fr&quot;,&quot;category&quot;:&quot;mon compte&quot;,&quot;from&quot;:&quot;article footer&quot;,&quot;name&quot;:&quot;Mon actu&quot;,&quot;type&quot;:&quot;cta&quot;}}\" target=\"_blank\">Mon Actu<\/a>.<\/p>\n","protected":false},"excerpt":{"rendered":"Par Nicolas Demollien Publi\u00e9 le 14 mai 2025 \u00e0 17h40 Ce dimanche 18 mai 2025, c\u2019est Wambierchies !&hellip;\n","protected":false},"author":2,"featured_media":99751,"comment_status":"","ping_status":"","sticky":false,"template":"","format":"standard","meta":{"footnotes":""},"categories":[2815],"tags":[1111,11,7722,1777,674,1011,27,811,1307,1652,12,25],"class_list":{"0":"post-99750","1":"post","2":"type-post","3":"status-publish","4":"format-standard","5":"has-post-thumbnail","7":"category-lille","8":"tag-actu","9":"tag-actualites","10":"tag-biere","11":"tag-eu","12":"tag-europe","13":"tag-fr","14":"tag-france","15":"tag-hauts-de-france","16":"tag-lille","17":"tag-loisirs-culture","18":"tag-news","19":"tag-republique-francaise"},"share_on_mastodon":{"url":"https:\/\/pubeurope.com\/@fr\/114507075045344896","error":""},"_links":{"self":[{"href":"https:\/\/www.europesays.com\/fr\/wp-json\/wp\/v2\/posts\/99750","targetHints":{"allow":["GET"]}}],"collection":[{"href":"https:\/\/www.europesays.com\/fr\/wp-json\/wp\/v2\/posts"}],"about":[{"href":"https:\/\/www.europesays.com\/fr\/wp-json\/wp\/v2\/types\/post"}],"author":[{"embeddable":true,"href":"https:\/\/www.europesays.com\/fr\/wp-json\/wp\/v2\/users\/2"}],"replies":[{"embeddable":true,"href":"https:\/\/www.europesays.com\/fr\/wp-json\/wp\/v2\/comments?post=99750"}],"version-history":[{"count":0,"href":"https:\/\/www.europesays.com\/fr\/wp-json\/wp\/v2\/posts\/99750\/revisions"}],"wp:featuredmedia":[{"embeddable":true,"href":"https:\/\/www.europesays.com\/fr\/wp-json\/wp\/v2\/media\/99751"}],"wp:attachment":[{"href":"https:\/\/www.europesays.com\/fr\/wp-json\/wp\/v2\/media?parent=99750"}],"wp:term":[{"taxonomy":"category","embeddable":true,"href":"https:\/\/www.europesays.com\/fr\/wp-json\/wp\/v2\/categories?post=99750"},{"taxonomy":"post_tag","embeddable":true,"href":"https:\/\/www.europesays.com\/fr\/wp-json\/wp\/v2\/tags?post=99750"}],"curies":[{"name":"wp","href":"https:\/\/api.w.org\/{rel}","templated":true}]}}