{"id":997525,"date":"2026-06-13T12:53:37","date_gmt":"2026-06-13T12:53:37","guid":{"rendered":"https:\/\/www.europesays.com\/fr\/997525\/"},"modified":"2026-06-13T12:53:37","modified_gmt":"2026-06-13T12:53:37","slug":"incarnation-les-sculptures-de-fils-de-jeanne-vicerial-semparent-avec-grace-des-musees-daix","status":"publish","type":"post","link":"https:\/\/www.europesays.com\/fr\/997525\/","title":{"rendered":"\u00ab\u00a0Incarnation\u00a0\u00bb : les sculptures de fils de Jeanne Vicerial s&#8217;emparent avec gr\u00e2ce des mus\u00e9es d&rsquo;Aix"},"content":{"rendered":"<p>D&#8217;embl\u00e9e, en p\u00e9n\u00e9trant dans la chapelle de la Visitation, on est saisis par le sentiment d&rsquo;une indicible pr\u00e9sence. On ose \u00e0 peine chuchoter. Face \u00e0 nous, une gisante de tissus, sculpt\u00e9e dans la d\u00e9licatesse de fils blancs. Elle a un gros trou rouge \u00e0 la poitrine : des roses s\u00e9ch\u00e9es et luisantes semblent fermenter en son c\u0153ur. La gr\u00e2ce du fil, la plaie du Fils ? Des fluides paraissent fuir par de plus petites blessures et s&rsquo;\u00e9couler comme une chevelure, tandis que d&rsquo;immenses drap\u00e9s blancs l&rsquo;encadrent et la surplombent, fa\u00e7on lit \u00e0 baldaquin : son \u00e2me monte-t-elle au ciel ? Ou comme le sugg\u00e8re le titre de l&rsquo;exposition, Incarnation, est-elle en train de rena\u00eetre \u00e0 la vie ?<\/p>\n<p>C&rsquo;est toute la tension qui habite l&rsquo;univers puissant et tr\u00e8s coh\u00e9rent de <a href=\"https:\/\/www.laprovence.com\/article\/region\/54451577120872\/les-50-ans-de-la-fondation-vasarely-les-flaneries-dandrea-ferreol-5-expos-a-faire-en-pays-daix-en-juin\" target=\"_blank\" rel=\"nofollow noopener\">la jeune Jeanne Vicerial<\/a>, \u00ab\u00a0entre vuln\u00e9rabilit\u00e9 et r\u00e9sistance, visible et invisible, densit\u00e9 et fugacit\u00e9\u00a0\u00bb, pour reprendre ses mots. \u00ab\u00a0Quel honneur, quelle chance que d&rsquo;avoir quatre lieux pour exposer mes fils et mes fleurs !\u00a0\u00bb, introduit cette artiste textile tr\u00e8s en vue, dont cette exposition-parcours constitue la premi\u00e8re monographie. On la doit \u00e0 la commissaire Christel P\u00e9lissier-Roy, directrice des Mus\u00e9es d&rsquo;art et d&rsquo;histoire d&rsquo;Aix, et \u00e0 la&#8230;<\/p>\n","protected":false},"excerpt":{"rendered":"D&#8217;embl\u00e9e, en p\u00e9n\u00e9trant dans la chapelle de la Visitation, on est saisis par le sentiment d&rsquo;une indicible pr\u00e9sence.&hellip;\n","protected":false},"author":2,"featured_media":997526,"comment_status":"","ping_status":"","sticky":false,"template":"","format":"standard","meta":{"footnotes":"","_share_on_mastodon":"0"},"categories":[1358],"tags":[5734,1348,1384,1385,251,1386,58,59,1742,1011,27,104668,5568,151,80263,10709,104669],"class_list":["post-997525","post","type-post","status-publish","format-standard","has-post-thumbnail","category-arts-et-design","tag-5734","tag-arts","tag-arts-and-design","tag-arts-et-design","tag-culture","tag-design","tag-divertissement","tag-entertainment","tag-fils","tag-fr","tag-france","tag-incarnation","tag-jeanne","tag-les","tag-semparent","tag-sculptures","tag-vicerial"],"share_on_mastodon":{"url":"https:\/\/pubeurope.com\/@fr\/116742901291466078","error":""},"_links":{"self":[{"href":"https:\/\/www.europesays.com\/fr\/wp-json\/wp\/v2\/posts\/997525","targetHints":{"allow":["GET"]}}],"collection":[{"href":"https:\/\/www.europesays.com\/fr\/wp-json\/wp\/v2\/posts"}],"about":[{"href":"https:\/\/www.europesays.com\/fr\/wp-json\/wp\/v2\/types\/post"}],"author":[{"embeddable":true,"href":"https:\/\/www.europesays.com\/fr\/wp-json\/wp\/v2\/users\/2"}],"replies":[{"embeddable":true,"href":"https:\/\/www.europesays.com\/fr\/wp-json\/wp\/v2\/comments?post=997525"}],"version-history":[{"count":0,"href":"https:\/\/www.europesays.com\/fr\/wp-json\/wp\/v2\/posts\/997525\/revisions"}],"wp:featuredmedia":[{"embeddable":true,"href":"https:\/\/www.europesays.com\/fr\/wp-json\/wp\/v2\/media\/997526"}],"wp:attachment":[{"href":"https:\/\/www.europesays.com\/fr\/wp-json\/wp\/v2\/media?parent=997525"}],"wp:term":[{"taxonomy":"category","embeddable":true,"href":"https:\/\/www.europesays.com\/fr\/wp-json\/wp\/v2\/categories?post=997525"},{"taxonomy":"post_tag","embeddable":true,"href":"https:\/\/www.europesays.com\/fr\/wp-json\/wp\/v2\/tags?post=997525"}],"curies":[{"name":"wp","href":"https:\/\/api.w.org\/{rel}","templated":true}]}}