{"id":99756,"date":"2025-05-14T16:16:08","date_gmt":"2025-05-14T16:16:08","guid":{"rendered":"https:\/\/www.europesays.com\/fr\/99756\/"},"modified":"2025-05-14T16:16:08","modified_gmt":"2025-05-14T16:16:08","slug":"pres-de-lyon-ils-tirent-lourdement-armes-dans-la-commune-la-video-publiee-ca-choque","status":"publish","type":"post","link":"https:\/\/www.europesays.com\/fr\/99756\/","title":{"rendered":"Pr\u00e8s de Lyon. Ils tirent lourdement arm\u00e9s dans la commune, la vid\u00e9o publi\u00e9e : \u00ab\u00a0\u00c7a choque\u00a0\u00bb"},"content":{"rendered":"<p>            Par<br \/>\n        <strong><br \/>\n            <a href=\"https:\/\/actu.fr\/auteur\/julien-damboise\" title=\"Consulter tous les articles de Julien Damboise\" rel=\"nofollow noopener\" target=\"_blank\">Julien Damboise<\/a><br \/>\n        <\/strong><\/p>\n<p>        Publi\u00e9 le<\/p>\n<p>            14 mai 2025 \u00e0 17h34        <\/p>\n<p>La commune de <a href=\"https:\/\/actu.fr\/auvergne-rhone-alpes\/meyzieu_69282\" rel=\"nofollow noopener\" target=\"_blank\">Meyzieu<\/a> commence \u00e0 comprendre ce qu\u2019il s\u2019est pass\u00e9 dans la nuit du 5 au 6 mai dernier. Vers 1 h du matin, un quartier a subi un <strong>mitraillage en r\u00e8gle<\/strong> par un commando d\u00e9termin\u00e9 compos\u00e9 de plusieurs individus. Un <a href=\"https:\/\/actu.fr\/auvergne-rhone-alpes\/meyzieu_69282\/pres-de-lyon-les-habitants-de-cette-ville-vivent-l-enfer-les-enfants-ne-dorment-plus_62603302.html\" rel=\"nofollow noopener\" target=\"_blank\">\u00e9pisode de violences<\/a> dans la m\u00e9tropole de <a href=\"https:\/\/actu.fr\/auvergne-rhone-alpes\/lyon_69123\" rel=\"nofollow noopener\" target=\"_blank\">Lyon<\/a> durant lequel les mis en cause<strong> se sont film\u00e9s<\/strong>, avant de diffuser les images sur les r\u00e9seaux sociaux. Une enqu\u00eate est ouverte par la <a href=\"https:\/\/actu.fr\/lyon\/faits-divers\" rel=\"nofollow noopener\" target=\"_blank\">police<\/a>. <br \/>Le maire de la commune Christophe Quiniou r\u00e9pond \u00e0 actu Lyon en <strong>exclusivit\u00e9<\/strong>.<\/p>\n<p>    <a href=\"https:\/\/www.google.com\/maps\/embed?pb=!1m18!1m12!1m3!1d47072.91171799226!2d4.970138348635084!3d45.778499565565234!2m3!1f0!2f0!3f0!3m2!1i1024!2i768!4f13.1!3m3!1m2!1s0x47f4c7093991a91f%3A0xaa34cfe600eae521!2s69330%20Meyzieu!5e1!3m2!1sfr!2sfr!4v1747227001768!5m2!1sfr!2sfr\" title=\"Ouvrie le lien\" rel=\"nofollow noopener\" target=\"_blank\">Cliquez ici pour visualiser le contenu<\/a><\/p>\n<p>Une minute de terreur<\/p>\n<p class=\" wall-content\">La vid\u00e9o, qui dure un peu plus d\u2019une minute, d\u00e9bute <strong>en pleine nuit<\/strong> quand un groupe d\u2019hommes cagoul\u00e9s sort d\u2019une voiture blanche dans le quartier du Mathiolan, du c\u00f4t\u00e9 de la rue Saint-Mathieux, \u00e0 un peu plus d\u2019un kilom\u00e8tre \u00e0 pied du <a href=\"https:\/\/actu.fr\/tag\/groupama-stadium\" rel=\"nofollow noopener\" target=\"_blank\">Groupama Stadium<\/a> de l\u2019autre c\u00f4t\u00e9 de la rocade.<\/p>\n<p class=\" wall-content\">On d\u00e9couvre rapidement les membres d\u2019un v\u00e9ritable commando, lanc\u00e9 au pas de course et <strong>arm\u00e9s de fusils d\u2019assaut<\/strong>, s\u2019engouffrer dans une rue de la commune. \u00ab\u00a0Allez, on y va\u00a0\u00bb, encourage m\u00eame l\u2019un d\u2019eux.<\/p>\n<p>De nombreux tirs<\/p>\n<p class=\" wall-content\">\u00ab\u00a0Bande de fils de pute\u00a0\u00bb est cri\u00e9, puis les premiers tirs r\u00e9sonnent : des <strong>rafales<\/strong> qui d\u00e9livrent un bruit assourdissant.<\/p>\n<p class=\" wall-content\">Les d\u00e9tonations s\u2019encha\u00eenent \u00e0 un rythme terrifiant. On ne comprend pas bien ce qui est cibl\u00e9, mais l\u2019un des auteurs des faits assure aux autres : \u00ab\u00a0Ils sont l\u00e0, filme.\u00a0\u00bb Un autre r\u00e9pond avec un accent du sud prononc\u00e9.<\/p>\n<p class=\" wall-content\">\n<p>Aucun bless\u00e9 mais des impacts<\/p>\n<p class=\" wall-content\">Selon nos informations, environ une quarantaine de balles ont termin\u00e9 contre des fa\u00e7ades d\u2019immeubles d\u2019habitations et des voitures. Par miracle,<strong> aucun bless\u00e9<\/strong> n\u2019est \u00e0 d\u00e9plorer, alors qu\u2019une ogive aurait impact\u00e9 une baie vitr\u00e9e.<\/p>\n<p class=\" wall-content\">Des investigations sont en cours par la police lyonnaise pour tenter de retrouver les tireurs qui ont pris la fuite apr\u00e8s leur action. La piste du <strong>narcotrafic<\/strong> est envisag\u00e9e par les enqu\u00eateurs charg\u00e9s du dossier.<\/p>\n<p>\u00ab\u00a0\u00c7a me d\u00e9sole\u00a0\u00bb<\/p>\n<p class=\" wall-content\">Contact\u00e9 par actu Lyon, le maire de Meyzieu Christophe Quiniou a accept\u00e9 de t\u00e9moigner en exclusivit\u00e9 sur cet \u00e9v\u00e9nement inqui\u00e9tant qui \u00ab\u00a0a choqu\u00e9 les habitants du quartier\u00a0\u00bb.<\/p>\n<p class=\" wall-content\">Il d\u00e9crit un secteur dans lequel il y a bien <strong>un point de deal identifi\u00e9<\/strong>, mais qui n\u2019avait jusqu\u2019alors jamais connu une telle flamb\u00e9e de violence, plut\u00f4t \u00ab\u00a0des probl\u00e9matiques de nuisances, avec des jeunes qui se regroupent ou font des roues arri\u00e8re en scooter, sans de lutte de territoire ou de filtrage \u00e0 l\u2019entr\u00e9e du quartier comme \u00e0 <a href=\"https:\/\/actu.fr\/marseille\/\" rel=\"nofollow noopener\" target=\"_blank\">Marseille<\/a>\u00ab\u00a0.<\/p>\n<p>      <img   decoding=\"async\" loading=\"lazy\" src=\"https:\/\/www.europesays.com\/fr\/wp-content\/uploads\/2025\/05\/maire-meyzieu-960x640.jpg\" alt=\"Le maire LR de Meyzieu, Christophe Quiniou, en col\u00e8re apr\u00e8s l'annulation du d\u00e9placement de Gabriel Attal au groupe scolaire incendi\u00e9.\" width=\"960\" height=\"640\"\/><br \/>\n    Le maire de Meyzieu, Christophe Quiniou. (\u00a9Nicolas Zaugra \/ actu Lyon)<\/p>\n<blockquote class=\"ac-article-quote wall-content\">\n<p>\u00c0 titre personnel, \u00e7a me d\u00e9sole qu&rsquo;il y ait dans ma ville des tirs \u00e0 l&rsquo;arme automatique, on ne s&rsquo;y attendait pas. Quand, en plus, vous \u00eates maire, c&rsquo;est encore pire, vous vous sentez responsable. Ce ne sont pas des violences urbaines, mais des actes de grand banditisme.<\/p>\n<p>    <strong>Christophe Quiniou<\/strong><br \/>\n        Maire de Meyzieu    <\/p><\/blockquote>\n<p class=\" wall-content\">L\u2019\u00e9lu d\u00e9plore en tout cas un acte \u00ab\u00a0pr\u00e9m\u00e9dit\u00e9, film\u00e9 et une volont\u00e9 de communiquer\u00a0\u00bb, et son <strong>manque de levier<\/strong> face \u00e0 la situation : \u00ab\u00a0Si la nuit o\u00f9 se sont d\u00e9roul\u00e9es les tirs, un \u00e9quipage de police municipale passait, ils se seraient fait descendre\u00a0\u00bb.<\/p>\n<p class=\" wall-content\">Suivez toute l\u2019actualit\u00e9 de vos villes et m\u00e9dias favoris en vous inscrivant \u00e0 <a href=\"https:\/\/moncompte.actu.fr\" title=\"D\u00e9couvez Mon Actu\" rel=\"nofollow noopener\" data-trk=\"{&quot;cta&quot;:{&quot;action&quot;:&quot;https:\\\/\\\/moncompte.actu.fr&quot;,&quot;category&quot;:&quot;mon compte&quot;,&quot;from&quot;:&quot;article footer&quot;,&quot;name&quot;:&quot;Mon actu&quot;,&quot;type&quot;:&quot;cta&quot;}}\" target=\"_blank\">Mon Actu<\/a>.<\/p>\n","protected":false},"excerpt":{"rendered":"Par Julien Damboise Publi\u00e9 le 14 mai 2025 \u00e0 17h34 La commune de Meyzieu commence \u00e0 comprendre ce&hellip;\n","protected":false},"author":2,"featured_media":99757,"comment_status":"","ping_status":"","sticky":false,"template":"","format":"standard","meta":{"footnotes":""},"categories":[1889],"tags":[1111,11,2430,1777,674,118,1011,27,2428,813,12,1072,25,133],"class_list":{"0":"post-99756","1":"post","2":"type-post","3":"status-publish","4":"format-standard","5":"has-post-thumbnail","7":"category-lyon","8":"tag-actu","9":"tag-actualites","10":"tag-auvergne-rhone-alpes","11":"tag-eu","12":"tag-europe","13":"tag-faits-divers","14":"tag-fr","15":"tag-france","16":"tag-lyon","17":"tag-narcotrafiquants","18":"tag-news","19":"tag-police","20":"tag-republique-francaise","21":"tag-video"},"share_on_mastodon":{"url":"https:\/\/pubeurope.com\/@fr\/114507087242005552","error":""},"_links":{"self":[{"href":"https:\/\/www.europesays.com\/fr\/wp-json\/wp\/v2\/posts\/99756","targetHints":{"allow":["GET"]}}],"collection":[{"href":"https:\/\/www.europesays.com\/fr\/wp-json\/wp\/v2\/posts"}],"about":[{"href":"https:\/\/www.europesays.com\/fr\/wp-json\/wp\/v2\/types\/post"}],"author":[{"embeddable":true,"href":"https:\/\/www.europesays.com\/fr\/wp-json\/wp\/v2\/users\/2"}],"replies":[{"embeddable":true,"href":"https:\/\/www.europesays.com\/fr\/wp-json\/wp\/v2\/comments?post=99756"}],"version-history":[{"count":0,"href":"https:\/\/www.europesays.com\/fr\/wp-json\/wp\/v2\/posts\/99756\/revisions"}],"wp:featuredmedia":[{"embeddable":true,"href":"https:\/\/www.europesays.com\/fr\/wp-json\/wp\/v2\/media\/99757"}],"wp:attachment":[{"href":"https:\/\/www.europesays.com\/fr\/wp-json\/wp\/v2\/media?parent=99756"}],"wp:term":[{"taxonomy":"category","embeddable":true,"href":"https:\/\/www.europesays.com\/fr\/wp-json\/wp\/v2\/categories?post=99756"},{"taxonomy":"post_tag","embeddable":true,"href":"https:\/\/www.europesays.com\/fr\/wp-json\/wp\/v2\/tags?post=99756"}],"curies":[{"name":"wp","href":"https:\/\/api.w.org\/{rel}","templated":true}]}}