{"id":99758,"date":"2025-05-14T16:17:08","date_gmt":"2025-05-14T16:17:08","guid":{"rendered":"https:\/\/www.europesays.com\/fr\/99758\/"},"modified":"2025-05-14T16:17:08","modified_gmt":"2025-05-14T16:17:08","slug":"lyon-des-opposants-vent-debout-contre-la-zfe-font-pression-sur-la-metropole-pour-lalleger","status":"publish","type":"post","link":"https:\/\/www.europesays.com\/fr\/99758\/","title":{"rendered":"Lyon. Des opposants vent debout contre la ZFE font pression sur la M\u00e9tropole pour l&rsquo;all\u00e9ger"},"content":{"rendered":"<p>            Par<br \/>\n        <strong><br \/>\n            <a href=\"https:\/\/actu.fr\/auteur\/nicolas-zaugra\" title=\"Consulter tous les articles de Nicolas Zaugra\" target=\"_blank\" rel=\"noopener\">Nicolas Zaugra<\/a><br \/>\n        <\/strong><\/p>\n<p>        Publi\u00e9 le<\/p>\n<p>            14 mai 2025 \u00e0 18h09        <\/p>\n<p>Alors que le <a href=\"https:\/\/actu.fr\/auvergne-rhone-alpes\/lyon_69123\/le-gouvernement-bayrou-sauve-la-zfe-dans-la-metropole-de-lyon-malgre-les-critiques_62626789.html\" target=\"_blank\" rel=\"noopener\">gouvernement de Fran\u00e7ois Bayrou est en train de \u00ab\u00a0sauver\u00a0\u00bb la Zone \u00e0 faibles \u00e9missions (ZFE)<\/a> de la m\u00e9tropole de <a href=\"https:\/\/actu.fr\/auvergne-rhone-alpes\/lyon_69123\" target=\"_blank\" rel=\"noopener\">Lyon<\/a> en assouplissant la quarantaine d\u2019autres dans le pays, des \u00e9lus oppos\u00e9s \u00e0 la mesure sont toujours vent debout. Cinquante-six \u00e9lus m\u00e9tropolitains de l\u2019opposition, dont 14 maires, demandent au pr\u00e9sident \u00e9cologiste <a href=\"https:\/\/actu.fr\/auvergne-rhone-alpes\/lyon_69123\/lyon-safran-boycotte-les-villes-ecologistes-bruno-bernard-envoie-des-coups-en-reponse_62528200.html\" target=\"_blank\" rel=\"noopener\">Bruno Bernard<\/a> de renoncer \u00e0 certaines mesures de restrictions de circulation en cours ou envisag\u00e9es.<br \/>Les \u00e9lus de droite et du centre d\u00e9noncent un \u00ab\u00a0manque d\u2019alternatives cr\u00e9dibles pour les habitants \u00e9loign\u00e9s des r\u00e9seaux de transport en commun, des aides financi\u00e8res insuffisantes et peu connues et une extension du p\u00e9rim\u00e8tre et durcissement du calendrier sans r\u00e9elle concertation\u00a0\u00bb. Ils font <strong>des propositions et mettent leurs exigences sur la table<\/strong>.<\/p>\n<p>\u00ab\u00a0Renoncer \u00e0 interdire les Crit\u2019Air 2\u00a0\u00bb et suspendre les Crit\u2019Air 3<\/p>\n<p class=\" wall-content\">Trois groupes d\u2019opposition (La M\u00e9tro Positive, Inventer la M\u00e9tropole de demain, Synergie \u00e9lus et citoyens) r\u00e9clament dans un communiqu\u00e9 commun un \u00ab\u00a0changement de m\u00e9thode\u00a0\u00bb.<\/p>\n<p class=\" wall-content\">Ils demandent aux \u00e9lus \u00e9cologistes : \u00ab\u00a0Le renoncement \u00e0 l\u2019interdiction des Crit\u2019Air 2, qui n\u2019est pas exig\u00e9e par la loi\u00a0\u00bb, une mesure d\u00e9j\u00e0 <a href=\"https:\/\/actu.fr\/auvergne-rhone-alpes\/lyon_69123\/lyon-les-voitures-diesel-interdites-en-2028-nous-pourrons-revoir-cette-date_62060748.html\" target=\"_blank\" rel=\"noopener\">repouss\u00e9e de 2026 \u00e0 2028 par Bruno Bernard<\/a>. Mais aussi \u00ab\u00a0l\u2019ouverture d\u2019un moratoire sur les <a href=\"https:\/\/actu.fr\/auvergne-rhone-alpes\/lyon_69123\/zfe-a-lyon-voici-la-condition-pour-continuer-d-utiliser-vos-vehicules-interdits-en-2025_61983751.html\" target=\"_blank\" rel=\"noopener\">Crit\u2019Air 3<\/a>, le temps d\u2019un vrai bilan d\u2019\u00e9tape\u00a0\u00bb. En clair, suspendre la derni\u00e8re restriction en vigueur qui concerne ce type de v\u00e9hicule en application depuis le 1er janvier 2025.<\/p>\n<p class=\" wall-content\">Les \u00e9lus d\u2019opposition r\u00e9clament \u00e9galement \u00ab\u00a0la mise en place de r\u00e9gimes d\u2019exception permanents pour les professionnels indispensables : sant\u00e9, s\u00e9curit\u00e9, secours\u00a0\u00bb. Ils veulent \u00ab\u00a0une modulation des horaires d\u2019application de la ZFE (nuits, week-ends, jours f\u00e9ri\u00e9s)\u00a0\u00bb et enfin \u00ab\u00a0un renforcement massif des aides financi\u00e8res, assorti d\u2019une vraie campagne d\u2019information et d\u2019un guichet unique de proximit\u00e9\u00a0\u00bb.<\/p>\n<p>Bruno Bernard d\u00e9fend l\u2019int\u00e9r\u00eat de la ZFE<\/p>\n<p class=\" wall-content\">\u00ab\u00a037 communes sur 58, soit 66% des communes, ont d\u2019ores et d\u00e9j\u00e0 adopt\u00e9 ou s\u2019appr\u00eatent \u00e0 adopter ce v\u0153u (lors de leur conseil municipal, NDLR), repr\u00e9sentant pr\u00e8s de 1 300 conseillers municipaux mobilis\u00e9s\u00a0\u00bb, peut-on lire dans la tribune des opposants \u00e0 cette forme de ZFE.\u00a0<\/p>\n<p class=\" wall-content\">Bruno Bernard, pr\u00e9sident (\u00c9cologiste) de la M\u00e9tropole de Lyon, plaidait en tout cas lundi pour le maintien des Zones \u00e0 faibles \u00e9missions, en d\u00e9non\u00e7ant toutefois un manque d\u2019accompagnement de l\u2019\u00c9tat.<\/p>\n<p class=\" wall-content\">\u00ab\u00a0On ne peut pas changer et reculer en permanence sur la sant\u00e9 publique, donc il faut tenir sur cet outil\u00a0\u00bb, disait le pr\u00e9sident Bruno Bernard.\u00a0<\/p>\n<p class=\" wall-content\">Suivez toute l\u2019actualit\u00e9 de vos villes et m\u00e9dias favoris en vous inscrivant \u00e0 <a href=\"https:\/\/moncompte.actu.fr\" title=\"D\u00e9couvez Mon Actu\" rel=\"nofollow noopener\" data-trk=\"{&quot;cta&quot;:{&quot;action&quot;:&quot;https:\\\/\\\/moncompte.actu.fr&quot;,&quot;category&quot;:&quot;mon compte&quot;,&quot;from&quot;:&quot;article footer&quot;,&quot;name&quot;:&quot;Mon actu&quot;,&quot;type&quot;:&quot;cta&quot;}}\" target=\"_blank\">Mon Actu<\/a>.<\/p>\n","protected":false},"excerpt":{"rendered":"Par Nicolas Zaugra Publi\u00e9 le 14 mai 2025 \u00e0 18h09 Alors que le gouvernement de Fran\u00e7ois Bayrou est&hellip;\n","protected":false},"author":2,"featured_media":99759,"comment_status":"","ping_status":"","sticky":false,"template":"","format":"standard","meta":{"footnotes":""},"categories":[1889],"tags":[1111,11,2430,1777,674,1011,27,2808,2428,12,52,1800,25,2433],"class_list":{"0":"post-99758","1":"post","2":"type-post","3":"status-publish","4":"format-standard","5":"has-post-thumbnail","7":"category-lyon","8":"tag-actu","9":"tag-actualites","10":"tag-auvergne-rhone-alpes","11":"tag-eu","12":"tag-europe","13":"tag-fr","14":"tag-france","15":"tag-grand-lyon","16":"tag-lyon","17":"tag-news","18":"tag-planete","19":"tag-pollution","20":"tag-republique-francaise","21":"tag-zone-a-faibles-emissions-zfe"},"share_on_mastodon":{"url":"https:\/\/pubeurope.com\/@fr\/114507090722356530","error":""},"_links":{"self":[{"href":"https:\/\/www.europesays.com\/fr\/wp-json\/wp\/v2\/posts\/99758","targetHints":{"allow":["GET"]}}],"collection":[{"href":"https:\/\/www.europesays.com\/fr\/wp-json\/wp\/v2\/posts"}],"about":[{"href":"https:\/\/www.europesays.com\/fr\/wp-json\/wp\/v2\/types\/post"}],"author":[{"embeddable":true,"href":"https:\/\/www.europesays.com\/fr\/wp-json\/wp\/v2\/users\/2"}],"replies":[{"embeddable":true,"href":"https:\/\/www.europesays.com\/fr\/wp-json\/wp\/v2\/comments?post=99758"}],"version-history":[{"count":0,"href":"https:\/\/www.europesays.com\/fr\/wp-json\/wp\/v2\/posts\/99758\/revisions"}],"wp:featuredmedia":[{"embeddable":true,"href":"https:\/\/www.europesays.com\/fr\/wp-json\/wp\/v2\/media\/99759"}],"wp:attachment":[{"href":"https:\/\/www.europesays.com\/fr\/wp-json\/wp\/v2\/media?parent=99758"}],"wp:term":[{"taxonomy":"category","embeddable":true,"href":"https:\/\/www.europesays.com\/fr\/wp-json\/wp\/v2\/categories?post=99758"},{"taxonomy":"post_tag","embeddable":true,"href":"https:\/\/www.europesays.com\/fr\/wp-json\/wp\/v2\/tags?post=99758"}],"curies":[{"name":"wp","href":"https:\/\/api.w.org\/{rel}","templated":true}]}}