{"id":997590,"date":"2026-06-13T13:27:19","date_gmt":"2026-06-13T13:27:19","guid":{"rendered":"https:\/\/www.europesays.com\/fr\/997590\/"},"modified":"2026-06-13T13:27:19","modified_gmt":"2026-06-13T13:27:19","slug":"girondins-la-plaine-du-haillan-va-beneficier-dun-projet-de-vegetalisation","status":"publish","type":"post","link":"https:\/\/www.europesays.com\/fr\/997590\/","title":{"rendered":"Girondins : la Plaine du Haillan va b\u00e9n\u00e9ficier d&rsquo;un projet de v\u00e9g\u00e9talisation"},"content":{"rendered":"<p><img decoding=\"async\" src=\"https:\/\/www.europesays.com\/fr\/wp-content\/uploads\/2026\/02\/671_c03f91538ed32428912f54bc4fa9eb52.jpg\" alt=\"Girondins : la Plaine du Haillan va b\u00e9n\u00e9ficier d'un projet de v\u00e9g\u00e9talisation\" class=\"img-responsive mt-3\"\/><\/p>\n<p class=\"text-center mb-3\" style=\"font-size: 14px\">\u00a9 Iconsport<\/p>\n<p>      <strong>La Plaine du Haillan int\u00e9gr\u00e9e \u00e0 un programme de compensation carbone<\/strong><\/p>\n<p style=\"text-align: justify;\">Le maire de Bordeaux, Thomas Cazenave, a rencontr\u00e9 Christian Prudhomme afin de lancer une d\u00e9marche de \u00ab\u00a0compensation carbone volontaire\u00a0\u00bb. Celle-ci pr\u00e9voit notamment la plantation d&rsquo;arbres sur plusieurs \u00e9quipements sportifs de la ville et de ses environs afin de favoriser le stockage du carbone et la r\u00e9duction des \u00e9missions de gaz \u00e0 effet de serre.<\/p>\n<p style=\"text-align: justify;\">L&rsquo;objectif est de compenser une partie des \u00e9missions carbone g\u00e9n\u00e9r\u00e9es par les grands \u00e9v\u00e9nements sportifs organis\u00e9s sur le territoire.<\/p>\n<p style=\"text-align: justify;\">La Plaine du Haillan, que <a href=\"https:\/\/www.webgirondins.com\/actualite-girondins-girondins-sparta-capital-vise-aussi-la-plaine-du-haillan-dans-son-projet-de-reprise-133512\" target=\"_blank\" rel=\"noopener nofollow\">Sparta Capital souhaiterait acqu\u00e9rir dans le cadre de son projet de reprise<\/a> des Girondins de Bordeaux, b\u00e9n\u00e9ficiera ainsi de ces am\u00e9nagements. Il est \u00e0 noter que cette op\u00e9ration n&rsquo;aura aucun co\u00fbt pour le club, l&rsquo;\u00e9quipement appartenant \u00e0 la Ville de Bordeaux.<\/p>\n<p><strong>Un dispositif soutenu par le Label bas-carbone<\/strong><\/p>\n<p style=\"text-align: justify;\">Communiqu\u00e9 de la Ville de Bordeaux :<\/p>\n<p style=\"text-align: justify;\">\u00ab\u00a0Le Label bas-carbone cr\u00e9\u00e9 par l\u2019\u00c9tat en 2019, permet de certifier des projets de contribution <br \/>carbone g\u00e9n\u00e9rant des r\u00e9ductions ou des s\u00e9questrations d\u2019\u00e9missions mesurables et v\u00e9rifi\u00e9es. Il <br \/>autorise la mobilisation de financements priv\u00e9s via l\u2019achat de cr\u00e9dits carbone, tout en garantissant <br \/>la transparence et la qualit\u00e9 des impacts \u00e9cologiques.<\/p>\n<p style=\"text-align: justify;\">Dans le partenariat vertueux entre la Ville et le Tour de France, l\u2019initiative repose sur le d\u00e9ploiement <br \/>du Label national \u00ab Ville Arbor\u00e9e \u00bb, qui permet de financer des actions de v\u00e9g\u00e9talisation sur des <br \/>\u00e9quipements sportifs en milieu urbain.<\/p>\n<p style=\"text-align: justify;\">Cette d\u00e9marche permet \u00e0 l\u2019organisateur du Tour, dans le cadre de sa strat\u00e9gie de d\u00e9carbonation, <br \/>de financer des projets locaux directement utiles au territoire et en lien avec la pratique sportive : <br \/>agir ici, l\u00e0 o\u00f9 l\u2019\u00e9v\u00e9nement a lieu, avec des b\u00e9n\u00e9fices visibles et durables.<\/p>\n<p>La Ville envisage les projets de v\u00e9g\u00e9talisation \/ plantation dans les 5 \u00e9quipements sportifs suivants : l\u2019espace <br \/>sportif Galin \/ la piste de Bmx des Aubiers \/ le stade Bel Air \/ la Plaine des sports du Haillan \/ la Plaine des <br \/>sports Colette Besson (sites v\u00e9g\u00e9talis\u00e9s courant 2026 et 2027 en respectant la saisonnalit\u00e9 de plantation : <br \/>135 arbres ; 450 arbustes ; 3800 jeunes plants ; 1100 m\u00b2 de surface d\u00e9simperm\u00e9abilis\u00e9e).\u00a0\u00bb<\/p>\n<p>\u00c0 lire : <strong><a href=\"https:\/\/www.webgirondins.com\/actualite-girondins-n2-le-goal-fc-change-de-dimension-avec-une-nouvelle-fusion-les-joueurs-s-inquietent-133534\" target=\"_blank\" rel=\"noopener nofollow\">N2 : le GOAL FC change de dimension avec une nouvelle fusion, les joueurs s&rsquo;inqui\u00e8tent<\/a><\/strong><\/p>\n<p style=\"text-align: justify;\">\u00c9coutez notre podcast court sur l&rsquo;actu des Girondins :<\/p>\n<p>\u00a0<\/p>\n","protected":false},"excerpt":{"rendered":"\u00a9 Iconsport La Plaine du Haillan int\u00e9gr\u00e9e \u00e0 un programme de compensation carbone Le maire de Bordeaux, Thomas&hellip;\n","protected":false},"author":2,"featured_media":753335,"comment_status":"","ping_status":"","sticky":false,"template":"","format":"standard","meta":{"footnotes":"","_share_on_mastodon":"0"},"categories":[2817],"tags":[1111,11,86019,1997,33781,3335,1446,6769,1777,674,1011,27,1987,6776,2868,12,2219,15199,6775,1095,25,3584,10792],"class_list":["post-997590","post","type-post","status-publish","format-standard","has-post-thumbnail","category-bordeaux","tag-actu","tag-actualites","tag-beneficier","tag-bordeaux","tag-cadre","tag-centre","tag-dans","tag-entrainement","tag-eu","tag-europe","tag-fr","tag-france","tag-girondins","tag-haillan","tag-juillet","tag-news","tag-nouvelle-aquitaine","tag-passage","tag-plaine","tag-projet","tag-republique-francaise","tag-tour","tag-vegetalisation"],"share_on_mastodon":{"url":"https:\/\/pubeurope.com\/@fr\/116743035212246892","error":""},"_links":{"self":[{"href":"https:\/\/www.europesays.com\/fr\/wp-json\/wp\/v2\/posts\/997590","targetHints":{"allow":["GET"]}}],"collection":[{"href":"https:\/\/www.europesays.com\/fr\/wp-json\/wp\/v2\/posts"}],"about":[{"href":"https:\/\/www.europesays.com\/fr\/wp-json\/wp\/v2\/types\/post"}],"author":[{"embeddable":true,"href":"https:\/\/www.europesays.com\/fr\/wp-json\/wp\/v2\/users\/2"}],"replies":[{"embeddable":true,"href":"https:\/\/www.europesays.com\/fr\/wp-json\/wp\/v2\/comments?post=997590"}],"version-history":[{"count":0,"href":"https:\/\/www.europesays.com\/fr\/wp-json\/wp\/v2\/posts\/997590\/revisions"}],"wp:featuredmedia":[{"embeddable":true,"href":"https:\/\/www.europesays.com\/fr\/wp-json\/wp\/v2\/media\/753335"}],"wp:attachment":[{"href":"https:\/\/www.europesays.com\/fr\/wp-json\/wp\/v2\/media?parent=997590"}],"wp:term":[{"taxonomy":"category","embeddable":true,"href":"https:\/\/www.europesays.com\/fr\/wp-json\/wp\/v2\/categories?post=997590"},{"taxonomy":"post_tag","embeddable":true,"href":"https:\/\/www.europesays.com\/fr\/wp-json\/wp\/v2\/tags?post=997590"}],"curies":[{"name":"wp","href":"https:\/\/api.w.org\/{rel}","templated":true}]}}