{"id":99762,"date":"2025-05-14T16:19:08","date_gmt":"2025-05-14T16:19:08","guid":{"rendered":"https:\/\/www.europesays.com\/fr\/99762\/"},"modified":"2025-05-14T16:19:08","modified_gmt":"2025-05-14T16:19:08","slug":"accident-mortel-pres-de-laeroport-la-francilienne-fermee-a-la-circulation","status":"publish","type":"post","link":"https:\/\/www.europesays.com\/fr\/99762\/","title":{"rendered":"accident mortel pr\u00e8s de l\u2019a\u00e9roport, la Francilienne ferm\u00e9e \u00e0 la circulation"},"content":{"rendered":"<p>            Par<br \/>\n        <strong><br \/>\n            <a href=\"https:\/\/actu.fr\/auteur\/l-bourven\" title=\"Consulter tous les articles de Laura Bourven\" rel=\"nofollow noopener\" target=\"_blank\">Laura Bourven<\/a><br \/>\n        <\/strong><\/p>\n<p>        Publi\u00e9 le<\/p>\n<p>            14 mai 2025 \u00e0 17h41        <\/p>\n<p>Grave accident sur <b>l\u2019A104<\/b>, contournement de l\u2019est francilien, \u00e0 hauteur du <a href=\"https:\/\/actu.fr\/ile-de-france\/le-mesnil-amelot_77291\" rel=\"nofollow noopener\" target=\"_blank\">Mesnil-Amelot<\/a> (<a href=\"https:\/\/actu.fr\/ile-de-france\/seine-et-marne_77\" rel=\"nofollow noopener\" target=\"_blank\">Seine-et-Marne<\/a>). Ce mercredi 14\u00a0mai 2025, vers 15\u2009h\u200930, un a<b>ccident mortel <\/b>s\u2019est produit entre deux v\u00e9hicules dont un camion sur la Francilienne, r\u00e9v\u00e8le la pr\u00e9fecture de Seine-et-Marne.<\/p>\n<p class=\" wall-content\">\n<p>Un mort dans l\u2019accident<\/p>\n<p class=\" wall-content\">L\u2019accident a eu lieu au milieu de l\u2019apr\u00e8s-midi. Selon les services de l\u2019\u00c9tat, un poids lourd aurait \u00ab<b>\u2009percut\u00e9 un v\u00e9hicule appartenant \u00e0 la Direction des routes d\u2019\u00cele-de-France (DiRIF)<\/b>, le service public des autoroutes et routes nationales en \u00cele-de-France\u2009\u00bb, sur cette route, dans le sens Le Mesnil-Amelot \u2013 A1.<\/p>\n<p class=\" wall-content\">D\u2019apr\u00e8s le<a href=\"https:\/\/www.sytadin.fr\/\" rel=\"nofollow noopener\" target=\"_blank\"> site Sytadin,<\/a> sp\u00e9cialis\u00e9 dans les informations de circulation sur les routes d\u2019\u00cele-de-France, l\u2019agent routier serait <b>d\u00e9c\u00e9d\u00e9 <\/b>sur le coup. Un <b>h\u00e9licopt\u00e8re <\/b>serait sur place pour \u00e9vacuer la victime.<\/p>\n<p>La Francilienne ferm\u00e9e \u00e0 la circulation<\/p>\n<p class=\" wall-content\">Face \u00e0 la gravit\u00e9 de l\u2019accident, l\u2019A104 a \u00e9t\u00e9 <b>enti\u00e8rement ferm\u00e9e \u00e0 la circulation,<\/b> en direction de l\u2019A1, entre Le Mesnil-Amelot et Louvres, dans le Val-d\u2019Oise. Les v\u00e9hicules sont invit\u00e9s \u00e0 sortir de la Francilienne, au niveau du diffuseur 100, au Mesnil-Amelot.<\/p>\n<p>      <img   decoding=\"async\" loading=\"lazy\" class=\"size-large\" src=\"https:\/\/www.europesays.com\/fr\/wp-content\/uploads\/2025\/05\/69eb0779b42864deb0779b42861fb0v-960x640.jpg\" alt=\"La Francilienne est ferm\u00e9e en direction de l\u2019A1 suite \u00e0 l\u2019accident mortel.\" width=\"960\" height=\"640\"\/><br \/>\n    La Francilienne est ferm\u00e9e en direction de l\u2019A1 suite \u00e0 l\u2019accident mortel. \u00a9Capture d\u2019\u00e9cran SytadinVid\u00e9os : en ce moment sur Actu<\/p>\n<p class=\" wall-content\">\u00a0&gt;&gt;&gt; Plus d\u2019informations \u00e0 venir<\/p>\n<p class=\" wall-content\">Suivez toute l\u2019actualit\u00e9 de vos villes et m\u00e9dias favoris en vous inscrivant \u00e0 <a href=\"https:\/\/moncompte.actu.fr\" title=\"D\u00e9couvez Mon Actu\" rel=\"nofollow noopener\" data-trk=\"{&quot;cta&quot;:{&quot;action&quot;:&quot;https:\\\/\\\/moncompte.actu.fr&quot;,&quot;category&quot;:&quot;mon compte&quot;,&quot;from&quot;:&quot;article footer&quot;,&quot;name&quot;:&quot;Mon actu&quot;,&quot;type&quot;:&quot;cta&quot;}}\" target=\"_blank\">Mon Actu<\/a>.<\/p>\n","protected":false},"excerpt":{"rendered":"Par Laura Bourven Publi\u00e9 le 14 mai 2025 \u00e0 17h41 Grave accident sur l\u2019A104, contournement de l\u2019est francilien,&hellip;\n","protected":false},"author":2,"featured_media":99763,"comment_status":"","ping_status":"","sticky":false,"template":"","format":"standard","meta":{"footnotes":""},"categories":[1592],"tags":[119,1111,11,1777,674,118,1011,27,21423,662,12,626,25],"class_list":{"0":"post-99762","1":"post","2":"type-post","3":"status-publish","4":"format-standard","5":"has-post-thumbnail","7":"category-ile-de-france","8":"tag-accident","9":"tag-actu","10":"tag-actualites","11":"tag-eu","12":"tag-europe","13":"tag-faits-divers","14":"tag-fr","15":"tag-france","16":"tag-francilienne","17":"tag-ile-de-france","18":"tag-news","19":"tag-paris","20":"tag-republique-francaise"},"share_on_mastodon":{"url":"https:\/\/pubeurope.com\/@fr\/114507098772546773","error":""},"_links":{"self":[{"href":"https:\/\/www.europesays.com\/fr\/wp-json\/wp\/v2\/posts\/99762","targetHints":{"allow":["GET"]}}],"collection":[{"href":"https:\/\/www.europesays.com\/fr\/wp-json\/wp\/v2\/posts"}],"about":[{"href":"https:\/\/www.europesays.com\/fr\/wp-json\/wp\/v2\/types\/post"}],"author":[{"embeddable":true,"href":"https:\/\/www.europesays.com\/fr\/wp-json\/wp\/v2\/users\/2"}],"replies":[{"embeddable":true,"href":"https:\/\/www.europesays.com\/fr\/wp-json\/wp\/v2\/comments?post=99762"}],"version-history":[{"count":0,"href":"https:\/\/www.europesays.com\/fr\/wp-json\/wp\/v2\/posts\/99762\/revisions"}],"wp:featuredmedia":[{"embeddable":true,"href":"https:\/\/www.europesays.com\/fr\/wp-json\/wp\/v2\/media\/99763"}],"wp:attachment":[{"href":"https:\/\/www.europesays.com\/fr\/wp-json\/wp\/v2\/media?parent=99762"}],"wp:term":[{"taxonomy":"category","embeddable":true,"href":"https:\/\/www.europesays.com\/fr\/wp-json\/wp\/v2\/categories?post=99762"},{"taxonomy":"post_tag","embeddable":true,"href":"https:\/\/www.europesays.com\/fr\/wp-json\/wp\/v2\/tags?post=99762"}],"curies":[{"name":"wp","href":"https:\/\/api.w.org\/{rel}","templated":true}]}}