{"id":997633,"date":"2026-06-13T13:50:22","date_gmt":"2026-06-13T13:50:22","guid":{"rendered":"https:\/\/www.europesays.com\/fr\/997633\/"},"modified":"2026-06-13T13:50:22","modified_gmt":"2026-06-13T13:50:22","slug":"elues-voilees-contre-je-vous-salue-marie-a-ivry-sur-seine-la-laicite-a-geometrie-variable-du-maire-communiste","status":"publish","type":"post","link":"https:\/\/www.europesays.com\/fr\/997633\/","title":{"rendered":"\u00c9lues voil\u00e9es contre \u00abJe vous salue Marie\u00bb : \u00e0 Ivry-sur-Seine, la la\u00efcit\u00e9 \u00e0 g\u00e9om\u00e9trie variable du maire communiste"},"content":{"rendered":"<p>                                                                                                        <a href=\"https:\/\/www.lefigaro.fr\/politique\/presidentielle-2027-la-machine-a-perdre-est-enclenchee-assure-laurent-wauquiez-20260609\" class=\"fig-ranking-profile-link\" data-fig-domain=\"LEFIGARO\" rel=\"nofollow noopener\" target=\"_blank\"><\/p>\n<p>        Pr\u00e9sidentielle 2027\u00a0: \u00abLa machine \u00e0 perdre est enclench\u00e9e\u00bb, assure Laurent Wauquiez<\/p>\n<p>                                                <\/a><\/p>\n<p>        <img   class=\"fig-img fig-ranking-profile-media-small-picture__photo\" alt=\"Pr\u00e9sidentielle 2027\u00a0: \u00abLa machine \u00e0 perdre est enclench\u00e9e\u00bb, assure Laurent Wauquiez\" height=\"2000\" width=\"3000\"\/><\/p>\n<p class=\"fig-ranking-profile-standfirst\">\n    Le pr\u00e9sident de groupe des d\u00e9put\u00e9s Droite R\u00e9publicaine (DR) met toujours en avant son id\u00e9e de primaire. Il n\u2019\u00e9carte pas la possibilit\u00e9 d\u2019y inclure le parti Renaissance, \u00absi les id\u00e9es sont \u00e0 droite\u00bb.\n<\/p>\n<p>                                                                                                        <a href=\"https:\/\/www.lefigaro.fr\/politique\/les-mecanismes-de-sanction-ne-fonctionnent-pas-apres-la-mort-de-lyhanna-bruno-retailleau-veut-creer-une-cour-disciplinaire-de-la-magistrature-20260606\" class=\"fig-ranking-profile-link\" data-fig-domain=\"LEFIGARO\" rel=\"nofollow noopener\" target=\"_blank\"><\/p>\n<p>        \u00abLes m\u00e9canismes de sanction ne fonctionnent pas\u00bb\u00a0: apr\u00e8s la mort de Lyhanna, Bruno Retailleau veut cr\u00e9er \u00abune cour disciplinaire de la magistrature\u00bb<\/p>\n<p>                                                <\/a><\/p>\n<p>        <img   class=\"fig-img fig-ranking-profile-media-small-picture__photo\" alt=\"\u00abLes m\u00e9canismes de sanction ne fonctionnent pas\u00bb\u00a0: apr\u00e8s la mort de Lyhanna, Bruno Retailleau veut cr\u00e9er \u00abune cour disciplinaire de la magistrature\u00bb\" height=\"1501\" width=\"2669\"\/><\/p>\n<p class=\"fig-ranking-profile-standfirst\">\n    \u00abLes magistrats d\u00e9pendent du Conseil sup\u00e9rieur de la magistrature (CSM) qui est trop corporatiste dans sa composition. Ce qui explique qu\u2019en une quinzaine d\u2019ann\u00e9es, une seule sanction, en l\u2019occurrence un bl\u00e2me, a \u00e9t\u00e9 prise\u00bb, a-t-il assur\u00e9.\n<\/p>\n<p>                                                                                                        <a href=\"https:\/\/www.lefigaro.fr\/politique\/retraite-a-60-ans-l-economie-francaise-peut-se-le-permettre-pretend-bally-bagayoko-lfi-20260608\" class=\"fig-ranking-profile-link\" data-fig-domain=\"LEFIGARO\" rel=\"nofollow noopener\" target=\"_blank\"><\/p>\n<p>        Retraite \u00e0 60 ans\u00a0: \u00abL\u2019\u00e9conomie fran\u00e7aise peut se le permettre\u00bb, pr\u00e9tend Bally Bagayoko (LFI)<\/p>\n<p>                                                <\/a><\/p>\n<p>        <img   class=\"fig-img fig-ranking-profile-media-small-picture__photo\" alt=\"Retraite \u00e0 60 ans\u00a0: \u00abL\u2019\u00e9conomie fran\u00e7aise peut se le permettre\u00bb, pr\u00e9tend Bally Bagayoko (LFI)\" height=\"2117\" width=\"3000\"\/><\/p>\n<p class=\"fig-ranking-profile-standfirst\">\n    En meeting dimanche, Jean-Luc M\u00e9lenchon a r\u00e9it\u00e9r\u00e9 sa promesse d\u2019abaisser l\u2019\u00e2ge de d\u00e9part en retraite \u00e0 60 ans. Une mesure d\u00e9fendue par le maire de Saint-Denis, malgr\u00e9 la d\u00e9gradation des finances publiques.<\/p>\n","protected":false},"excerpt":{"rendered":"Pr\u00e9sidentielle 2027\u00a0: \u00abLa machine \u00e0 perdre est enclench\u00e9e\u00bb, assure Laurent Wauquiez Le pr\u00e9sident de groupe des d\u00e9put\u00e9s Droite&hellip;\n","protected":false},"author":2,"featured_media":997634,"comment_status":"","ping_status":"","sticky":false,"template":"","format":"standard","meta":{"footnotes":"","_share_on_mastodon":"0"},"categories":[2],"tags":[11,1011,27,5318,12648,15430,12,25,3223],"class_list":["post-997633","post","type-post","status-publish","format-standard","has-post-thumbnail","category-actualites","tag-actualites","tag-fr","tag-france","tag-islam","tag-ivry-sur-seine","tag-laicite","tag-news","tag-republique-francaise","tag-voile-islamique"],"share_on_mastodon":{"url":"https:\/\/pubeurope.com\/@fr\/116743125656283429","error":""},"_links":{"self":[{"href":"https:\/\/www.europesays.com\/fr\/wp-json\/wp\/v2\/posts\/997633","targetHints":{"allow":["GET"]}}],"collection":[{"href":"https:\/\/www.europesays.com\/fr\/wp-json\/wp\/v2\/posts"}],"about":[{"href":"https:\/\/www.europesays.com\/fr\/wp-json\/wp\/v2\/types\/post"}],"author":[{"embeddable":true,"href":"https:\/\/www.europesays.com\/fr\/wp-json\/wp\/v2\/users\/2"}],"replies":[{"embeddable":true,"href":"https:\/\/www.europesays.com\/fr\/wp-json\/wp\/v2\/comments?post=997633"}],"version-history":[{"count":0,"href":"https:\/\/www.europesays.com\/fr\/wp-json\/wp\/v2\/posts\/997633\/revisions"}],"wp:featuredmedia":[{"embeddable":true,"href":"https:\/\/www.europesays.com\/fr\/wp-json\/wp\/v2\/media\/997634"}],"wp:attachment":[{"href":"https:\/\/www.europesays.com\/fr\/wp-json\/wp\/v2\/media?parent=997633"}],"wp:term":[{"taxonomy":"category","embeddable":true,"href":"https:\/\/www.europesays.com\/fr\/wp-json\/wp\/v2\/categories?post=997633"},{"taxonomy":"post_tag","embeddable":true,"href":"https:\/\/www.europesays.com\/fr\/wp-json\/wp\/v2\/tags?post=997633"}],"curies":[{"name":"wp","href":"https:\/\/api.w.org\/{rel}","templated":true}]}}