{"id":99768,"date":"2025-05-14T16:22:08","date_gmt":"2025-05-14T16:22:08","guid":{"rendered":"https:\/\/www.europesays.com\/fr\/99768\/"},"modified":"2025-05-14T16:22:08","modified_gmt":"2025-05-14T16:22:08","slug":"en-seine-et-marne-les-bouglione-exposent-les-objets-mythiques-de-leur-cirque-dhiver","status":"publish","type":"post","link":"https:\/\/www.europesays.com\/fr\/99768\/","title":{"rendered":"En Seine-et-Marne, les Bouglione exposent les objets mythiques de leur Cirque d\u2019Hiver"},"content":{"rendered":"<p>            Par<br \/>\n        <strong><br \/>\n            <a href=\"https:\/\/actu.fr\/auteur\/l-bourven\" title=\"Consulter tous les articles de Laura Bourven\" target=\"_blank\" rel=\"noopener\">Laura Bourven<\/a><br \/>\n        <\/strong><\/p>\n<p>        Publi\u00e9 le<\/p>\n<p>            14 mai 2025 \u00e0 16h09        <\/p>\n<p>Une des familles les plus illustres du monde du cirque s\u2019expose dans le Pays de l\u2019Ourcq. <b>La famille Bouglione,<\/b> connue partout en France et originaire de <a href=\"https:\/\/actu.fr\/ile-de-france\/lizy-sur-ourcq_77257\" target=\"_blank\" rel=\"noopener\">Lizy-sur-Ourcq<\/a>, est \u00e0 l\u2019origine de nombreux spectacles itin\u00e9rants et propri\u00e9taire du <b>Cirque d\u2019Hiver<\/b> \u00e0 Paris. Cette histoire, la famille est pr\u00eate \u00e0 la mettre en lumi\u00e8re \u00e0 travers une <b>exposition<\/b>, \u00e0 la Pyramide Jean-Didier, \u00e0 <a href=\"https:\/\/actu.fr\/ile-de-france\/mary-sur-marne_77280\" target=\"_blank\" rel=\"noopener\">Mary-sur-Marne<\/a>, les 18, 21, 24 et 25\u00a0mai 2025 de 14\u2009h \u00e0 18\u2009h et le 17\u00a0mai 2025 de 14\u2009h \u00e0 20\u2009h \u00e0 l\u2019occasion de la Nuit des Mus\u00e9es.<\/p>\n<p>Des pi\u00e8ces uniques de la famille Bouglione<\/p>\n<p class=\" wall-content\">Cette exposition mettra notamment en avant des pi\u00e8ces uniques de la <b>collection \u00ab\u2009\u00c9milien Bouglione\u2009\u00bb, <\/b>petit-fils de Joseph dit Sampion Bouglione, cr\u00e9ateur du cirque, et p\u00e8re de Louis-Sampion Bouglione, directeur du Mus\u00e9e priv\u00e9 du Cirque d\u2019Hiver et co-directeur du Cirque d\u2019Hiver.<\/p>\n<p class=\" wall-content\">Les visiteurs, qui se rendront directement dans la salle Pierre Meutey, d\u00e9couvriront \u00ab\u2009l\u2019univers du cirque comme ils ne l\u2019ont jamais vu\u2009\u00bb assure le Pays de l\u2019Ourcq. Ils y d\u00e9couvriront des <b>affiches l\u00e9gendaires du Cirque d\u2019Hiver<\/b> Bouglione, des <b>costumes <\/b>iconiques, une <b>maquette <\/b>de cirque g\u00e9ante, des <b>accessoires <\/b>et pi\u00e8ces uniques, ou encore des morceaux de pistes dispos\u00e9s partout dans la salle.<\/p>\n<blockquote class=\"ac-article-quote wall-content\">\n<p>Tout est agenc\u00e9 pour inviter au voyage dans le monde du cirque\u2026 La famille Bouglione a souhait\u00e9 ainsi cr\u00e9er des ambiances, fa\u00e7onner des zones distinctes les unes des autres et cr\u00e9er le cheminement id\u00e9al en mode mus\u00e9e.<\/p>\n<p>Pays de l\u2019Ourcq<\/p><\/blockquote>\n<p>Vid\u00e9os : en ce moment sur ActuDeux diffusions des films du Printemps du cin\u00e9ma<\/p>\n<p class=\" wall-content\">Exposition du cirque et Printemps du cin\u00e9ma s\u2019entrem\u00ealent\u2026 Le Pays de l\u2019Ourcq continue la <b>projection de ses films<\/b> ax\u00e9s sur l\u2019univers du cirque au sein de la Pyramide, au c\u0153ur m\u00eame de l\u2019exposition.<\/p>\n<p class=\" wall-content\">Les familles d\u00e9barquent, s\u2019installent comme au cin\u00e9ma avec les chaises, le grand \u00e9cran, la sonorisation, le long-m\u00e9trage. \u00ab\u2009Louis-Sampion Bouglione en profitera alors pour dire quelques mots sur l\u2019exposition, et une fois la projection achev\u00e9e, le public peut continuer de d\u00e9couvrir l\u2019expo et d\u00e9ambuler en salle Meutey parmi les \u0153uvres de la collection expos\u00e9e\u2009\u00bb annonce le Pays de l\u2019Ourcq.<\/p>\n<p class=\" wall-content\">Vendredi 16\u00a0mai 2025 \u00e0 20\u2009h\u200930 est projet\u00e9 \u00ab\u2009<b>Madagascar 3\u2009: bons baisers d\u2019Europe<\/b>\u2009\u00bb, et vendredi 23\u00a0mai 2025 \u00e0 20\u2009h\u200930 est diffus\u00e9 \u00ab\u2009<b>Deux fr\u00e8res<\/b>\u2009\u00bb, de Jean-Jacques Annaud, sorti en 2004. \u00c0 noter que, sp\u00e9cialement \u00e0 l\u2019occasion du Printemps du cin\u00e9ma, la famille Bouglione fait <b>venir des d\u00e9cors du film \u00ab\u2009Deux fr\u00e8res\u2009\u00bb<\/b>. Une chance unique pour tous ceux qui participent \u00e0 la projection du dernier long-m\u00e9trage.<\/p>\n<p>Pour r\u00e9server en avance les places du Printemps du cin\u00e9ma, les habitants peuvent contacter le service culture de la Communaut\u00e9 de communes au 01\u200960\u200961\u200955\u200900. Et pour toutes les derni\u00e8res actualit\u00e9s sur l\u2019exposition, rendez-vous sur le site de la CCPO\u2009: https:\/\/www.paysdelourcq.fr\/evenements\/exposition-bouglione\/<\/p>\n<p class=\" wall-content\">Suivez toute l\u2019actualit\u00e9 de vos villes et m\u00e9dias favoris en vous inscrivant \u00e0 <a href=\"https:\/\/moncompte.actu.fr\" title=\"D\u00e9couvez Mon Actu\" rel=\"nofollow noopener\" data-trk=\"{&quot;cta&quot;:{&quot;action&quot;:&quot;https:\\\/\\\/moncompte.actu.fr&quot;,&quot;category&quot;:&quot;mon compte&quot;,&quot;from&quot;:&quot;article footer&quot;,&quot;name&quot;:&quot;Mon actu&quot;,&quot;type&quot;:&quot;cta&quot;}}\" target=\"_blank\">Mon Actu<\/a>.<\/p>\n","protected":false},"excerpt":{"rendered":"Par Laura Bourven Publi\u00e9 le 14 mai 2025 \u00e0 16h09 Une des familles les plus illustres du monde&hellip;\n","protected":false},"author":2,"featured_media":99769,"comment_status":"","ping_status":"","sticky":false,"template":"","format":"standard","meta":{"footnotes":""},"categories":[1888],"tags":[11,5398,1777,674,1011,27,1652,12,626,25],"class_list":{"0":"post-99768","1":"post","2":"type-post","3":"status-publish","4":"format-standard","5":"has-post-thumbnail","7":"category-paris","8":"tag-actualites","9":"tag-cirque","10":"tag-eu","11":"tag-europe","12":"tag-fr","13":"tag-france","14":"tag-loisirs-culture","15":"tag-news","16":"tag-paris","17":"tag-republique-francaise"},"share_on_mastodon":{"url":"https:\/\/pubeurope.com\/@fr\/114507110342316652","error":""},"_links":{"self":[{"href":"https:\/\/www.europesays.com\/fr\/wp-json\/wp\/v2\/posts\/99768","targetHints":{"allow":["GET"]}}],"collection":[{"href":"https:\/\/www.europesays.com\/fr\/wp-json\/wp\/v2\/posts"}],"about":[{"href":"https:\/\/www.europesays.com\/fr\/wp-json\/wp\/v2\/types\/post"}],"author":[{"embeddable":true,"href":"https:\/\/www.europesays.com\/fr\/wp-json\/wp\/v2\/users\/2"}],"replies":[{"embeddable":true,"href":"https:\/\/www.europesays.com\/fr\/wp-json\/wp\/v2\/comments?post=99768"}],"version-history":[{"count":0,"href":"https:\/\/www.europesays.com\/fr\/wp-json\/wp\/v2\/posts\/99768\/revisions"}],"wp:featuredmedia":[{"embeddable":true,"href":"https:\/\/www.europesays.com\/fr\/wp-json\/wp\/v2\/media\/99769"}],"wp:attachment":[{"href":"https:\/\/www.europesays.com\/fr\/wp-json\/wp\/v2\/media?parent=99768"}],"wp:term":[{"taxonomy":"category","embeddable":true,"href":"https:\/\/www.europesays.com\/fr\/wp-json\/wp\/v2\/categories?post=99768"},{"taxonomy":"post_tag","embeddable":true,"href":"https:\/\/www.europesays.com\/fr\/wp-json\/wp\/v2\/tags?post=99768"}],"curies":[{"name":"wp","href":"https:\/\/api.w.org\/{rel}","templated":true}]}}