{"id":99772,"date":"2025-05-14T16:26:14","date_gmt":"2025-05-14T16:26:14","guid":{"rendered":"https:\/\/www.europesays.com\/fr\/99772\/"},"modified":"2025-05-14T16:26:14","modified_gmt":"2025-05-14T16:26:14","slug":"marches-en-bref-commerce-exterieur-france-ue-chine-russie-etats-unis-arabie-saoudite-syrie-2","status":"publish","type":"post","link":"https:\/\/www.europesays.com\/fr\/99772\/","title":{"rendered":"March\u00e9s, en bref : Commerce ext\u00e9rieur France, UE, Chine, Russie, \u00c9tats-Unis, Arabie Saoudite, Syrie"},"content":{"rendered":"<p><strong>Commerce ext\u00e9rieur (1)<\/strong>\u00a0: le d\u00e9ficit commercial de la <strong>France<\/strong> s\u2019est creus\u00e9 de <strong>2,6 milliards d\u2019euros<\/strong> (Md EUR) au premier trimestre (T1) 2025 par rapport au T4 2024, pour atteindre <strong>\u2013 20,3 Md EUR<\/strong>. Mais il serait <strong>pr\u00e9matur\u00e9<\/strong> d\u2019y voir un effet de la salve tarifaire lanc\u00e9e par l\u2019administration <strong>Trump<\/strong>, car elle est intervenue d\u00e9but avril. Selon la Douane fran\u00e7aise, cette d\u00e9t\u00e9rioration est \u00e0 imputer principalement \u00e0 la hausse des importations d\u2019\u00e9nergie et de produits manufactur\u00e9 (+ 2,1 %, \u00e0172,6 Md EUR) alors que les exportations ont progress\u00e9 moins vite, de 0,6 % (\u00e0 152,3 Md EUR). Ces derni\u00e8res ont \u00e9t\u00e9 port\u00e9es par des <a href=\"https:\/\/www.lemoci.com\/actualites\/actualites\/aeronautique-le-secteur-redecolle-grace-a-lexport\/\" target=\"_blank\" rel=\"noopener nofollow\">livraisons d\u2019avions<\/a> (Cor\u00e9e du Sud, Chili, Gr\u00e8ce, Ethiopie) et d\u2019un paquebot (\u00e0 la Suisse).<\/p>\n<p><strong>Commerce ext\u00e9rieur (3)<\/strong>\u00a0: au T1 2025, les plus fortes d\u00e9t\u00e9riorations de solde commercial ont \u00e9t\u00e9 enregistr\u00e9es avec les zones <strong>Union europ\u00e9enne<\/strong> et <strong>Asie<\/strong> (-1,4 Md EUR chacune, \u00e0 respectivement -7,2 Md et \u2013 15,5 Md EUR). Le solde se d\u00e9grade \u00e9galement avec la zone <strong>Am\u00e9rique<\/strong> (-1,1 Md EUR), avec un groupe de pays (Mexique, Chili, Br\u00e9sil, \u00c9tats-Unis). Avec l\u2019<strong>Afrique<\/strong> (-0,7 Md EUR), la d\u00e9gradation est port\u00e9e par la baisse des livraisons a\u00e9ronautiques \u00e0 l<strong>\u2019\u00c9thiopie<\/strong>, mais aussi qu\u2019au recul des exportations vers l\u2019<strong>Alg\u00e9rie<\/strong>, pays avec lequel la relation bilat\u00e9rale est tendue depuis plusieurs mois. Le solde est exc\u00e9dentaire est s\u2019am\u00e9liore \u00e0 l\u2019inverse avec l\u2019<strong>Europe hors UE<\/strong> (+ 1,5 Md EUR, \u00e0 +3,3 Md), notamment la Suisse et le Royaume-Uni. Idem pour la zone <strong>Proche et Moyen-Orient<\/strong> (+0,3 Md EUR, \u00e0 1,9 Md EUR)), essentiellement gr\u00e2ce au dynamisme des livraison a\u00e9ronautiques \u00e0 l\u2019Arabie saoudite et aux \u00c9mirats arabes unis.<\/p>\n<p><img loading=\"lazy\" decoding=\"async\" class=\"size-medium wp-image-131265\" src=\"https:\/\/www.europesays.com\/fr\/wp-content\/uploads\/2025\/05\/champagne-1-300x200.png\" alt=\"\" width=\"300\" height=\"200\"  \/>Costin79<\/p>\n<p><strong>Commerce ext\u00e9rieur (2)<\/strong> : si les droits de douane am\u00e9ricains n\u2019ont pas jou\u00e9 au T1 2025, puisqu\u2019instaur\u00e9s d\u00e9but avril, apr\u00e8s la p\u00e9riode, la Douane a observ\u00e9 un <strong>boum des exportations de certains produits<\/strong> fran\u00e7ais manifestement motiv\u00e9es par la <strong>constitution de stocks par anticipation<\/strong> outre-Atlantique : ainsi, les exportations de la <a href=\"https:\/\/www.lemoci.com\/actualites\/info-export\/filiere-cuir-les-marches-chinois-et-americain-ont-limite-la-croissance-globale-des-exportations\/\" target=\"_blank\" rel=\"noopener nofollow\"><strong>maroquinerie<\/strong><\/a> vers le march\u00e9 am\u00e9ricain ont bondi de 50 % en mars 2025 par rapport \u00e0 f\u00e9vrier, pour atteindre 90 M EUR. De m\u00eame, d\u00e8s d\u00e9cembre 2024, les exportations de <strong>vin tranquille<\/strong> vers les \u00c9tats-Unis ont doubl\u00e9 par rapport \u00e0 novembre, \u00e0 115 M EUR, et celles de <strong>vins effervescents<\/strong> de 60 %, \u00e0 40 M EUR. Et une \u00ab r\u00e9plique de ce ph\u00e9nom\u00e8ne \u00bb a encore \u00e9t\u00e9 observ\u00e9e en mars, avec + 30 M EUR pour les vins tranquilles et + 20 M EUR pour les effervescents. Par ailleurs, rel\u00e8ve la Douane, les importations fran\u00e7aises de parties de turbor\u00e9acteurs en provenance du <strong>Mexique<\/strong> au T1 2025 ont \u00e9t\u00e9 \u00ab 15 fois sup\u00e9rieures \u00e0 leur niveau habituel \u00bb, soit \u00ab possiblement un contrecoup des droits de douane des \u00c9tats-Unis vis-\u00e0-vis du Mexique \u00bb.<\/p>\n<blockquote>\n<p><strong>La note trimestrielle de la Douane est dans le document Pdf attach\u00e9 \u00e0 cette rubrique, voir plus bas.<\/strong><\/p>\n<\/blockquote>\n<p><strong>UE-Chine\u00a0<\/strong>: quel seront les pays de l\u2019Union europ\u00e9enne (UE) les plus impact\u00e9s par la possible <strong>r\u00e9orientation des exportations chinoises<\/strong> \u00e9conduites du march\u00e9 am\u00e9ricain ? La question pr\u00e9occupe les Europ\u00e9ens. A juste titre. L\u2019<a href=\"https:\/\/www.lemoci.com\/actualites\/actualites\/allemagne-un-plan-de-relance-a-long-terme-pour-rester-la-premiere-economie-deurope\/\" target=\"_blank\" rel=\"noopener nofollow\"><strong>Allemagne<\/strong><\/a> est en premi\u00e8re ligne. D\u2019apr\u00e8s les estimations des \u00e9conomistes d\u2019<strong>Allianz Trade<\/strong>, au cours des trois prochaines ann\u00e9es, le pays pourrait absorber <strong>14 %<\/strong> des d\u00e9tournements commerciaux (importations allemandes globales +2,5 %). Avec des effets plut\u00f4t n\u00e9gatifs \u00e0 terme. \u00ab Cet afflux entra\u00eenera une baisse du prix des intrants chinois et augmentera la valeur ajout\u00e9e (VA) allemande dans la consommation finale jusqu\u2019\u00e0 +0,12 %, analyse Allianz Trade. Mais cette hausse sera compens\u00e9e par une augmentation de +0,47 % de la VA chinoise dans la consommation finale allemande, ce qui indique un d\u00e9placement de la production nationale \u00bb. Environ 50 000 emplois dans le secteur manufacturier (7 % du secteur) sont \u00ab potentiellement menac\u00e9s \u00bb et ces pertes de production locale pourrait co\u00fbter de <strong>0,2 \u00e0 0,3 point de croissance<\/strong> <strong>sur trois ans<\/strong> \u00e0 l\u2019Allemagne. Non sans cons\u00e9quence sur les \u00ab principaux partenaires de la cha\u00eene d\u2019approvisionnement de l\u2019UE, en particulier en Europe de l\u2019Est \u00bb.<\/p>\n<p><strong>UE-Russie :<\/strong> les Vingt-sept ont adopt\u00e9 le 14 mai un <strong>17\u00e8me paquet de sanctions<\/strong> contre la Russie, ciblant une trentaine d\u2019entit\u00e9s et 200 nouveaux <strong>navires \u00ab fant\u00f4mes \u00bb<\/strong> qui permettent \u00e0 Moscou de contourner celles d\u00e9j\u00e0 en place concernant un grands nombre de produits, dont les hydrocarbures. Au total, ce sont pr\u00e8s de 345 navires qui sont d\u00e9sormais dans le collimateur de l\u2019UE. Ces nouvelles sanctions sont toutefois disjointes de celles que pourrait subir Moscou en cas de blocage des n\u00e9gociations avec l\u2019Ukraine.<\/p>\n<p><strong>UE-Japon\u00a0:<\/strong> L\u2019Union europ\u00e9enne (UE) et le Japon ont tenu le 12 mai, \u00e0 Tokyo, leur troisi\u00e8me <a href=\"https:\/\/digital-strategy.ec.europa.eu\/en\/policies\/partnerships\" target=\"_blank\" rel=\"noopener nofollow\">Conseil de partenariat num\u00e9rique<\/a>, dans le but de renforcer leur <strong>coop\u00e9ration technologique et num\u00e9rique<\/strong>. La <a href=\"https:\/\/digital-strategy.ec.europa.eu\/fr\/library\/joint-statement-third-meeting-european-union-japan-digital-partnership-council\" target=\"_blank\" rel=\"noopener nofollow\">d\u00e9claration commune<\/a> est en ligne sur le site de la Commission. <strong>Henna Virkkunen<\/strong>, vice-pr\u00e9sidente ex\u00e9cutive de la Commission charg\u00e9e de la Souverainet\u00e9 technologique, de la s\u00e9curit\u00e9 et de la d\u00e9mocratie a sign\u00e9 le lendemain 13 mai, avec le ministre japonais en charge de la S\u00e9curit\u00e9 \u00e9conomique, <strong>Minoru Kiuchi<\/strong>, une <strong>lettre d\u2019intention<\/strong> afin de \u00ab renforcer la coop\u00e9ration en science et technologie quantiques \u00bb. Le quatri\u00e8me Conseil de partenariat num\u00e9rique est pr\u00e9vu pour 2026, \u00e0 Bruxelles.<\/p>\n<p><strong>\u00c9tats-Unis, Arabie Saoudite<\/strong> : lors de sa visite en Arabie Saoudite le 13 mai, dans le cadre de sa premi\u00e8re tourn\u00e9e officielle en tant que pr\u00e9sident des \u00c9tats-Unis, <strong>Donald Trump<\/strong> \u00e0 sign\u00e9 avec <strong>Mohammed Ben Salman<\/strong>, prince h\u00e9ritier saoudien, un accord de \u00ab\u00a0partenariat \u00e9conomique strat\u00e9gique\u00a0\u00bb\u00a0accompagn\u00e9 de pr\u00e8s de <strong>600 milliards de dollars (Md USD)<\/strong> de promesse d\u2019investissements et de contrats de la part de ses h\u00f4tes. Principaux secteurs concern\u00e9s selon un <a href=\"https:\/\/www.whitehouse.gov\/fact-sheets\/2025\/05\/fact-sheet-president-donald-j-trump-secures-historic-600-billion-investment-commitment-in-saudi-arabia\/\" target=\"_blank\" rel=\"noopener nofollow\">communiqu\u00e9 de la Maison Blanche<\/a> : la d\u00e9fense, avec notamment <strong>142 Md USD<\/strong> d\u2019\u00e9quipements militaires \u00ab\u00a0de pointe\u00a0\u00bb et les nouvelles technologies. Dans ce dernier secteur, sont mentionn\u00e9s un investissements de <strong>20 Md USD<\/strong> du Saoudien Data Volt dans des infrastructures pour l\u2019intelligence artificielle aux \u00c9tats-Unis et des contrats d\u2019achat de technologies pour un montant total de <strong>80 Md USD<\/strong>, impliquant plusieurs groupes am\u00e9ricains dont Google, Oracle, Salesforce et le g\u00e9ant des semi-conducteurs AMD.<\/p>\n<p><strong>Syrie :<\/strong> en visite en Arabie Saoudite dans le cadre de sa tourn\u00e9e dans le Golfe, le pr\u00e9sident Donald Trump a annonc\u00e9 qu\u2019il allait d\u00e9cr\u00e9ter la lev\u00e9e des sanctions instaur\u00e9es par son pays sur la Syrie.<\/p>\n","protected":false},"excerpt":{"rendered":"Commerce ext\u00e9rieur (1)\u00a0: le d\u00e9ficit commercial de la France s\u2019est creus\u00e9 de 2,6 milliards d\u2019euros (Md EUR) au&hellip;\n","protected":false},"author":2,"featured_media":99648,"comment_status":"","ping_status":"","sticky":false,"template":"","format":"standard","meta":{"footnotes":""},"categories":[1591],"tags":[11,4947,309,21193,73,1887,27,635,12,1885,1886,132,32,1778],"class_list":{"0":"post-99772","1":"post","2":"type-post","3":"status-publish","4":"format-standard","5":"has-post-thumbnail","7":"category-russie","8":"tag-actualites","9":"tag-arabie-saoudite","10":"tag-chine","11":"tag-commerce-exterieur","12":"tag-etats-unis","13":"tag-federation-de-russie","14":"tag-france","15":"tag-marches","16":"tag-news","17":"tag-russia","18":"tag-russian-federation","19":"tag-russie","20":"tag-syrie","21":"tag-ue"},"share_on_mastodon":{"url":"https:\/\/pubeurope.com\/@fr\/114507126220470008","error":""},"_links":{"self":[{"href":"https:\/\/www.europesays.com\/fr\/wp-json\/wp\/v2\/posts\/99772","targetHints":{"allow":["GET"]}}],"collection":[{"href":"https:\/\/www.europesays.com\/fr\/wp-json\/wp\/v2\/posts"}],"about":[{"href":"https:\/\/www.europesays.com\/fr\/wp-json\/wp\/v2\/types\/post"}],"author":[{"embeddable":true,"href":"https:\/\/www.europesays.com\/fr\/wp-json\/wp\/v2\/users\/2"}],"replies":[{"embeddable":true,"href":"https:\/\/www.europesays.com\/fr\/wp-json\/wp\/v2\/comments?post=99772"}],"version-history":[{"count":0,"href":"https:\/\/www.europesays.com\/fr\/wp-json\/wp\/v2\/posts\/99772\/revisions"}],"wp:featuredmedia":[{"embeddable":true,"href":"https:\/\/www.europesays.com\/fr\/wp-json\/wp\/v2\/media\/99648"}],"wp:attachment":[{"href":"https:\/\/www.europesays.com\/fr\/wp-json\/wp\/v2\/media?parent=99772"}],"wp:term":[{"taxonomy":"category","embeddable":true,"href":"https:\/\/www.europesays.com\/fr\/wp-json\/wp\/v2\/categories?post=99772"},{"taxonomy":"post_tag","embeddable":true,"href":"https:\/\/www.europesays.com\/fr\/wp-json\/wp\/v2\/tags?post=99772"}],"curies":[{"name":"wp","href":"https:\/\/api.w.org\/{rel}","templated":true}]}}