{"id":99781,"date":"2025-05-14T16:31:15","date_gmt":"2025-05-14T16:31:15","guid":{"rendered":"https:\/\/www.europesays.com\/fr\/99781\/"},"modified":"2025-05-14T16:31:15","modified_gmt":"2025-05-14T16:31:15","slug":"cisse-celebre-leurope","status":"publish","type":"post","link":"https:\/\/www.europesays.com\/fr\/99781\/","title":{"rendered":"Ciss\u00e9 c\u00e9l\u00e8bre l\u2019Europe"},"content":{"rendered":"<p>Le mois de mai rev\u00eat traditionnellement une importance particuli\u00e8re pour la commune de Ciss\u00e9. Chaque ann\u00e9e, diverses manifestations sont organis\u00e9es \u00e0 l\u2019initiative de l\u2019association <a target=\"_blank\" href=\"https:\/\/www.cisse.fr\/contacts\/amis-de-leurope\/\" rel=\"noopener\">les Amis de l\u2019Europe<\/a>, avec le soutien de la municipalit\u00e9. Ces \u00e9v\u00e9nements visent \u00e0 c\u00e9l\u00e9brer les liens europ\u00e9ens et \u00e0 sensibiliser la population, notamment les jeunes, \u00e0 la construction europ\u00e9enne.\u00a0Le 9\u00a0mai, Journ\u00e9e de l\u2019Europe, constitue ainsi l\u2019un des temps forts de ces c\u00e9l\u00e9brations, avec un d\u00e9fil\u00e9 de drapeaux \u00e9toil\u00e9s, des discours et un pique-nique convivial au jardin de l\u2019Europe.<\/p>\n<p>En amont de cette journ\u00e9e, une rencontre avait \u00e9t\u00e9 organis\u00e9e \u00e0 l\u2019\u00e9cole de Puy-Lonchard, \u00e0 la demande de son directeur, Patrice Fouquet. En pr\u00e9sence de Martine Garnier, pr\u00e9sidente\u00a0des Amis de l\u2019Europe, les \u00e9l\u00e8ves ont \u00e9t\u00e9 invit\u00e9s \u00e0 participer \u00e0 un projet \u00e9ducatif impliquant une quinzaine d\u2019\u00e9coles des communes jumel\u00e9es avec Ciss\u00e9. Chaque \u00e9tablissement devait concevoir un ou plusieurs arbres symboliques, sur lesquels les \u00e9l\u00e8ves accrochaient, dans leur langue, un message de remerciement adress\u00e9 \u00e0 l\u2019Europe.<\/p>\n<p>Travail sur les pays membres de l\u2019Union<\/p>\n<p>Au cours de cette intervention, le r\u00f4le de l\u2019association et ses actions ont \u00e9t\u00e9 expliqu\u00e9s aux \u00e9l\u00e8ves. Ces derniers ont \u00e9t\u00e9 encourag\u00e9s \u00e0 poursuivre cet engagement dans les ann\u00e9es \u00e0 venir, notamment \u00e0 travers l\u2019apprentissage des langues \u00e9trang\u00e8res, dont l\u2019anglais, d\u00e9j\u00e0 valoris\u00e9 au sein de l\u2019\u00e9tablissement labellis\u00e9 Euroscol.<\/p>\n<p>Dans la continuit\u00e9 du projet, ils seront prochainement r\u00e9partis en groupes pour travailler sur les 27 pays membres de l\u2019Union europ\u00e9enne, avec l\u2019accompagnement des membres de l\u2019association. Deux jeunes habitantes de Ciss\u00e9 viendront par ailleurs t\u00e9moigner de leurs exp\u00e9riences de voyages en Europe. \u00c0 travers la pr\u00e9sentation de documents retra\u00e7ant leurs s\u00e9jours, elles mettront en lumi\u00e8re la richesse des \u00e9changes culturels et les opportunit\u00e9s offertes par l\u2019ouverture europ\u00e9enne.<\/p>\n","protected":false},"excerpt":{"rendered":"Le mois de mai rev\u00eat traditionnellement une importance particuli\u00e8re pour la commune de Ciss\u00e9. Chaque ann\u00e9e, diverses manifestations&hellip;\n","protected":false},"author":2,"featured_media":99782,"comment_status":"","ping_status":"","sticky":false,"template":"","format":"standard","meta":{"footnotes":""},"categories":[1586],"tags":[11,21425,1674,1057,1777,674,1011,27,12,25],"class_list":{"0":"post-99781","1":"post","2":"type-post","3":"status-publish","4":"format-standard","5":"has-post-thumbnail","7":"category-europe","8":"tag-actualites","9":"tag-cisse","10":"tag-communes","11":"tag-education","12":"tag-eu","13":"tag-europe","14":"tag-fr","15":"tag-france","16":"tag-news","17":"tag-republique-francaise"},"share_on_mastodon":{"url":"https:\/\/pubeurope.com\/@fr\/114507145838862719","error":""},"_links":{"self":[{"href":"https:\/\/www.europesays.com\/fr\/wp-json\/wp\/v2\/posts\/99781","targetHints":{"allow":["GET"]}}],"collection":[{"href":"https:\/\/www.europesays.com\/fr\/wp-json\/wp\/v2\/posts"}],"about":[{"href":"https:\/\/www.europesays.com\/fr\/wp-json\/wp\/v2\/types\/post"}],"author":[{"embeddable":true,"href":"https:\/\/www.europesays.com\/fr\/wp-json\/wp\/v2\/users\/2"}],"replies":[{"embeddable":true,"href":"https:\/\/www.europesays.com\/fr\/wp-json\/wp\/v2\/comments?post=99781"}],"version-history":[{"count":0,"href":"https:\/\/www.europesays.com\/fr\/wp-json\/wp\/v2\/posts\/99781\/revisions"}],"wp:featuredmedia":[{"embeddable":true,"href":"https:\/\/www.europesays.com\/fr\/wp-json\/wp\/v2\/media\/99782"}],"wp:attachment":[{"href":"https:\/\/www.europesays.com\/fr\/wp-json\/wp\/v2\/media?parent=99781"}],"wp:term":[{"taxonomy":"category","embeddable":true,"href":"https:\/\/www.europesays.com\/fr\/wp-json\/wp\/v2\/categories?post=99781"},{"taxonomy":"post_tag","embeddable":true,"href":"https:\/\/www.europesays.com\/fr\/wp-json\/wp\/v2\/tags?post=99781"}],"curies":[{"name":"wp","href":"https:\/\/api.w.org\/{rel}","templated":true}]}}